{"id":14376,"date":"2023-11-20T12:37:15","date_gmt":"2023-11-20T16:37:15","guid":{"rendered":"http:\/\/www.emater.ro.gov.br\/ematerro\/?p=14376"},"modified":"2023-11-20T12:37:15","modified_gmt":"2023-11-20T16:37:15","slug":"governo-de-rondonia-realiza-acoes-para-fomentar-a-economia-nas-comunidades-quilombolas","status":"publish","type":"post","link":"http:\/\/www.emater.ro.gov.br\/ematerro\/2023\/11\/20\/governo-de-rondonia-realiza-acoes-para-fomentar-a-economia-nas-comunidades-quilombolas\/","title":{"rendered":"Governo de Rond\u00f4nia realiza a\u00e7\u00f5es para fomentar a economia nas comunidades quilombolas"},"content":{"rendered":"\n<figure class=\"wp-block-image size-large\"><img decoding=\"async\" loading=\"lazy\" width=\"1024\" height=\"768\" src=\"http:\/\/www.emater.ro.gov.br\/ematerro\/wp-content\/uploads\/2023\/11\/20231120-quilombola_emater_foto-jaqueline-ribeiro-rosa_14-11-1-1024x768.jpg\" alt=\"\" class=\"wp-image-14377\" srcset=\"http:\/\/www.emater.ro.gov.br\/ematerro\/wp-content\/uploads\/2023\/11\/20231120-quilombola_emater_foto-jaqueline-ribeiro-rosa_14-11-1-1024x768.jpg 1024w, http:\/\/www.emater.ro.gov.br\/ematerro\/wp-content\/uploads\/2023\/11\/20231120-quilombola_emater_foto-jaqueline-ribeiro-rosa_14-11-1-300x225.jpg 300w, http:\/\/www.emater.ro.gov.br\/ematerro\/wp-content\/uploads\/2023\/11\/20231120-quilombola_emater_foto-jaqueline-ribeiro-rosa_14-11-1-768x576.jpg 768w, http:\/\/www.emater.ro.gov.br\/ematerro\/wp-content\/uploads\/2023\/11\/20231120-quilombola_emater_foto-jaqueline-ribeiro-rosa_14-11-1-640x480.jpg 640w, http:\/\/www.emater.ro.gov.br\/ematerro\/wp-content\/uploads\/2023\/11\/20231120-quilombola_emater_foto-jaqueline-ribeiro-rosa_14-11-1.jpg 1280w\" sizes=\"(max-width: 1024px) 100vw, 1024px\" \/><figcaption class=\"wp-element-caption\"><strong> <sup><em>A comunidade de Pedras Negras possui potencial para o turismo. No local, h\u00e1 nove pousadas.<\/em><\/sup><\/strong><\/figcaption><\/figure>\n\n\n\n<p>No dia 20 de novembro \u00e9 comemorado o Dia da Consci\u00eancia Negra no Brasil, data que marca a morte de um dos mais expressivos l\u00edderes quilombolas, Zumbi dos Palmares, e traz uma reflex\u00e3o sobre a luta dos negros por oportunidades e uma vida digna. No Estado, o Governo de Rond\u00f4nia destina pol\u00edticas p\u00fablicas para fomentar a economia e melhorar a qualidade de vida das fam\u00edlias quilombolas.<\/p>\n\n\n\n<p>Conforme o Observat\u00f3rio Quilombola, existem oito comunidades tradicionais de Rond\u00f4nia, localizadas no Vale do Guapor\u00e9, nos munic\u00edpios de Costa Marques (Santa F\u00e9 e Forte Pr\u00edncipe da Beira); S\u00e3o Francisco do Guapor\u00e9 (Pedras Negras do Guapor\u00e9 e Santo Ant\u00f4nio do Guapor\u00e9); S\u00e3o Miguel do Guapor\u00e9 (Jesus); Alta Floresta do Oeste (Rolim de Moura do Guapor\u00e9) e Pimenteiras do Oeste (Laranjeiras e de Santa Cruz).<\/p>\n\n\n\n<p>O governador Marcos Rocha destacou que, as comunidades remanescentes quilombolas s\u00e3o ouvidas e atendidas pelo Governo de Rond\u00f4nia, por meio das visitas t\u00e9cnicas com atendimentos gratuitos cont\u00ednuos, prestados pelos extensionistas da Entidade Aut\u00e1rquica de Assist\u00eancia T\u00e9cnica e Extens\u00e3o Rural do Estado de Rond\u00f4nia (Emater-RO). &#8220;As comunidades quilombolas do nosso Estado est\u00e3o localizadas em uma regi\u00e3o cheia de belezas naturais e rica em biodiversidade, e encontram apoio do Governo para defender o meio ambiente e desenvolver produ\u00e7\u00f5es sustent\u00e1veis a fim de melhorar a qualidade de vida\u2019\u2019, afirmou o governador.<\/p>\n\n\n\n<p><strong>COMERCIALIZA\u00c7\u00c3O DO PIRARUCU<\/strong><\/p>\n\n\n\n<p>Um exemplo da defesa conjunta do equil\u00edbrio do ecossistema, entre o Governo e os quilombolas, \u00e9 o controle de manejo do pirarucu. Essa esp\u00e9cie de peixe invadiu os rios da bacia do Guapor\u00e9 e devora outras esp\u00e9cies nativas de interesse econ\u00f4mico e alimentar para as popula\u00e7\u00f5es tradicionais. A solu\u00e7\u00e3o encontrada foi comercializar o peixe.<\/p>\n\n\n<div class=\"wp-block-image\">\n<figure class=\"alignright size-large is-resized\"><img decoding=\"async\" loading=\"lazy\" src=\"http:\/\/www.emater.ro.gov.br\/ematerro\/wp-content\/uploads\/2023\/11\/20231120-quilombola_emater_foto-jaqueline-ribeiro-rosa_14-11-2-1024x602.jpg\" alt=\"\" class=\"wp-image-14378\" width=\"476\" height=\"279\" srcset=\"http:\/\/www.emater.ro.gov.br\/ematerro\/wp-content\/uploads\/2023\/11\/20231120-quilombola_emater_foto-jaqueline-ribeiro-rosa_14-11-2-1024x602.jpg 1024w, http:\/\/www.emater.ro.gov.br\/ematerro\/wp-content\/uploads\/2023\/11\/20231120-quilombola_emater_foto-jaqueline-ribeiro-rosa_14-11-2-300x176.jpg 300w, http:\/\/www.emater.ro.gov.br\/ematerro\/wp-content\/uploads\/2023\/11\/20231120-quilombola_emater_foto-jaqueline-ribeiro-rosa_14-11-2-768x452.jpg 768w, http:\/\/www.emater.ro.gov.br\/ematerro\/wp-content\/uploads\/2023\/11\/20231120-quilombola_emater_foto-jaqueline-ribeiro-rosa_14-11-2.jpg 1280w\" sizes=\"(max-width: 476px) 100vw, 476px\" \/><figcaption class=\"wp-element-caption\"><em><sup><strong>A comunidade passou por capacita\u00e7\u00f5es para captura e processamento do Pirarucu.<\/strong><\/sup><\/em><\/figcaption><\/figure><\/div>\n\n\n<p>A comunidade quilombola Pedras Negras, envolvida na atividade em S\u00e3o Francisco do Guapor\u00e9, recebeu assist\u00eancia para emiss\u00e3o do Registro Geral de Pescador Profissional, e passou por capacita\u00e7\u00f5es para captura, processamento de pescado, inclusive produ\u00e7\u00e3o de embutidos com carne de Pirarucu para a comercializa\u00e7\u00e3o do peixe.<\/p>\n\n\n\n<p>O trabalho \u00e9 realizado por extensionistas da Entidade Aut\u00e1rquica de Assist\u00eancia T\u00e9cnica e Extens\u00e3o Rural de Rond\u00f4nia (Emater-RO), agentes ambientais da Secretaria Estadual de Meio Ambiente (Sedam), pesquisadores da Funda\u00e7\u00e3o de Amparo \u00e0 Pesquisa (Fapero) e da Universidade Federal de Rond\u00f4nia (Unir), juntamente aos pescadores de comunidades ribeirinhas da regi\u00e3o.<\/p>\n\n\n\n<p><strong>BOAS PR\u00c1TICAS EM TURISMO<\/strong><br>A comunidade de Pedras Negras possui um potencial para o turismo. No local, h\u00e1 cerca de 37 fam\u00edlias e nove pousadas. Para ajud\u00e1-los, a Emater-RO realiza treinamento de atendimento ao turismo com a comunidade. Tanto as fam\u00edlias respons\u00e1veis pelas pousadas como as das demais casas da comunidade foram ensinadas, tamb\u00e9m por t\u00e9cnicos da Emater-RO a cultivar hortas dom\u00e9sticas para a diversifica\u00e7\u00e3o da alimenta\u00e7\u00e3o.<\/p>\n\n\n<div class=\"wp-block-image\">\n<figure class=\"alignleft size-full is-resized\"><img decoding=\"async\" loading=\"lazy\" src=\"http:\/\/www.emater.ro.gov.br\/ematerro\/wp-content\/uploads\/2023\/11\/20231120-quilombola_pedras-negras_foto-franvisco-edvaldo-mendes-17112023-1.jpg\" alt=\"\" class=\"wp-image-14379\" width=\"426\" height=\"303\" srcset=\"http:\/\/www.emater.ro.gov.br\/ematerro\/wp-content\/uploads\/2023\/11\/20231120-quilombola_pedras-negras_foto-franvisco-edvaldo-mendes-17112023-1.jpg 1012w, http:\/\/www.emater.ro.gov.br\/ematerro\/wp-content\/uploads\/2023\/11\/20231120-quilombola_pedras-negras_foto-franvisco-edvaldo-mendes-17112023-1-300x213.jpg 300w, http:\/\/www.emater.ro.gov.br\/ematerro\/wp-content\/uploads\/2023\/11\/20231120-quilombola_pedras-negras_foto-franvisco-edvaldo-mendes-17112023-1-768x546.jpg 768w\" sizes=\"(max-width: 426px) 100vw, 426px\" \/><figcaption class=\"wp-element-caption\"><sup><em><strong>Quilombola Francisco Edvaldo Mendes agradece sustentabilidade praticada com apoio do Governo.<\/strong><\/em><\/sup><\/figcaption><\/figure><\/div>\n\n\n<p>Al\u00e9m disso, para impulsionar a cafeicultura na comunidade, o Governo de Rond\u00f4nia destinou em 2022, gratuitamente, cerca de quatro mil mudas de caf\u00e9 clonal do programa estadual Plante Mais, para assegurar um plantio sustent\u00e1vel e lucrativo. A comunidade tamb\u00e9m recebeu sementes de urucum e assist\u00eancia para o plantio em 2,5 hectares. Essa \u00e9 uma atividade agr\u00edcola considerada de baixo custo e com uma produtividade significativa.<\/p>\n\n\n\n<p>Propriet\u00e1rio de um das pousadas de Pedras Negra e produtor rural, Francisco Edvaldo Mendes destacou o quanto as a\u00e7\u00f5es do Governo de Rond\u00f4nia t\u00eam impactado positivamente a vida da comunidade. \u201dQuero agradecer ao Governo que atrav\u00e9s da equipe da Emater-RO muito contribuiu para o desenvolvimento de nossa sustentabilidade, desde as hortas, fabrica\u00e7\u00e3o caseira de lingui\u00e7a e o curso de manejo do Pirarucu, em parceria com a Sedam. S\u00f3 temos a agradecer\u201d, disse o quilombola.<\/p>\n\n\n<div class=\"wp-block-image\">\n<figure class=\"alignright size-large is-resized\"><img decoding=\"async\" loading=\"lazy\" src=\"http:\/\/www.emater.ro.gov.br\/ematerro\/wp-content\/uploads\/2023\/11\/20231120-quilombola_emater_foto-jaqueline-ribeiro-rosa_14-11-4-842x1024.jpg\" alt=\"\" class=\"wp-image-14380\" width=\"330\" height=\"401\" srcset=\"http:\/\/www.emater.ro.gov.br\/ematerro\/wp-content\/uploads\/2023\/11\/20231120-quilombola_emater_foto-jaqueline-ribeiro-rosa_14-11-4-842x1024.jpg 842w, http:\/\/www.emater.ro.gov.br\/ematerro\/wp-content\/uploads\/2023\/11\/20231120-quilombola_emater_foto-jaqueline-ribeiro-rosa_14-11-4-247x300.jpg 247w, http:\/\/www.emater.ro.gov.br\/ematerro\/wp-content\/uploads\/2023\/11\/20231120-quilombola_emater_foto-jaqueline-ribeiro-rosa_14-11-4-768x934.jpg 768w, http:\/\/www.emater.ro.gov.br\/ematerro\/wp-content\/uploads\/2023\/11\/20231120-quilombola_emater_foto-jaqueline-ribeiro-rosa_14-11-4.jpg 1184w\" sizes=\"(max-width: 330px) 100vw, 330px\" \/><figcaption class=\"wp-element-caption\"><strong><em><sup>Cerca de quatro mil mudas de caf\u00e9 clonal foram distribu\u00eddas.<\/sup><\/em><\/strong><\/figcaption><\/figure><\/div>\n\n\n<p><strong>IND\u00daSTRIA DE FARINHA<\/strong><br>Na comunidade de Santa F\u00e9, em Costa Marques, h\u00e1 uma agroind\u00fastria de farinha, e a Emater-RO oferece assist\u00eancia t\u00e9cnica para o plantio de mandioca, em uma \u00e1rea que ocupa cerca de 12 hectares, e resulta em uma colheita de 2,6 mil quilos de farinha por m\u00eas. A assist\u00eancia t\u00e9cnica tamb\u00e9m se estende aos demais plantios das fam\u00edlias quilombolas dos munic\u00edpio, em Santa F\u00e9 e Forte Pr\u00edncipe da Beira, inclusive tendo como resultado produtores quilombolas que fornecem produtos para a Programa de Aquisi\u00e7\u00e3o de Alimentos (PAA), tanto estadual quanto federal.<\/p>\n\n\n\n<p><strong>ASSIST\u00caNCIA T\u00c9CNICA<\/strong><br>O presidente da Emater-RO, Luciano Brand\u00e3o refor\u00e7ou que s\u00e3o diversos atendimentos que a Autarquia realiza com os produtores quilombolas para melhor ajud\u00e1-los a desenvolver suas produ\u00e7\u00f5es. \u2018\u2018Os extensionistas levantam as necessidades dos produtores quilombolas e levam solu\u00e7\u00f5es. Nosso objetivo \u00e9 potencializar ainda mais as boas pr\u00e1ticas da agricultura regenerativa sustent\u00e1vel nas comunidades quilombolas\u201d, salientou.<\/p>\n\n\n\n<p>Conforme a gerente do escrit\u00f3rio regional da Emater-RO do Vale do Guapor\u00e9, Jaqueline Ribeiro Rosa, o Governo planeja ampliar e impulsionar as produ\u00e7\u00f5es sustent\u00e1veis nas comunidades quilombolas do Estado, inclusive com distribui\u00e7\u00e3o, em breve, de mudas frut\u00edferas, para colher ainda mais resultados no desenvolvimento e bem-estar social das fam\u00edlias<\/p>\n\n\n\n<p class=\"has-text-align-right\"><em><sup>Fonte: Vanessa Moura<br>Fotos: Jaqueline Ribeiro Rosa<br>Secom &#8211; Governo de Rond\u00f4nia<\/sup><\/em><\/p>\n","protected":false},"excerpt":{"rendered":"<p>No dia 20 de novembro \u00e9 comemorado o Dia da Consci\u00eancia Negra no Brasil, data que marca a morte de um dos mais expressivos l\u00edderes quilombolas, Zumbi dos Palmares, e [&hellip;]<\/p>\n","protected":false},"author":9,"featured_media":14377,"comment_status":"closed","ping_status":"closed","sticky":false,"template":"","format":"standard","meta":[],"categories":[10,9,12],"tags":[],"_links":{"self":[{"href":"http:\/\/www.emater.ro.gov.br\/ematerro\/wp-json\/wp\/v2\/posts\/14376"}],"collection":[{"href":"http:\/\/www.emater.ro.gov.br\/ematerro\/wp-json\/wp\/v2\/posts"}],"about":[{"href":"http:\/\/www.emater.ro.gov.br\/ematerro\/wp-json\/wp\/v2\/types\/post"}],"author":[{"embeddable":true,"href":"http:\/\/www.emater.ro.gov.br\/ematerro\/wp-json\/wp\/v2\/users\/9"}],"replies":[{"embeddable":true,"href":"http:\/\/www.emater.ro.gov.br\/ematerro\/wp-json\/wp\/v2\/comments?post=14376"}],"version-history":[{"count":1,"href":"http:\/\/www.emater.ro.gov.br\/ematerro\/wp-json\/wp\/v2\/posts\/14376\/revisions"}],"predecessor-version":[{"id":14381,"href":"http:\/\/www.emater.ro.gov.br\/ematerro\/wp-json\/wp\/v2\/posts\/14376\/revisions\/14381"}],"wp:featuredmedia":[{"embeddable":true,"href":"http:\/\/www.emater.ro.gov.br\/ematerro\/wp-json\/wp\/v2\/media\/14377"}],"wp:attachment":[{"href":"http:\/\/www.emater.ro.gov.br\/ematerro\/wp-json\/wp\/v2\/media?parent=14376"}],"wp:term":[{"taxonomy":"category","embeddable":true,"href":"http:\/\/www.emater.ro.gov.br\/ematerro\/wp-json\/wp\/v2\/categories?post=14376"},{"taxonomy":"post_tag","embeddable":true,"href":"http:\/\/www.emater.ro.gov.br\/ematerro\/wp-json\/wp\/v2\/tags?post=14376"}],"curies":[{"name":"wp","href":"https:\/\/api.w.org\/{rel}","templated":true}]}}