{"id":14339,"date":"2023-11-13T08:57:40","date_gmt":"2023-11-13T12:57:40","guid":{"rendered":"http:\/\/www.emater.ro.gov.br\/ematerro\/?p=14339"},"modified":"2023-11-13T09:13:16","modified_gmt":"2023-11-13T13:13:16","slug":"produtoras-de-rondonia-comandam-o-podio-do-concurso-florada-premiada-2023-na-semana-internacional-do-cafe","status":"publish","type":"post","link":"http:\/\/www.emater.ro.gov.br\/ematerro\/2023\/11\/13\/produtoras-de-rondonia-comandam-o-podio-do-concurso-florada-premiada-2023-na-semana-internacional-do-cafe\/","title":{"rendered":"Produtoras de Rond\u00f4nia comandam o p\u00f3dio do concurso \u201cFlorada Premiada\u201d 2023, na Semana Internacional do Caf\u00e9"},"content":{"rendered":"<div class=\"wp-block-image\">\n<figure class=\"aligncenter size-large\"><img decoding=\"async\" loading=\"lazy\" width=\"1024\" height=\"586\" src=\"http:\/\/www.emater.ro.gov.br\/ematerro\/wp-content\/uploads\/2023\/11\/20231113-seagri-premiacao-florada-2023-foto-seagri-1-1024x586.jpeg\" alt=\"\" class=\"wp-image-14340\" srcset=\"http:\/\/www.emater.ro.gov.br\/ematerro\/wp-content\/uploads\/2023\/11\/20231113-seagri-premiacao-florada-2023-foto-seagri-1-1024x586.jpeg 1024w, http:\/\/www.emater.ro.gov.br\/ematerro\/wp-content\/uploads\/2023\/11\/20231113-seagri-premiacao-florada-2023-foto-seagri-1-300x172.jpeg 300w, http:\/\/www.emater.ro.gov.br\/ematerro\/wp-content\/uploads\/2023\/11\/20231113-seagri-premiacao-florada-2023-foto-seagri-1-768x439.jpeg 768w, http:\/\/www.emater.ro.gov.br\/ematerro\/wp-content\/uploads\/2023\/11\/20231113-seagri-premiacao-florada-2023-foto-seagri-1.jpeg 1280w\" sizes=\"(max-width: 1024px) 100vw, 1024px\" \/><figcaption class=\"wp-element-caption\"><em><sup>Produtoras de Rond\u00f4nia comandam o p\u00f3dio do concurso \u201cFlorada Premiada\u201d 2023, na Semana Internacional do Caf\u00e9<\/sup><\/em><\/figcaption><\/figure><\/div>\n\n\n<p>O Estado de Rond\u00f4nia foi o vencedor do concurso \u201cFlorada Premiada\u201d 2\u00aa edi\u00e7\u00e3o Canephora 2023, realizado por uma ind\u00fastria de caf\u00e9 em parceria com a Associa\u00e7\u00e3o Brasileira de Caf\u00e9s Especiais (BSCA), e destinado exclusivamente \u00e0s mulheres produtoras de caf\u00e9. O p\u00f3dio do primeiro ao terceiro lugar, foi ocupado exclusivamente por agricultoras rondonienses, desbancado amostras enviadas de Minas Gerais e Esp\u00edrito Santo.<\/p>\n\n\n\n<p>O resultado foi apresentado na manh\u00e3 da sexta-feira (10), no \u00faltimo dia da Semana Internacional do Caf\u00e9; realizada em Minas Gerais. O concurso \u00e9 o maior do mundo neste g\u00eanero e foi realizado em duas etapas: a Classificat\u00f3ria e a Final de Ranqueamento. As amostras qualificadas na auditoria, ou seja, em conformidade com as regras estabelecidas, foram avaliadas na etapa Classificat\u00f3ria. As 20 amostras mais bem classificadas em cada categoria (via \u00famida e via seca), seguiram para a avalia\u00e7\u00e3o na etapa Final de Ranqueamento.<\/p>\n\n\n\n<p>A comiss\u00e3o de ju\u00edzes (classificadores e degustadores) foi composta por quatro ju\u00edzes na fase classificat\u00f3ria e, pelo menos, por seis na Final de Ranqueamento; todos com experi\u00eancia e habilidade na sele\u00e7\u00e3o de caf\u00e9s especiais.<\/p>\n\n\n\n<p><strong>EMO\u00c7\u00c3O E ALEGRIA<\/strong><br>O governador Marcos Rocha destacou a relev\u00e2ncia do Estado em participar da Semana Internacional do Caf\u00e9 e ver produtoras de caf\u00e9 de Rond\u00f4nia preencherem o p\u00f3dio do concurso \u201cFlorada Premiada\u201d pela qualidade das amostras enviadas ao evento. \u201cO resultado do concurso \u00e9 o resultado de que estamos no caminho certo ao apoiar nossos produtores rurais com insumos, sementes classificadas e assist\u00eancia t\u00e9cnica. Parab\u00e9ns a nossas produtoras e aos nossos t\u00e9cnicos, que somaram esfor\u00e7os para colocarem mais uma vez Rond\u00f4nia no topo do p\u00f3dio\u201d, salientou, destacando os investimentos em a\u00e7\u00f5es do Governo para com a agricultura.<\/p>\n\n\n\n<p>As tr\u00eas vencedoras fazem parte de um grupo selecionado de 17 mulheres produtoras que estavam na final do \u201cFlorada Premiada\u201d 2023 edi\u00e7\u00e3o canephora, sendo que cinco delas s\u00e3o produtoras de caf\u00e9s Robustas Amaz\u00f4nicos de terras ind\u00edgenas.<\/p>\n\n\n\n<p>Saiba quem s\u00e3o as vencedoras:<\/p>\n\n\n\n<p>1\u00ba lugar: L\u00facia Helena, Novo Horizonte do Oeste;<br>2\u00ba lugar: Nicole Nedel, Nova Brasil\u00e2ndia do Oeste; e<br>3\u00ba lugar: Celeste Suru\u00ed, Cacoal.<\/p>\n\n\n\n<p class=\"has-text-align-right\"><em>Fonte: Gerson Costa e Jean Carla Costa<br>Fotos: Renan Barreto<br>Secom \u2013 Governo de Rond\u00f4nia<\/em><\/p>\n","protected":false},"excerpt":{"rendered":"<p>O Estado de Rond\u00f4nia foi o vencedor do concurso \u201cFlorada Premiada\u201d 2\u00aa edi\u00e7\u00e3o Canephora 2023, realizado por uma ind\u00fastria de caf\u00e9 em parceria com a Associa\u00e7\u00e3o Brasileira de Caf\u00e9s Especiais [&hellip;]<\/p>\n","protected":false},"author":9,"featured_media":14340,"comment_status":"closed","ping_status":"closed","sticky":false,"template":"","format":"standard","meta":[],"categories":[10,9,12],"tags":[],"_links":{"self":[{"href":"http:\/\/www.emater.ro.gov.br\/ematerro\/wp-json\/wp\/v2\/posts\/14339"}],"collection":[{"href":"http:\/\/www.emater.ro.gov.br\/ematerro\/wp-json\/wp\/v2\/posts"}],"about":[{"href":"http:\/\/www.emater.ro.gov.br\/ematerro\/wp-json\/wp\/v2\/types\/post"}],"author":[{"embeddable":true,"href":"http:\/\/www.emater.ro.gov.br\/ematerro\/wp-json\/wp\/v2\/users\/9"}],"replies":[{"embeddable":true,"href":"http:\/\/www.emater.ro.gov.br\/ematerro\/wp-json\/wp\/v2\/comments?post=14339"}],"version-history":[{"count":2,"href":"http:\/\/www.emater.ro.gov.br\/ematerro\/wp-json\/wp\/v2\/posts\/14339\/revisions"}],"predecessor-version":[{"id":14343,"href":"http:\/\/www.emater.ro.gov.br\/ematerro\/wp-json\/wp\/v2\/posts\/14339\/revisions\/14343"}],"wp:featuredmedia":[{"embeddable":true,"href":"http:\/\/www.emater.ro.gov.br\/ematerro\/wp-json\/wp\/v2\/media\/14340"}],"wp:attachment":[{"href":"http:\/\/www.emater.ro.gov.br\/ematerro\/wp-json\/wp\/v2\/media?parent=14339"}],"wp:term":[{"taxonomy":"category","embeddable":true,"href":"http:\/\/www.emater.ro.gov.br\/ematerro\/wp-json\/wp\/v2\/categories?post=14339"},{"taxonomy":"post_tag","embeddable":true,"href":"http:\/\/www.emater.ro.gov.br\/ematerro\/wp-json\/wp\/v2\/tags?post=14339"}],"curies":[{"name":"wp","href":"https:\/\/api.w.org\/{rel}","templated":true}]}}