{"id":14231,"date":"2023-10-16T12:55:14","date_gmt":"2023-10-16T16:55:14","guid":{"rendered":"http:\/\/www.emater.ro.gov.br\/ematerro\/?p=14231"},"modified":"2023-10-17T08:00:55","modified_gmt":"2023-10-17T12:00:55","slug":"potencial-do-festival-internacional-do-tambaqui-e-comprovado-em-mais-uma-edicao-em-rondonia","status":"publish","type":"post","link":"http:\/\/www.emater.ro.gov.br\/ematerro\/2023\/10\/16\/potencial-do-festival-internacional-do-tambaqui-e-comprovado-em-mais-uma-edicao-em-rondonia\/","title":{"rendered":"Potencial do Festival Internacional do Tambaqui \u00e9 comprovado em mais uma edi\u00e7\u00e3o em Rond\u00f4nia"},"content":{"rendered":"<div class=\"wp-block-image\">\n<figure class=\"aligncenter size-large\"><img decoding=\"async\" loading=\"lazy\" width=\"1024\" height=\"682\" src=\"http:\/\/www.emater.ro.gov.br\/ematerro\/wp-content\/uploads\/2023\/10\/20231016-festival-do-tambaqui-seagri-emater-15-10-23-foto-esio-mendes-252-1024x682.jpg\" alt=\"\" class=\"wp-image-14232\" srcset=\"http:\/\/www.emater.ro.gov.br\/ematerro\/wp-content\/uploads\/2023\/10\/20231016-festival-do-tambaqui-seagri-emater-15-10-23-foto-esio-mendes-252-1024x682.jpg 1024w, http:\/\/www.emater.ro.gov.br\/ematerro\/wp-content\/uploads\/2023\/10\/20231016-festival-do-tambaqui-seagri-emater-15-10-23-foto-esio-mendes-252-300x200.jpg 300w, http:\/\/www.emater.ro.gov.br\/ematerro\/wp-content\/uploads\/2023\/10\/20231016-festival-do-tambaqui-seagri-emater-15-10-23-foto-esio-mendes-252-768x512.jpg 768w, http:\/\/www.emater.ro.gov.br\/ematerro\/wp-content\/uploads\/2023\/10\/20231016-festival-do-tambaqui-seagri-emater-15-10-23-foto-esio-mendes-252-480x320.jpg 480w, http:\/\/www.emater.ro.gov.br\/ematerro\/wp-content\/uploads\/2023\/10\/20231016-festival-do-tambaqui-seagri-emater-15-10-23-foto-esio-mendes-252.jpg 1280w\" sizes=\"(max-width: 1024px) 100vw, 1024px\" \/><figcaption class=\"wp-element-caption\"><sup><em>Em Porto Velho, o evento&nbsp; aconteceu no estacionamento do Pal\u00e1cio Rio Madeira<\/em>.<\/sup><\/figcaption><\/figure><\/div>\n\n\n<p>O potencial do 4\u00ba Festival Internacional do Tambaqui da Amaz\u00f4nia foi comprovado em mais uma edi\u00e7\u00e3o realizada pelo Governo de Rond\u00f4nia no domingo (15). Foram assadas 10 mil bandas de Tambaquis, simultaneamente em 14 cidades rondonienses, e a popula\u00e7\u00e3o teve a oportunidade de saborear uma das principais iguarias do Estado. <\/p>\n\n\n\n<p>Em Porto Velho, o evento aconteceu no estacionamento do Pal\u00e1cio Rio Madeira (PRM), onde diversas equipes estiveram reunidas e atuando, desde o preparo para assar e embalar, at\u00e9 a distribui\u00e7\u00e3o dos Tambaquis aos compradores. Nas demais cidades, o evento aconteceu em pontos diversos, incluindo unidades de \u00f3rg\u00e3os estaduais e entidades do setor privado. Participando pela primeira vez do evento, a moradora da capital, Gisele Fernandes, aproveitou o domingo para garantir o almo\u00e7o da fam\u00edlia. \u201cFiquei muita animada em vir prestigiar essa a\u00e7\u00e3o, e ao mesmo tempo, agradecida pelo Governo do Estado estar promovendo este momento especial para a popula\u00e7\u00e3o\u201d, comentou.<\/p>\n\n\n\n<p>Semelhante \u00e0s edi\u00e7\u00f5es anteriores, a distribui\u00e7\u00e3o das bandas assadas ocorreu no formato <em>drive thru<\/em>, dinamizando o atendimento ao p\u00fablico. O Festival, que j\u00e1 \u00e9 considerado uma tradi\u00e7\u00e3o no estado, visa fomentar a promo\u00e7\u00e3o da qualidade do pescado e de sua cultura alimentar, contribuindo tamb\u00e9m para o desenvolvimento socioecon\u00f4mico. Presente no Festival, o governador de Rond\u00f4nia, Marcos Rocha destacou a import\u00e2ncia do evento. \u201cTemos divulgado o Tambaqui de Rond\u00f4nia em todo o Brasil e em outros pa\u00edses, permitindo que as pessoas possam degust\u00e1-lo e assim comprovar a qualidade do produto. Essa conquista \u00e9 fruto das pol\u00edticas p\u00fablicas que temos desenvolvido no Estado, e que j\u00e1 garantiu resultados satisfat\u00f3rios, como a premia\u00e7\u00e3o do Melhor Produto <em>Foodservice <\/em>(servi\u00e7o de alimenta\u00e7\u00e3o), realizado em Boston, e o reconhecimento do Instituto Nacional da Propriedade Industrial (Inpi), na categoria \u201cIndica\u00e7\u00e3o de Proced\u00eancia\u201d, ressaltou.<\/p>\n\n\n<div class=\"wp-block-image\">\n<figure class=\"alignright size-full is-resized\"><img decoding=\"async\" loading=\"lazy\" src=\"http:\/\/www.emater.ro.gov.br\/ematerro\/wp-content\/uploads\/2023\/10\/20231016-festival-do-tambaqui-seagri-emater-15-10-23-foto-esio-mendes-302-570x380-1.jpg\" alt=\"\" class=\"wp-image-14233\" width=\"414\" height=\"276\" srcset=\"http:\/\/www.emater.ro.gov.br\/ematerro\/wp-content\/uploads\/2023\/10\/20231016-festival-do-tambaqui-seagri-emater-15-10-23-foto-esio-mendes-302-570x380-1.jpg 570w, http:\/\/www.emater.ro.gov.br\/ematerro\/wp-content\/uploads\/2023\/10\/20231016-festival-do-tambaqui-seagri-emater-15-10-23-foto-esio-mendes-302-570x380-1-300x200.jpg 300w, http:\/\/www.emater.ro.gov.br\/ematerro\/wp-content\/uploads\/2023\/10\/20231016-festival-do-tambaqui-seagri-emater-15-10-23-foto-esio-mendes-302-570x380-1-480x320.jpg 480w\" sizes=\"(max-width: 414px) 100vw, 414px\" \/><figcaption class=\"wp-element-caption\"><em><sup>Consumidora do Tambaqui aproveitou o evento para garantir o almo\u00e7o da fam\u00edlia.<\/sup><\/em><\/figcaption><\/figure><\/div>\n\n\n<p>O titular da secretaria de Estado de Agricultura (Seagri), Luiz Paulo, comentou sobre a integra\u00e7\u00e3o de diversas secretarias para a realiza\u00e7\u00e3o do Festival. \u201cNas \u00faltimas semanas estivemos atuando em conjunto com diversas secretarias de Estado e entidades parceiras, que contribu\u00edram para o sucesso do Festival. Assim, temos a certeza de que essa a\u00e7\u00e3o proporcionar\u00e1 muito mais abertura dos mercados nacional e internacional, levando uma das melhores iguarias do nosso Estado\u201d, enfatizou.<\/p>\n\n\n\n<p>Participaram dessa etapa os munic\u00edpios de Porto Velho, Machadinho do Oeste, Cujubim, Ariquemes, Jaru, Ouro Preto do Oeste, Ji-Paran\u00e1, Cacoal, Pimenta Bueno, Rolim de Moura, Alta Floresta do Oeste, Vilhena, Mirante da Serra e Costa Marques. Todos os munic\u00edpios contaram com o trabalho log\u00edstico da Seagri.<\/p>\n\n\n\n<p>O evento \u00e9 realizado pelo Governo do Estado por meio da Secretaria de Agricultura, Entidade Aut\u00e1rquica de Assist\u00eancia T\u00e9cnica e Extens\u00e3o Rural  (Emater-RO), Ag\u00eancia de Defesa Sanit\u00e1ria Agrosilvopastoril do Estado de Rond\u00f4nia (Idaron), Secretaria de Estado de Desenvolvimento Econ\u00f4mico (Sedec) e Associa\u00e7\u00e3o de Criadores de Peixes do Estado de Rond\u00f4nia (Acripar). E tem como parceiros o Servi\u00e7o de Apoio \u00e0s Micro e Pequenas Empresas em Rond\u00f4nia (Sebrae), e a Associa\u00e7\u00e3o Brasileira de Criadores de Tambaqui (Abratan).<\/p>\n\n\n\n<p><strong>ARRECADA\u00c7\u00c3O<\/strong><br>A banda do peixe assado foi vendida pelo valor de R$ 20,00 e todo dinheiro arrecadado com a venda ser\u00e1 doado para institui\u00e7\u00f5es beneficentes do Estado, destacando o Festival como uma a\u00e7\u00e3o que vai al\u00e9m do incentivo ao consumo do Tambaqui, mas que se estende como uma a\u00e7\u00e3o solid\u00e1ria.<br>A escolha das entidades beneficiadas de cada munic\u00edpio foi feita pelos organizadores locais do evento. Em Porto Velho, a entidade beneficiada \u00e9 o Hospital Santa Marcelina, que atua de forma filantr\u00f3pica por meio de diversos servi\u00e7os \u00e0 comunidade rondoniense.<\/p>\n\n\n\n<p><strong>EDI\u00c7\u00d5ES<\/strong><br>A 1\u00aa edi\u00e7\u00e3o do Festival aconteceu em 2017, e contou com duas mil bandas de Tambaqui assado, em Ariquemes, cidade com destaque na produ\u00e7\u00e3o de peixes em Rond\u00f4nia. Em 2018, houve um aumento e passou para 3,3 mil bandas vendidas, desta vez em Ji-Paran\u00e1. Em 2019, foram comercializadas 3.304 bandas; e no mesmo ano, o evento tamb\u00e9m aconteceu em n\u00edvel nacional, na Esplanada dos Minist\u00e9rios, em Bras\u00edlia.<\/p>\n\n\n\n<p>Nos anos seguintes o evento s\u00f3 cresceu e passou a ser realizado em outras localidades. O Festival do Tambaqui atingiu 10 munic\u00edpios em 2020, com 4.230 bandas do peixe. Em 2021, foram 31 cidades, al\u00e9m da participa\u00e7\u00e3o de unidades da federa\u00e7\u00e3o, que totalizaram mais de 34 mil bandas do produto. Ano passado, Rond\u00f4nia realizou o Festival em 10 cidades rondonienses e em Nova Iorque nos Estados Unidos, com 10 mil bandas assadas.<\/p>\n\n\n<div class=\"wp-block-image\">\n<figure class=\"alignleft size-full is-resized\"><img decoding=\"async\" loading=\"lazy\" src=\"http:\/\/www.emater.ro.gov.br\/ematerro\/wp-content\/uploads\/2023\/10\/20231016-festival-do-tambaqui-seagri-emater-15-10-23-foto-esio-mendes-308-570x380-1.jpg\" alt=\"\" class=\"wp-image-14234\" width=\"406\" height=\"271\" srcset=\"http:\/\/www.emater.ro.gov.br\/ematerro\/wp-content\/uploads\/2023\/10\/20231016-festival-do-tambaqui-seagri-emater-15-10-23-foto-esio-mendes-308-570x380-1.jpg 570w, http:\/\/www.emater.ro.gov.br\/ematerro\/wp-content\/uploads\/2023\/10\/20231016-festival-do-tambaqui-seagri-emater-15-10-23-foto-esio-mendes-308-570x380-1-300x200.jpg 300w, http:\/\/www.emater.ro.gov.br\/ematerro\/wp-content\/uploads\/2023\/10\/20231016-festival-do-tambaqui-seagri-emater-15-10-23-foto-esio-mendes-308-570x380-1-480x320.jpg 480w\" sizes=\"(max-width: 406px) 100vw, 406px\" \/><figcaption class=\"wp-element-caption\"><sup><em>Mercado internacional \u00e9 o pr\u00f3ximo destino da divulga\u00e7\u00e3o do Tambaqui de Rond\u00f4nia.<\/em><\/sup><\/figcaption><\/figure><\/div>\n\n\n<p><strong>INTERNACIONAL<\/strong><br><\/p>\n\n\n\n<p>O encontro ser\u00e1 em formato de almo\u00e7o de neg\u00f3cios, direcionado a um p\u00fablico com interesse comercial, tornando-se uma oportunidade de atra\u00e7\u00e3o de investimentos para o Estado. Evento semelhante acontecer\u00e1 em S\u00e3o Paulo, reunindo chefs, propriet\u00e1rios de restaurantes, representantes comerciais, ind\u00fastrias e influenciadores, todos comprometidos em discutir a cadeia produtiva do pescado.<\/p>\n\n\n\n<p>A potencialidade do Tambaqui de Rond\u00f4nia vem conquistando o mercado internacional, fator que tem promovido o pescado fora do Brasil. \u00c9 o que acontecer\u00e1 mais uma vez com a edi\u00e7\u00e3o do Festival em Miami, capital da Fl\u00f3rida, nos Estados Unidos, a ser realizado no dia 26 de outubro.<\/p>\n\n\n\n<p class=\"has-text-align-right\"><em>Texto: Jackson Vicente<br>Fotos: Esio Mendes<br>Secom &#8211; Governo de Rond\u00f4nia<\/em><\/p>\n","protected":false},"excerpt":{"rendered":"<p>O potencial do 4\u00ba Festival Internacional do Tambaqui da Amaz\u00f4nia foi comprovado em mais uma edi\u00e7\u00e3o realizada pelo Governo de Rond\u00f4nia no domingo (15). Foram assadas 10 mil bandas de [&hellip;]<\/p>\n","protected":false},"author":9,"featured_media":14239,"comment_status":"closed","ping_status":"closed","sticky":false,"template":"","format":"standard","meta":[],"categories":[10,9,12],"tags":[],"_links":{"self":[{"href":"http:\/\/www.emater.ro.gov.br\/ematerro\/wp-json\/wp\/v2\/posts\/14231"}],"collection":[{"href":"http:\/\/www.emater.ro.gov.br\/ematerro\/wp-json\/wp\/v2\/posts"}],"about":[{"href":"http:\/\/www.emater.ro.gov.br\/ematerro\/wp-json\/wp\/v2\/types\/post"}],"author":[{"embeddable":true,"href":"http:\/\/www.emater.ro.gov.br\/ematerro\/wp-json\/wp\/v2\/users\/9"}],"replies":[{"embeddable":true,"href":"http:\/\/www.emater.ro.gov.br\/ematerro\/wp-json\/wp\/v2\/comments?post=14231"}],"version-history":[{"count":8,"href":"http:\/\/www.emater.ro.gov.br\/ematerro\/wp-json\/wp\/v2\/posts\/14231\/revisions"}],"predecessor-version":[{"id":14253,"href":"http:\/\/www.emater.ro.gov.br\/ematerro\/wp-json\/wp\/v2\/posts\/14231\/revisions\/14253"}],"wp:featuredmedia":[{"embeddable":true,"href":"http:\/\/www.emater.ro.gov.br\/ematerro\/wp-json\/wp\/v2\/media\/14239"}],"wp:attachment":[{"href":"http:\/\/www.emater.ro.gov.br\/ematerro\/wp-json\/wp\/v2\/media?parent=14231"}],"wp:term":[{"taxonomy":"category","embeddable":true,"href":"http:\/\/www.emater.ro.gov.br\/ematerro\/wp-json\/wp\/v2\/categories?post=14231"},{"taxonomy":"post_tag","embeddable":true,"href":"http:\/\/www.emater.ro.gov.br\/ematerro\/wp-json\/wp\/v2\/tags?post=14231"}],"curies":[{"name":"wp","href":"https:\/\/api.w.org\/{rel}","templated":true}]}}