{"id":14135,"date":"2023-09-29T10:15:41","date_gmt":"2023-09-29T14:15:41","guid":{"rendered":"http:\/\/www.emater.ro.gov.br\/ematerro\/?p=14135"},"modified":"2023-10-03T10:06:42","modified_gmt":"2023-10-03T14:06:42","slug":"14135","status":"publish","type":"post","link":"http:\/\/www.emater.ro.gov.br\/ematerro\/2023\/09\/29\/14135\/","title":{"rendered":"Produtores aguardam com expectativa resultados do Concacau"},"content":{"rendered":"\n<p><\/p>\n\n\n\n<figure class=\"wp-block-image\"><img alt=\"\"\/><\/figure>\n\n\n\n<figure class=\"wp-block-image size-full\"><img decoding=\"async\" loading=\"lazy\" width=\"1000\" height=\"625\" src=\"http:\/\/www.emater.ro.gov.br\/ematerro\/wp-content\/uploads\/2023\/09\/20230929-cacau-amendoas-irene-mendes.jpg\" alt=\"\" class=\"wp-image-14136\" srcset=\"http:\/\/www.emater.ro.gov.br\/ematerro\/wp-content\/uploads\/2023\/09\/20230929-cacau-amendoas-irene-mendes.jpg 1000w, http:\/\/www.emater.ro.gov.br\/ematerro\/wp-content\/uploads\/2023\/09\/20230929-cacau-amendoas-irene-mendes-300x188.jpg 300w, http:\/\/www.emater.ro.gov.br\/ematerro\/wp-content\/uploads\/2023\/09\/20230929-cacau-amendoas-irene-mendes-768x480.jpg 768w\" sizes=\"(max-width: 1000px) 100vw, 1000px\" \/><figcaption class=\"wp-element-caption\">Secagem de am\u00eandoas de cacau em secador protegido <\/figcaption><\/figure>\n\n\n\n<p>A cacauicultura de Rond\u00f4nia passa por um processo de transforma\u00e7\u00e3o sobretudo pelo aumento da produtividade e reconhecimento da qualidade das am\u00eandoas de cacau produzidas, cultura vive um paradoxo, a retomada do cultivo acontece justamente em um momento de redu\u00e7\u00e3o de \u00e1reas cultivadas e que o principal \u00f3rg\u00e3o de assist\u00eancia a Comiss\u00e3o do Plano da Lavoura Cacaueira (Ceplac), deixou de assistir os agricultores e concentrou suas atividades na pesquisa.<\/p>\n\n\n\n<p>Para suprir a sa\u00edda da Ceplac do sen\u00e1rio da assist\u00eancia aos cacauicultores o governo do Estado assumiu essa responsabilidade passando essa atribui\u00e7\u00e3o \u00e0 Entidade Aut\u00e1rquica de Assist\u00eancia T\u00e9cnica e Extens\u00e3o Rural (Emater-RO), que passou a atender esse publico e a executar o projeto plante mais que distribui mudas de caf\u00e9 e cacau que \u201cnos \u00faltimos anos entregou aos agricultores um volume de 100 mil mudas clones de cacau, mais produtivos e resistentes \u201d diz Fausto lima, respons\u00e1vel t\u00e9cnico pela cacauicultura no \u00e2mbito da Emater-RO.<\/p>\n\n\n<div class=\"wp-block-image\">\n<figure class=\"alignleft size-full is-resized\"><img decoding=\"async\" loading=\"lazy\" src=\"http:\/\/www.emater.ro.gov.br\/ematerro\/wp-content\/uploads\/2023\/09\/20230929-fruto-cacau-clonal-1024x680_irene-mendes.jpg\" alt=\"\" class=\"wp-image-14138\" width=\"427\" height=\"283\" srcset=\"http:\/\/www.emater.ro.gov.br\/ematerro\/wp-content\/uploads\/2023\/09\/20230929-fruto-cacau-clonal-1024x680_irene-mendes.jpg 1024w, http:\/\/www.emater.ro.gov.br\/ematerro\/wp-content\/uploads\/2023\/09\/20230929-fruto-cacau-clonal-1024x680_irene-mendes-300x199.jpg 300w, http:\/\/www.emater.ro.gov.br\/ematerro\/wp-content\/uploads\/2023\/09\/20230929-fruto-cacau-clonal-1024x680_irene-mendes-768x510.jpg 768w\" sizes=\"(max-width: 427px) 100vw, 427px\" \/><figcaption class=\"wp-element-caption\">A tecnologia da clonagem facilitou o adensamento do plantio e o aumento da produtividade.<\/figcaption><\/figure><\/div>\n\n\n<p>Com a introdu\u00e7\u00e3o dos clones selecionados triplicou a produ\u00e7\u00e3o por planta e com a participa\u00e7\u00e3o dos produtores nos concursos estaduais e nacionais, houve um estimulo \u00e0 melhoria da qualidade das am\u00eandoas, a ponto de despontarem alguns produtores como referencia de produ\u00e7\u00e3o de cacau em v\u00e1rios munic\u00edpios e at\u00e9 ganhar um concurso nacional de qualidade de am\u00eandoa , caso do agricultor Deoclides Pires da Silva do munic\u00edpio de Jaru embarca neste m\u00eas de novembro para a cidade de Amsterd\u00e3 na Holanda, onde participa do concurso internacional de qualidade da am\u00eandoa do cacau.<\/p>\n\n\n\n<p>Nesta sexta no munic\u00edpio de jaru ser\u00e3o anunciados os vencedores do Concurso Estadual de Qualidade e Produtividade do Cacau, em solenidade com a presen\u00e7a do secretario de agricultura Luiz Paulo, do presidente da Emater-RO Luciano Brand\u00e3o produtores de cacau, representantes da ind\u00fastria e entidades parceiras na realiza\u00e7\u00e3o do concurso, a expectativa \u00e9 grande pelo resultado entre os produtores e compradores de am\u00eandoas, o governo tamb\u00e9m acompanha com aten\u00e7\u00e3o o concurso, idealizado para desenvolver a cultura no estado, como disse o governador Marcos Rocha \u201c o evento incentiva a melhoria da qualidade e da produ\u00e7\u00e3o com sustentabilidade\u201d afirmou o governador em entrevista sobre o Concacau.<\/p>\n\n\n\n<p class=\"has-text-align-right\"><em>Texto: Enoque de Oliveira<br>Fotos: Irene Mendes<br>Emater-RO\/ Asco<\/em>m<\/p>\n","protected":false},"excerpt":{"rendered":"<p>A cacauicultura de Rond\u00f4nia passa por um processo de transforma\u00e7\u00e3o sobretudo pelo aumento da produtividade e reconhecimento da qualidade das am\u00eandoas de cacau produzidas, cultura vive um paradoxo, a retomada [&hellip;]<\/p>\n","protected":false},"author":8,"featured_media":14139,"comment_status":"closed","ping_status":"closed","sticky":false,"template":"","format":"standard","meta":[],"categories":[9],"tags":[],"_links":{"self":[{"href":"http:\/\/www.emater.ro.gov.br\/ematerro\/wp-json\/wp\/v2\/posts\/14135"}],"collection":[{"href":"http:\/\/www.emater.ro.gov.br\/ematerro\/wp-json\/wp\/v2\/posts"}],"about":[{"href":"http:\/\/www.emater.ro.gov.br\/ematerro\/wp-json\/wp\/v2\/types\/post"}],"author":[{"embeddable":true,"href":"http:\/\/www.emater.ro.gov.br\/ematerro\/wp-json\/wp\/v2\/users\/8"}],"replies":[{"embeddable":true,"href":"http:\/\/www.emater.ro.gov.br\/ematerro\/wp-json\/wp\/v2\/comments?post=14135"}],"version-history":[{"count":7,"href":"http:\/\/www.emater.ro.gov.br\/ematerro\/wp-json\/wp\/v2\/posts\/14135\/revisions"}],"predecessor-version":[{"id":14146,"href":"http:\/\/www.emater.ro.gov.br\/ematerro\/wp-json\/wp\/v2\/posts\/14135\/revisions\/14146"}],"wp:featuredmedia":[{"embeddable":true,"href":"http:\/\/www.emater.ro.gov.br\/ematerro\/wp-json\/wp\/v2\/media\/14139"}],"wp:attachment":[{"href":"http:\/\/www.emater.ro.gov.br\/ematerro\/wp-json\/wp\/v2\/media?parent=14135"}],"wp:term":[{"taxonomy":"category","embeddable":true,"href":"http:\/\/www.emater.ro.gov.br\/ematerro\/wp-json\/wp\/v2\/categories?post=14135"},{"taxonomy":"post_tag","embeddable":true,"href":"http:\/\/www.emater.ro.gov.br\/ematerro\/wp-json\/wp\/v2\/tags?post=14135"}],"curies":[{"name":"wp","href":"https:\/\/api.w.org\/{rel}","templated":true}]}}