{"id":13708,"date":"2023-08-10T10:37:09","date_gmt":"2023-08-10T14:37:09","guid":{"rendered":"http:\/\/www.emater.ro.gov.br\/ematerro\/?p=13708"},"modified":"2023-08-10T10:37:09","modified_gmt":"2023-08-10T14:37:09","slug":"emater-ro-promove-dia-especial-em-pimenteiras-do-oeste-e-da-dicas-para-melhor-aproveitar-os-alimentos","status":"publish","type":"post","link":"http:\/\/www.emater.ro.gov.br\/ematerro\/2023\/08\/10\/emater-ro-promove-dia-especial-em-pimenteiras-do-oeste-e-da-dicas-para-melhor-aproveitar-os-alimentos\/","title":{"rendered":"Emater-RO promove dia especial em Pimenteiras do Oeste e d\u00e1 dicas para melhor aproveitar os alimentos"},"content":{"rendered":"\n<p class=\"has-text-align-left\">O desperd\u00edcio de alimentos \u00e9 um grande potencializador da inseguran\u00e7a alimentar. Dados da Organiza\u00e7\u00e3o das Na\u00e7\u00f5es Unidas para Alimenta\u00e7\u00e3o e Agricultura (2021) apontam que 30% da produ\u00e7\u00e3o mundial de alimentos \u00e9 desperdi\u00e7ada por ano, entre o per\u00edodo da colheita e a comercializa\u00e7\u00e3o da produ\u00e7\u00e3o no varejo.<\/p>\n\n\n\n<p class=\"has-text-align-left\">Visando minimizar esses dados e contribuir para que mais pessoas possam ser beneficiadas com alimentos saud\u00e1veis e de qualidade, a Entidade Aut\u00e1rquica de Assist\u00eancia T\u00e9cnica e Extens\u00e3o Rural (Emater-RO), em parceria com a Prefeitura do munic\u00edpio de Pimenteiras do Oeste, realizou nesta semana, no Centro de Eventos Paula Leite Ribeiro, um dia especial com a tem\u00e1tica A\u00e7\u00e3o Social e Cidadania.<\/p>\n\n\n\n<p class=\"has-text-align-left\">O objetivo do evento foi mostrar para as fam\u00edlias rurais, cozinheiras e demais benefici\u00e1rios dos Programas de Aquisi\u00e7\u00e3o de Alimentos (PEAA e PAA) alternativas para melhor aproveitar os alimentos e evitar seu desperd\u00edcio com a\u00e7\u00f5es que v\u00e3o desde as formas de armazenamento at\u00e9 a pr\u00e1tica de receitas e a transforma\u00e7\u00e3o das sobras em adubo org\u00e2nico para serem utilizadas em hortali\u00e7as e em plantas ornamentais.<\/p>\n\n\n\n<p class=\"has-text-align-left\">Durante o evento foram proferidas palestras com temas como: \u201cEvitar desperd\u00edcios dos alimentos da agricultura familiar\u201d, ministrada pelo chefe de cozinha Pedro Bagatolli e \u201cComo transformar restos de alimentos em adubos\u201d, ministrada pelo extensionista da Emater-RO, Jos\u00e9 Ubirajara L. Fernandes Vieira.<\/p>\n\n\n\n<p class=\"has-text-align-left\">Aproveitando a oportunidade de reunir toda a comunidade , foi realizado um varal solid\u00e1rio, onde foram arrecadadas roupas para serem doadas \u00e0s fam\u00edlias de baixa renda cadastradas no Centro de Refer\u00eancia de Assist\u00eancia Social (CRAS) em Pimenteiras do Oeste.<\/p>\n\n\n\n<p class=\"has-text-align-right\"><em>Texto: Wania Ressutti<br>Jornalista \u2013 MTE-1744\/RO<br>Fotos: Anderson Costa<br>EMATER-RO<\/em><\/p>\n\n\n\n<figure class=\"wp-block-gallery has-nested-images columns-default is-cropped wp-block-gallery-1 is-layout-flex\">\n<figure class=\"wp-block-image size-large\"><img decoding=\"async\" loading=\"lazy\" width=\"1000\" height=\"700\" data-id=\"13711\"  src=\"http:\/\/www.emater.ro.gov.br\/ematerro\/wp-content\/uploads\/2023\/08\/20230810-08ago2023-08-peaa-em-pimenteiras_001.jpg\" alt=\"\" class=\"wp-image-13711\" srcset=\"http:\/\/www.emater.ro.gov.br\/ematerro\/wp-content\/uploads\/2023\/08\/20230810-08ago2023-08-peaa-em-pimenteiras_001.jpg 1000w, http:\/\/www.emater.ro.gov.br\/ematerro\/wp-content\/uploads\/2023\/08\/20230810-08ago2023-08-peaa-em-pimenteiras_001-300x210.jpg 300w, http:\/\/www.emater.ro.gov.br\/ematerro\/wp-content\/uploads\/2023\/08\/20230810-08ago2023-08-peaa-em-pimenteiras_001-768x538.jpg 768w\" sizes=\"(max-width: 1000px) 100vw, 1000px\" \/><\/figure>\n\n\n\n<figure class=\"wp-block-image size-large\"><img decoding=\"async\" loading=\"lazy\" width=\"1000\" height=\"700\" data-id=\"13709\"  src=\"http:\/\/www.emater.ro.gov.br\/ematerro\/wp-content\/uploads\/2023\/08\/20230810-08ago2023-08-peaa-em-pimenteiras_002.jpg\" alt=\"\" class=\"wp-image-13709\" srcset=\"http:\/\/www.emater.ro.gov.br\/ematerro\/wp-content\/uploads\/2023\/08\/20230810-08ago2023-08-peaa-em-pimenteiras_002.jpg 1000w, http:\/\/www.emater.ro.gov.br\/ematerro\/wp-content\/uploads\/2023\/08\/20230810-08ago2023-08-peaa-em-pimenteiras_002-300x210.jpg 300w, http:\/\/www.emater.ro.gov.br\/ematerro\/wp-content\/uploads\/2023\/08\/20230810-08ago2023-08-peaa-em-pimenteiras_002-768x538.jpg 768w\" sizes=\"(max-width: 1000px) 100vw, 1000px\" \/><\/figure>\n\n\n\n<figure class=\"wp-block-image size-large\"><img decoding=\"async\" loading=\"lazy\" width=\"1000\" height=\"700\" data-id=\"13714\"  src=\"http:\/\/www.emater.ro.gov.br\/ematerro\/wp-content\/uploads\/2023\/08\/20230810-08ago2023-08-peaa-em-pimenteiras_003.jpg\" alt=\"\" class=\"wp-image-13714\" srcset=\"http:\/\/www.emater.ro.gov.br\/ematerro\/wp-content\/uploads\/2023\/08\/20230810-08ago2023-08-peaa-em-pimenteiras_003.jpg 1000w, http:\/\/www.emater.ro.gov.br\/ematerro\/wp-content\/uploads\/2023\/08\/20230810-08ago2023-08-peaa-em-pimenteiras_003-300x210.jpg 300w, http:\/\/www.emater.ro.gov.br\/ematerro\/wp-content\/uploads\/2023\/08\/20230810-08ago2023-08-peaa-em-pimenteiras_003-768x538.jpg 768w\" sizes=\"(max-width: 1000px) 100vw, 1000px\" \/><\/figure>\n\n\n\n<figure class=\"wp-block-image size-large\"><img decoding=\"async\" loading=\"lazy\" width=\"1000\" height=\"700\" data-id=\"13713\"  src=\"http:\/\/www.emater.ro.gov.br\/ematerro\/wp-content\/uploads\/2023\/08\/20230810-08ago2023-08-peaa-em-pimenteiras_004.jpg\" alt=\"\" class=\"wp-image-13713\" srcset=\"http:\/\/www.emater.ro.gov.br\/ematerro\/wp-content\/uploads\/2023\/08\/20230810-08ago2023-08-peaa-em-pimenteiras_004.jpg 1000w, http:\/\/www.emater.ro.gov.br\/ematerro\/wp-content\/uploads\/2023\/08\/20230810-08ago2023-08-peaa-em-pimenteiras_004-300x210.jpg 300w, http:\/\/www.emater.ro.gov.br\/ematerro\/wp-content\/uploads\/2023\/08\/20230810-08ago2023-08-peaa-em-pimenteiras_004-768x538.jpg 768w\" sizes=\"(max-width: 1000px) 100vw, 1000px\" \/><\/figure>\n\n\n\n<figure class=\"wp-block-image size-large\"><img decoding=\"async\" loading=\"lazy\" width=\"1000\" height=\"700\" data-id=\"13712\"  src=\"http:\/\/www.emater.ro.gov.br\/ematerro\/wp-content\/uploads\/2023\/08\/20230810-08ago2023-08-peaa-em-pimenteiras_005.jpg\" alt=\"\" class=\"wp-image-13712\" srcset=\"http:\/\/www.emater.ro.gov.br\/ematerro\/wp-content\/uploads\/2023\/08\/20230810-08ago2023-08-peaa-em-pimenteiras_005.jpg 1000w, http:\/\/www.emater.ro.gov.br\/ematerro\/wp-content\/uploads\/2023\/08\/20230810-08ago2023-08-peaa-em-pimenteiras_005-300x210.jpg 300w, http:\/\/www.emater.ro.gov.br\/ematerro\/wp-content\/uploads\/2023\/08\/20230810-08ago2023-08-peaa-em-pimenteiras_005-768x538.jpg 768w\" sizes=\"(max-width: 1000px) 100vw, 1000px\" \/><\/figure>\n\n\n\n<figure class=\"wp-block-image size-large\"><img decoding=\"async\" loading=\"lazy\" width=\"1000\" height=\"700\" data-id=\"13710\"  src=\"http:\/\/www.emater.ro.gov.br\/ematerro\/wp-content\/uploads\/2023\/08\/20230810-08ago2023-08-peaa-em-pimenteiras_006.jpg\" alt=\"\" class=\"wp-image-13710\" srcset=\"http:\/\/www.emater.ro.gov.br\/ematerro\/wp-content\/uploads\/2023\/08\/20230810-08ago2023-08-peaa-em-pimenteiras_006.jpg 1000w, http:\/\/www.emater.ro.gov.br\/ematerro\/wp-content\/uploads\/2023\/08\/20230810-08ago2023-08-peaa-em-pimenteiras_006-300x210.jpg 300w, http:\/\/www.emater.ro.gov.br\/ematerro\/wp-content\/uploads\/2023\/08\/20230810-08ago2023-08-peaa-em-pimenteiras_006-768x538.jpg 768w\" sizes=\"(max-width: 1000px) 100vw, 1000px\" \/><\/figure>\n\n\n\n<figure class=\"wp-block-image size-large\"><img decoding=\"async\" loading=\"lazy\" width=\"1000\" height=\"700\" data-id=\"13715\"  src=\"http:\/\/www.emater.ro.gov.br\/ematerro\/wp-content\/uploads\/2023\/08\/20230810-08ago2023-08-peaa-em-pimenteiras_007.jpg\" alt=\"\" class=\"wp-image-13715\" srcset=\"http:\/\/www.emater.ro.gov.br\/ematerro\/wp-content\/uploads\/2023\/08\/20230810-08ago2023-08-peaa-em-pimenteiras_007.jpg 1000w, http:\/\/www.emater.ro.gov.br\/ematerro\/wp-content\/uploads\/2023\/08\/20230810-08ago2023-08-peaa-em-pimenteiras_007-300x210.jpg 300w, http:\/\/www.emater.ro.gov.br\/ematerro\/wp-content\/uploads\/2023\/08\/20230810-08ago2023-08-peaa-em-pimenteiras_007-768x538.jpg 768w\" sizes=\"(max-width: 1000px) 100vw, 1000px\" \/><\/figure>\n\n\n\n<figure class=\"wp-block-image size-large\"><img decoding=\"async\" loading=\"lazy\" width=\"1000\" height=\"700\" data-id=\"13716\"  src=\"http:\/\/www.emater.ro.gov.br\/ematerro\/wp-content\/uploads\/2023\/08\/20230810-08ago2023-08-peaa-em-pimenteiras_008.jpg\" alt=\"\" class=\"wp-image-13716\" srcset=\"http:\/\/www.emater.ro.gov.br\/ematerro\/wp-content\/uploads\/2023\/08\/20230810-08ago2023-08-peaa-em-pimenteiras_008.jpg 1000w, http:\/\/www.emater.ro.gov.br\/ematerro\/wp-content\/uploads\/2023\/08\/20230810-08ago2023-08-peaa-em-pimenteiras_008-300x210.jpg 300w, http:\/\/www.emater.ro.gov.br\/ematerro\/wp-content\/uploads\/2023\/08\/20230810-08ago2023-08-peaa-em-pimenteiras_008-768x538.jpg 768w\" sizes=\"(max-width: 1000px) 100vw, 1000px\" \/><\/figure>\n\n\n\n<figure class=\"wp-block-image size-large\"><img decoding=\"async\" loading=\"lazy\" width=\"1000\" height=\"700\" data-id=\"13717\"  src=\"http:\/\/www.emater.ro.gov.br\/ematerro\/wp-content\/uploads\/2023\/08\/20230810-08ago2023-08-peaa-em-pimenteiras_009.jpg\" alt=\"\" class=\"wp-image-13717\" srcset=\"http:\/\/www.emater.ro.gov.br\/ematerro\/wp-content\/uploads\/2023\/08\/20230810-08ago2023-08-peaa-em-pimenteiras_009.jpg 1000w, http:\/\/www.emater.ro.gov.br\/ematerro\/wp-content\/uploads\/2023\/08\/20230810-08ago2023-08-peaa-em-pimenteiras_009-300x210.jpg 300w, http:\/\/www.emater.ro.gov.br\/ematerro\/wp-content\/uploads\/2023\/08\/20230810-08ago2023-08-peaa-em-pimenteiras_009-768x538.jpg 768w\" sizes=\"(max-width: 1000px) 100vw, 1000px\" \/><\/figure>\n\n\n\n<figure class=\"wp-block-image size-large\"><img decoding=\"async\" loading=\"lazy\" width=\"1000\" height=\"700\" data-id=\"13718\"  src=\"http:\/\/www.emater.ro.gov.br\/ematerro\/wp-content\/uploads\/2023\/08\/20230810-08ago2023-08-peaa-em-pimenteiras_010.jpg\" alt=\"\" class=\"wp-image-13718\" srcset=\"http:\/\/www.emater.ro.gov.br\/ematerro\/wp-content\/uploads\/2023\/08\/20230810-08ago2023-08-peaa-em-pimenteiras_010.jpg 1000w, http:\/\/www.emater.ro.gov.br\/ematerro\/wp-content\/uploads\/2023\/08\/20230810-08ago2023-08-peaa-em-pimenteiras_010-300x210.jpg 300w, http:\/\/www.emater.ro.gov.br\/ematerro\/wp-content\/uploads\/2023\/08\/20230810-08ago2023-08-peaa-em-pimenteiras_010-768x538.jpg 768w\" sizes=\"(max-width: 1000px) 100vw, 1000px\" \/><\/figure>\n\n\n\n<figure class=\"wp-block-image size-large\"><img decoding=\"async\" loading=\"lazy\" width=\"1000\" height=\"700\" data-id=\"13719\"  src=\"http:\/\/www.emater.ro.gov.br\/ematerro\/wp-content\/uploads\/2023\/08\/20230810-08ago2023-08-peaa-em-pimenteiras_011.jpg\" alt=\"\" class=\"wp-image-13719\" srcset=\"http:\/\/www.emater.ro.gov.br\/ematerro\/wp-content\/uploads\/2023\/08\/20230810-08ago2023-08-peaa-em-pimenteiras_011.jpg 1000w, http:\/\/www.emater.ro.gov.br\/ematerro\/wp-content\/uploads\/2023\/08\/20230810-08ago2023-08-peaa-em-pimenteiras_011-300x210.jpg 300w, http:\/\/www.emater.ro.gov.br\/ematerro\/wp-content\/uploads\/2023\/08\/20230810-08ago2023-08-peaa-em-pimenteiras_011-768x538.jpg 768w\" sizes=\"(max-width: 1000px) 100vw, 1000px\" \/><\/figure>\n\n\n\n<figure class=\"wp-block-image size-large\"><img decoding=\"async\" loading=\"lazy\" width=\"1000\" height=\"700\" data-id=\"13720\"  src=\"http:\/\/www.emater.ro.gov.br\/ematerro\/wp-content\/uploads\/2023\/08\/20230810-08ago2023-08-peaa-em-pimenteiras_012.jpg\" alt=\"\" class=\"wp-image-13720\" srcset=\"http:\/\/www.emater.ro.gov.br\/ematerro\/wp-content\/uploads\/2023\/08\/20230810-08ago2023-08-peaa-em-pimenteiras_012.jpg 1000w, http:\/\/www.emater.ro.gov.br\/ematerro\/wp-content\/uploads\/2023\/08\/20230810-08ago2023-08-peaa-em-pimenteiras_012-300x210.jpg 300w, http:\/\/www.emater.ro.gov.br\/ematerro\/wp-content\/uploads\/2023\/08\/20230810-08ago2023-08-peaa-em-pimenteiras_012-768x538.jpg 768w\" sizes=\"(max-width: 1000px) 100vw, 1000px\" \/><\/figure>\n\n\n\n<figure class=\"wp-block-image size-large\"><img decoding=\"async\" loading=\"lazy\" width=\"1000\" height=\"700\" data-id=\"13721\"  src=\"http:\/\/www.emater.ro.gov.br\/ematerro\/wp-content\/uploads\/2023\/08\/20230810-08ago2023-08-peaa-em-pimenteiras_013.jpg\" alt=\"\" class=\"wp-image-13721\" srcset=\"http:\/\/www.emater.ro.gov.br\/ematerro\/wp-content\/uploads\/2023\/08\/20230810-08ago2023-08-peaa-em-pimenteiras_013.jpg 1000w, http:\/\/www.emater.ro.gov.br\/ematerro\/wp-content\/uploads\/2023\/08\/20230810-08ago2023-08-peaa-em-pimenteiras_013-300x210.jpg 300w, http:\/\/www.emater.ro.gov.br\/ematerro\/wp-content\/uploads\/2023\/08\/20230810-08ago2023-08-peaa-em-pimenteiras_013-768x538.jpg 768w\" sizes=\"(max-width: 1000px) 100vw, 1000px\" \/><\/figure>\n\n\n\n<figure class=\"wp-block-image size-large\"><img decoding=\"async\" loading=\"lazy\" width=\"1000\" height=\"700\" data-id=\"13722\"  src=\"http:\/\/www.emater.ro.gov.br\/ematerro\/wp-content\/uploads\/2023\/08\/20230810-08ago2023-08-peaa-em-pimenteiras_014.jpg\" alt=\"\" class=\"wp-image-13722\" srcset=\"http:\/\/www.emater.ro.gov.br\/ematerro\/wp-content\/uploads\/2023\/08\/20230810-08ago2023-08-peaa-em-pimenteiras_014.jpg 1000w, http:\/\/www.emater.ro.gov.br\/ematerro\/wp-content\/uploads\/2023\/08\/20230810-08ago2023-08-peaa-em-pimenteiras_014-300x210.jpg 300w, http:\/\/www.emater.ro.gov.br\/ematerro\/wp-content\/uploads\/2023\/08\/20230810-08ago2023-08-peaa-em-pimenteiras_014-768x538.jpg 768w\" sizes=\"(max-width: 1000px) 100vw, 1000px\" \/><\/figure>\n\n\n\n<figure class=\"wp-block-image size-large\"><img decoding=\"async\" loading=\"lazy\" width=\"1000\" height=\"700\" data-id=\"13723\"  src=\"http:\/\/www.emater.ro.gov.br\/ematerro\/wp-content\/uploads\/2023\/08\/20230810-08ago2023-08-peaa-em-pimenteiras_014-.jpg\" alt=\"\" class=\"wp-image-13723\" srcset=\"http:\/\/www.emater.ro.gov.br\/ematerro\/wp-content\/uploads\/2023\/08\/20230810-08ago2023-08-peaa-em-pimenteiras_014-.jpg 1000w, http:\/\/www.emater.ro.gov.br\/ematerro\/wp-content\/uploads\/2023\/08\/20230810-08ago2023-08-peaa-em-pimenteiras_014--300x210.jpg 300w, http:\/\/www.emater.ro.gov.br\/ematerro\/wp-content\/uploads\/2023\/08\/20230810-08ago2023-08-peaa-em-pimenteiras_014--768x538.jpg 768w\" sizes=\"(max-width: 1000px) 100vw, 1000px\" \/><\/figure>\n\n\n\n<figure class=\"wp-block-image size-large\"><img decoding=\"async\" loading=\"lazy\" width=\"700\" height=\"1000\" data-id=\"13724\"  src=\"http:\/\/www.emater.ro.gov.br\/ematerro\/wp-content\/uploads\/2023\/08\/20230810-08ago2023-08-peaa-em-pimenteiras_015.jpg\" alt=\"\" class=\"wp-image-13724\" srcset=\"http:\/\/www.emater.ro.gov.br\/ematerro\/wp-content\/uploads\/2023\/08\/20230810-08ago2023-08-peaa-em-pimenteiras_015.jpg 700w, http:\/\/www.emater.ro.gov.br\/ematerro\/wp-content\/uploads\/2023\/08\/20230810-08ago2023-08-peaa-em-pimenteiras_015-210x300.jpg 210w\" sizes=\"(max-width: 700px) 100vw, 700px\" \/><\/figure>\n\n\n\n<figure class=\"wp-block-image size-large\"><img decoding=\"async\" loading=\"lazy\" width=\"700\" height=\"1000\" data-id=\"13725\"  src=\"http:\/\/www.emater.ro.gov.br\/ematerro\/wp-content\/uploads\/2023\/08\/20230810-08ago2023-08-peaa-em-pimenteiras_016.jpg\" alt=\"\" class=\"wp-image-13725\" srcset=\"http:\/\/www.emater.ro.gov.br\/ematerro\/wp-content\/uploads\/2023\/08\/20230810-08ago2023-08-peaa-em-pimenteiras_016.jpg 700w, http:\/\/www.emater.ro.gov.br\/ematerro\/wp-content\/uploads\/2023\/08\/20230810-08ago2023-08-peaa-em-pimenteiras_016-210x300.jpg 210w\" sizes=\"(max-width: 700px) 100vw, 700px\" \/><\/figure>\n\n\n\n<figure class=\"wp-block-image size-large\"><img decoding=\"async\" loading=\"lazy\" width=\"700\" height=\"1000\" data-id=\"13726\"  src=\"http:\/\/www.emater.ro.gov.br\/ematerro\/wp-content\/uploads\/2023\/08\/20230810-08ago2023-08-peaa-em-pimenteiras_017.jpg\" alt=\"\" class=\"wp-image-13726\" srcset=\"http:\/\/www.emater.ro.gov.br\/ematerro\/wp-content\/uploads\/2023\/08\/20230810-08ago2023-08-peaa-em-pimenteiras_017.jpg 700w, http:\/\/www.emater.ro.gov.br\/ematerro\/wp-content\/uploads\/2023\/08\/20230810-08ago2023-08-peaa-em-pimenteiras_017-210x300.jpg 210w\" sizes=\"(max-width: 700px) 100vw, 700px\" \/><\/figure>\n<\/figure>\n","protected":false},"excerpt":{"rendered":"<p>O desperd\u00edcio de alimentos \u00e9 um grande potencializador da inseguran\u00e7a alimentar. Dados da Organiza\u00e7\u00e3o das Na\u00e7\u00f5es Unidas para Alimenta\u00e7\u00e3o e Agricultura (2021) apontam que 30% da produ\u00e7\u00e3o mundial de alimentos [&hellip;]<\/p>\n","protected":false},"author":9,"featured_media":13717,"comment_status":"closed","ping_status":"closed","sticky":false,"template":"","format":"standard","meta":[],"categories":[10,11],"tags":[135,222,133,45],"_links":{"self":[{"href":"http:\/\/www.emater.ro.gov.br\/ematerro\/wp-json\/wp\/v2\/posts\/13708"}],"collection":[{"href":"http:\/\/www.emater.ro.gov.br\/ematerro\/wp-json\/wp\/v2\/posts"}],"about":[{"href":"http:\/\/www.emater.ro.gov.br\/ematerro\/wp-json\/wp\/v2\/types\/post"}],"author":[{"embeddable":true,"href":"http:\/\/www.emater.ro.gov.br\/ematerro\/wp-json\/wp\/v2\/users\/9"}],"replies":[{"embeddable":true,"href":"http:\/\/www.emater.ro.gov.br\/ematerro\/wp-json\/wp\/v2\/comments?post=13708"}],"version-history":[{"count":1,"href":"http:\/\/www.emater.ro.gov.br\/ematerro\/wp-json\/wp\/v2\/posts\/13708\/revisions"}],"predecessor-version":[{"id":13727,"href":"http:\/\/www.emater.ro.gov.br\/ematerro\/wp-json\/wp\/v2\/posts\/13708\/revisions\/13727"}],"wp:featuredmedia":[{"embeddable":true,"href":"http:\/\/www.emater.ro.gov.br\/ematerro\/wp-json\/wp\/v2\/media\/13717"}],"wp:attachment":[{"href":"http:\/\/www.emater.ro.gov.br\/ematerro\/wp-json\/wp\/v2\/media?parent=13708"}],"wp:term":[{"taxonomy":"category","embeddable":true,"href":"http:\/\/www.emater.ro.gov.br\/ematerro\/wp-json\/wp\/v2\/categories?post=13708"},{"taxonomy":"post_tag","embeddable":true,"href":"http:\/\/www.emater.ro.gov.br\/ematerro\/wp-json\/wp\/v2\/tags?post=13708"}],"curies":[{"name":"wp","href":"https:\/\/api.w.org\/{rel}","templated":true}]}}