{"id":13582,"date":"2023-07-19T11:51:29","date_gmt":"2023-07-19T15:51:29","guid":{"rendered":"http:\/\/www.emater.ro.gov.br\/ematerro\/?p=13582"},"modified":"2023-07-19T11:51:29","modified_gmt":"2023-07-19T15:51:29","slug":"camara-municipal-de-rolim-de-moura-presta-homenagem-a-emater-ro-e-aos-produtores-de-cafe-da-regiao","status":"publish","type":"post","link":"http:\/\/www.emater.ro.gov.br\/ematerro\/2023\/07\/19\/camara-municipal-de-rolim-de-moura-presta-homenagem-a-emater-ro-e-aos-produtores-de-cafe-da-regiao\/","title":{"rendered":"C\u00e2mara Municipal de Rolim de Moura presta homenagem \u00e0 Emater-RO e aos produtores de caf\u00e9 da regi\u00e3o"},"content":{"rendered":"<div class=\"wp-block-image\">\n<figure class=\"aligncenter size-large is-resized\"><img decoding=\"async\" loading=\"lazy\" src=\"http:\/\/www.emater.ro.gov.br\/ematerro\/wp-content\/uploads\/2023\/07\/20230719-07jul2023-11-mocao-de-apaluso-produtores-cafe_rolim-de-moura-1-1024x717.jpg\" alt=\"\" class=\"wp-image-13583\" width=\"840\" height=\"588\" srcset=\"http:\/\/www.emater.ro.gov.br\/ematerro\/wp-content\/uploads\/2023\/07\/20230719-07jul2023-11-mocao-de-apaluso-produtores-cafe_rolim-de-moura-1-1024x717.jpg 1024w, http:\/\/www.emater.ro.gov.br\/ematerro\/wp-content\/uploads\/2023\/07\/20230719-07jul2023-11-mocao-de-apaluso-produtores-cafe_rolim-de-moura-1-300x210.jpg 300w, http:\/\/www.emater.ro.gov.br\/ematerro\/wp-content\/uploads\/2023\/07\/20230719-07jul2023-11-mocao-de-apaluso-produtores-cafe_rolim-de-moura-1-768x538.jpg 768w, http:\/\/www.emater.ro.gov.br\/ematerro\/wp-content\/uploads\/2023\/07\/20230719-07jul2023-11-mocao-de-apaluso-produtores-cafe_rolim-de-moura-1-1536x1075.jpg 1536w, http:\/\/www.emater.ro.gov.br\/ematerro\/wp-content\/uploads\/2023\/07\/20230719-07jul2023-11-mocao-de-apaluso-produtores-cafe_rolim-de-moura-1.jpg 1600w\" sizes=\"(max-width: 840px) 100vw, 840px\" \/><figcaption class=\"wp-element-caption\"><em><sup>O investimento em boas pr\u00e1ticas gen\u00e9ticas e tecnologia tem permitido que a cadeia produtiva avance ainda mais em Rond\u00f4nia<\/sup>.<\/em><\/figcaption><\/figure><\/div>\n\n\n<p>A Entidade Aut\u00e1rquica de Assist\u00eancia T\u00e9cnica e Extens\u00e3o Rural (Emater-RO), em sess\u00e3o solene realizada no dia 11 de julho deste ano pela C\u00e2mara Municipal de Rolim de Moura, recebeu Mo\u00e7\u00e3o de Aplausos pelo relevante trabalho prestado para o desenvolvimento da cafeicultura na cidade. Al\u00e9m da Emater-RO, foram homenageados personalidade e cafeicultores que ao longo dos anos vem contribuindo e apoiando o fortalecimento da cultura do caf\u00e9.<\/p>\n\n\n\n<p>A cafeicultura de Rolim de Moura vem crescendo a cada ano, com apoio e assist\u00eancia t\u00e9cnica da Emater-RO, os cafeicultores vem melhorando o seu desempenho produtivo e o resultado \u00e9 vis\u00edvel dentro e fora do estado. Para atingir esse patamar t\u00e3o relevante o governo estadual, por meio das a\u00e7\u00f5es da Secretaria de Estado da Agricultura (Seagri) e Emater-RO, tem ofertado a esses cafeicultores capacita\u00e7\u00e3o e tecnologia a fim de proporcionar a melhoria da produ\u00e7\u00e3o e produtividade dos caf\u00e9s de Rond\u00f4nia e tem dado t\u00e3o certo que muitos dos cafeicultores rondonienses t\u00eam se destacado nos grandes eventos voltados para a qualidade do caf\u00e9 em gr\u00e3o e em bebida.<\/p>\n\n\n\n<p>Para o governador Marcos Rocha, que vem acompanhado de perto o crescimento econ\u00f4mico e qualitativo do caf\u00e9 rondoniense, as a\u00e7\u00f5es executadas pela Emater-RO t\u00eam sido preponderante para o fortalecimento do estado. \u201cO investimento em boas pr\u00e1ticas gen\u00e9ticas, como \u00e9 o caso das mudas de caf\u00e9 clonal, e tecnologia, quem vem sendo trabalhada junto \u00e0 plataforma global do caf\u00e9, tem permitido que a cadeia produtiva avance ainda mais em Rond\u00f4nia\u201d, disse o governador.<\/p>\n\n\n<div class=\"wp-block-image\">\n<figure class=\"alignleft size-large is-resized\"><img decoding=\"async\" loading=\"lazy\" src=\"http:\/\/www.emater.ro.gov.br\/ematerro\/wp-content\/uploads\/2023\/07\/20230719-07jul2023-11-mocao-de-apaluso-produtores-cafe_rolim-de-moura_rafael-teles8-1024x717.jpg\" alt=\"\" class=\"wp-image-13584\" width=\"385\" height=\"269\" srcset=\"http:\/\/www.emater.ro.gov.br\/ematerro\/wp-content\/uploads\/2023\/07\/20230719-07jul2023-11-mocao-de-apaluso-produtores-cafe_rolim-de-moura_rafael-teles8-1024x717.jpg 1024w, http:\/\/www.emater.ro.gov.br\/ematerro\/wp-content\/uploads\/2023\/07\/20230719-07jul2023-11-mocao-de-apaluso-produtores-cafe_rolim-de-moura_rafael-teles8-300x210.jpg 300w, http:\/\/www.emater.ro.gov.br\/ematerro\/wp-content\/uploads\/2023\/07\/20230719-07jul2023-11-mocao-de-apaluso-produtores-cafe_rolim-de-moura_rafael-teles8-768x538.jpg 768w, http:\/\/www.emater.ro.gov.br\/ematerro\/wp-content\/uploads\/2023\/07\/20230719-07jul2023-11-mocao-de-apaluso-produtores-cafe_rolim-de-moura_rafael-teles8-1536x1075.jpg 1536w, http:\/\/www.emater.ro.gov.br\/ematerro\/wp-content\/uploads\/2023\/07\/20230719-07jul2023-11-mocao-de-apaluso-produtores-cafe_rolim-de-moura_rafael-teles8.jpg 1600w\" sizes=\"(max-width: 385px) 100vw, 385px\" \/><figcaption class=\"wp-element-caption\"><em><sup>A Emater-RO foi homenageada pelos servi\u00e7os prestados ao desenvolvimento da cafeicultura.<\/sup><\/em><\/figcaption><\/figure><\/div>\n\n\n<p>A homenagem feita pela C\u00e2mara Municipal de Rolim de Moura \u00e0 Emater-RO e \u00e0s personalidades e cafeicultores que participaram de concursos de qualidade do caf\u00e9 demonstra a satisfa\u00e7\u00e3o da comunidade com o desempenho do setor agropecu\u00e1rio. O evento contou com a presen\u00e7a de diversas lideran\u00e7as pol\u00edticas e da sociedade civil do munic\u00edpio, al\u00e9m de cafeicultores premiados nos concursos estadual e internacional.<\/p>\n\n\n\n<p>Luciano Brand\u00e3o, diretor-presidente da Emater-RO ressalta que os cafeicultores de Rolim de Moura tem se destacado na cafeicultura e prova disso \u00e9 que, dos 19 produtores que participaram dos Concursos de Qualidade e Sustentabilidade do Caf\u00e9 de Rond\u00f4nia (Concaf\u00e9), 18 alcan\u00e7aram pontua\u00e7\u00e3o acima de 80, n\u00edvel este considerado ideal para caf\u00e9s especiais, e dois deles se destacaram em concurso internacional, como o senhor Altivo Eduardo Berdes, que ficou em 5\u00ba colocado no Concurso Coffee Of The Year, realizado em Belo Horizonte, no ano passado, e Josivaldo Teixeira da Silva que ficou entre os 20 finalistas.<\/p>\n\n\n\n<p>As mulheres tamb\u00e9m t\u00eam se destacado na cafeicultura e dona Eunir Laurentino \u00e9 uma delas, sendo classificada entre as 20 melhores do Brasil, no concurso \u201cFlorada Premiada\u201d. \u201cEste reconhecimento por parte do poder legislativo municipal \u00e9 uma forma de incentivar e homenagear produtores e t\u00e9cnicos para continuarem com foco na produ\u00e7\u00e3o de caf\u00e9s de qualidade\u201d, ressalta o extensionista da Emater-RO local, Marcelo Lopes.<\/p>\n\n\n\n<p class=\"has-text-align-right\"><em>Texto: Wania Ressutti<br>Jornalista \u2013 MTE-1744\/RO<br>Fotos: Rafael Teles<br>EMATER-RO<\/em><\/p>\n","protected":false},"excerpt":{"rendered":"<p>A Entidade Aut\u00e1rquica de Assist\u00eancia T\u00e9cnica e Extens\u00e3o Rural (Emater-RO), em sess\u00e3o solene realizada no dia 11 de julho deste ano pela C\u00e2mara Municipal de Rolim de Moura, recebeu Mo\u00e7\u00e3o [&hellip;]<\/p>\n","protected":false},"author":9,"featured_media":13585,"comment_status":"closed","ping_status":"closed","sticky":false,"template":"","format":"standard","meta":[],"categories":[10,9,12],"tags":[135,286,65,45],"_links":{"self":[{"href":"http:\/\/www.emater.ro.gov.br\/ematerro\/wp-json\/wp\/v2\/posts\/13582"}],"collection":[{"href":"http:\/\/www.emater.ro.gov.br\/ematerro\/wp-json\/wp\/v2\/posts"}],"about":[{"href":"http:\/\/www.emater.ro.gov.br\/ematerro\/wp-json\/wp\/v2\/types\/post"}],"author":[{"embeddable":true,"href":"http:\/\/www.emater.ro.gov.br\/ematerro\/wp-json\/wp\/v2\/users\/9"}],"replies":[{"embeddable":true,"href":"http:\/\/www.emater.ro.gov.br\/ematerro\/wp-json\/wp\/v2\/comments?post=13582"}],"version-history":[{"count":1,"href":"http:\/\/www.emater.ro.gov.br\/ematerro\/wp-json\/wp\/v2\/posts\/13582\/revisions"}],"predecessor-version":[{"id":13586,"href":"http:\/\/www.emater.ro.gov.br\/ematerro\/wp-json\/wp\/v2\/posts\/13582\/revisions\/13586"}],"wp:featuredmedia":[{"embeddable":true,"href":"http:\/\/www.emater.ro.gov.br\/ematerro\/wp-json\/wp\/v2\/media\/13585"}],"wp:attachment":[{"href":"http:\/\/www.emater.ro.gov.br\/ematerro\/wp-json\/wp\/v2\/media?parent=13582"}],"wp:term":[{"taxonomy":"category","embeddable":true,"href":"http:\/\/www.emater.ro.gov.br\/ematerro\/wp-json\/wp\/v2\/categories?post=13582"},{"taxonomy":"post_tag","embeddable":true,"href":"http:\/\/www.emater.ro.gov.br\/ematerro\/wp-json\/wp\/v2\/tags?post=13582"}],"curies":[{"name":"wp","href":"https:\/\/api.w.org\/{rel}","templated":true}]}}