{"id":13369,"date":"2023-06-28T12:18:27","date_gmt":"2023-06-28T16:18:27","guid":{"rendered":"http:\/\/www.emater.ro.gov.br\/ematerro\/?p=13369"},"modified":"2023-06-28T12:22:12","modified_gmt":"2023-06-28T16:22:12","slug":"emater-ro-e-tribunal-de-justica-organizam-feira-da-agricultura-familiar-sustentavel","status":"publish","type":"post","link":"http:\/\/www.emater.ro.gov.br\/ematerro\/2023\/06\/28\/emater-ro-e-tribunal-de-justica-organizam-feira-da-agricultura-familiar-sustentavel\/","title":{"rendered":"Emater-RO e Tribunal de Justi\u00e7a organizam feira da agricultura familiar sustent\u00e1vel"},"content":{"rendered":"\n<p><br>Ser\u00e1 realizada nesta sexta-feira, 30 de junho, no estacionamento do F\u00f3rum Central de Porto Velho, o primeiro dia da Feira da Agricultura Familiar Sustent\u00e1vel de produtores rurais do entorno e linhas adjacentes \u00e0 Porto Velho. Cerca de 30 agricultores familiares estar\u00e3o comercializando seus produtos, garantindo a diversidade de alimentos frescos, diretamente da propriedade para o consumidor.<\/p>\n\n\n\n<figure class=\"wp-block-image size-full\"><img decoding=\"async\" loading=\"lazy\" width=\"1024\" height=\"640\" src=\"http:\/\/www.emater.ro.gov.br\/ematerro\/wp-content\/uploads\/2023\/06\/20230628-06jun2023-28-feira-do-forum_arnaldo-brito-6.jpeg\" alt=\"\" class=\"wp-image-13378\" srcset=\"http:\/\/www.emater.ro.gov.br\/ematerro\/wp-content\/uploads\/2023\/06\/20230628-06jun2023-28-feira-do-forum_arnaldo-brito-6.jpeg 1024w, http:\/\/www.emater.ro.gov.br\/ematerro\/wp-content\/uploads\/2023\/06\/20230628-06jun2023-28-feira-do-forum_arnaldo-brito-6-300x188.jpeg 300w, http:\/\/www.emater.ro.gov.br\/ematerro\/wp-content\/uploads\/2023\/06\/20230628-06jun2023-28-feira-do-forum_arnaldo-brito-6-768x480.jpeg 768w\" sizes=\"(max-width: 1024px) 100vw, 1024px\" \/><figcaption class=\"wp-element-caption\"><em>A Feira da Agricultura Familiar Sustent\u00e1vel ser\u00e1 realizada mensalmente.<\/em><\/figcaption><\/figure>\n\n\n\n<p>A iniciativa surgiu de uma Parceria entre a Entidade Aut\u00e1rquica de Assist\u00eancia T\u00e9cnica e Extens\u00e3o Rural (Emater-RO) e o Tribunal de Justi\u00e7a de Rond\u00f4nia que, por meio de suas atividades no N\u00facleo de Sustentabilidade, Inclus\u00e3o e Gest\u00e3o Socioambiental, cedeu o espa\u00e7o do estacionamento para abrigar os produtores familiares. Segundo Arnaldo Brito, um dos respons\u00e1veis pelas atividades sociais da Emater-RO, o diferencial desta feira \u00e9 que todos os participantes s\u00e3o produtores cadastrados e assistidos pela Emater-RO que produzem de forma familiar e n\u00e3o participam de nenhuma feira livre na cidade.<\/p>\n\n\n\n<p>Para o governador Marcos Rocha, \u00e9 importante que o governo trabalhe para fortalecer as pol\u00edticas de seguran\u00e7a alimentar e nutricional, tanto que recentemente, por meio da Emater-RO, oficializou a entrega de barracas e balan\u00e7as digitais para feirantes. \u201cEssas feiras se apresentam como uma oportunidade de o produtor familiar comercializar o seu produto e garantir renda para a sua fam\u00edlia, por isso, n\u00f3s, enquanto governo, temos que estar presentes para somar a\u00e7\u00f5es que valorizem a produ\u00e7\u00e3o agr\u00edcola e abra postas para a comercializa\u00e7\u00e3o\u201d, enfatiza o governador.<\/p>\n\n\n<div class=\"wp-block-image\">\n<figure class=\"alignleft size-large is-resized\"><img decoding=\"async\" loading=\"lazy\" src=\"http:\/\/www.emater.ro.gov.br\/ematerro\/wp-content\/uploads\/2023\/06\/20230628-06jun2023-28-feira-do-forum_arnaldo-brito-4-1024x640.jpg\" alt=\"\" class=\"wp-image-13373\" width=\"471\" height=\"294\" srcset=\"http:\/\/www.emater.ro.gov.br\/ematerro\/wp-content\/uploads\/2023\/06\/20230628-06jun2023-28-feira-do-forum_arnaldo-brito-4-1024x640.jpg 1024w, http:\/\/www.emater.ro.gov.br\/ematerro\/wp-content\/uploads\/2023\/06\/20230628-06jun2023-28-feira-do-forum_arnaldo-brito-4-300x188.jpg 300w, http:\/\/www.emater.ro.gov.br\/ematerro\/wp-content\/uploads\/2023\/06\/20230628-06jun2023-28-feira-do-forum_arnaldo-brito-4-768x480.jpg 768w, http:\/\/www.emater.ro.gov.br\/ematerro\/wp-content\/uploads\/2023\/06\/20230628-06jun2023-28-feira-do-forum_arnaldo-brito-4-1536x960.jpg 1536w, http:\/\/www.emater.ro.gov.br\/ematerro\/wp-content\/uploads\/2023\/06\/20230628-06jun2023-28-feira-do-forum_arnaldo-brito-4.jpg 1600w\" sizes=\"(max-width: 471px) 100vw, 471px\" \/><figcaption class=\"wp-element-caption\"><em>Diversidade de produtos da agricultura familiar.<\/em><\/figcaption><\/figure><\/div>\n\n\n<p>Durante a feira, cuja primeira ser\u00e1 realizada neste dia 30 de junho, das 8h \u00e0s 14h, os feirantes estar\u00e3o comercializando produtos hortifrutigrangeiros, peixes, queijos, doces e outros produzidos pela agroind\u00fastria familiar, tendo como orienta\u00e7\u00e3o as boas-pr\u00e1ticas de manipula\u00e7\u00e3o de alimentos orientadas pelos extensionistas da Emater-RO, al\u00e9m de plantas ornamentais produzidas pelo pr\u00f3prio agricultor dentro do controle fitossanit\u00e1rio orientado pela Ag\u00eancia de Defesa Sanit\u00e1ria Agrosilvopastoril de Rond\u00f4nia (Idaron).<\/p>\n\n\n\n<p>A Feira da Agricultura Familiar Sustent\u00e1vel ser\u00e1 realizada no estacionamento do F\u00f3rum Central de Porto Velho, localizado na avenida Pinheiro Machado, 777, bairro Olaria e a perspectiva \u00e9 que se torne uma feira mensal.<\/p>\n\n\n\n<p class=\"has-text-align-right\"><em>Texto: Wania Ressutti<br>Jornalista \u2013 MTE-1744\/RO<br>Fotos: Arnaldo Brito<br>EMATER-RO<\/em><\/p>\n","protected":false},"excerpt":{"rendered":"<p>Ser\u00e1 realizada nesta sexta-feira, 30 de junho, no estacionamento do F\u00f3rum Central de Porto Velho, o primeiro dia da Feira da Agricultura Familiar Sustent\u00e1vel de produtores rurais do entorno e [&hellip;]<\/p>\n","protected":false},"author":9,"featured_media":13374,"comment_status":"closed","ping_status":"closed","sticky":false,"template":"","format":"standard","meta":[],"categories":[10,9,12],"tags":[],"_links":{"self":[{"href":"http:\/\/www.emater.ro.gov.br\/ematerro\/wp-json\/wp\/v2\/posts\/13369"}],"collection":[{"href":"http:\/\/www.emater.ro.gov.br\/ematerro\/wp-json\/wp\/v2\/posts"}],"about":[{"href":"http:\/\/www.emater.ro.gov.br\/ematerro\/wp-json\/wp\/v2\/types\/post"}],"author":[{"embeddable":true,"href":"http:\/\/www.emater.ro.gov.br\/ematerro\/wp-json\/wp\/v2\/users\/9"}],"replies":[{"embeddable":true,"href":"http:\/\/www.emater.ro.gov.br\/ematerro\/wp-json\/wp\/v2\/comments?post=13369"}],"version-history":[{"count":4,"href":"http:\/\/www.emater.ro.gov.br\/ematerro\/wp-json\/wp\/v2\/posts\/13369\/revisions"}],"predecessor-version":[{"id":13379,"href":"http:\/\/www.emater.ro.gov.br\/ematerro\/wp-json\/wp\/v2\/posts\/13369\/revisions\/13379"}],"wp:featuredmedia":[{"embeddable":true,"href":"http:\/\/www.emater.ro.gov.br\/ematerro\/wp-json\/wp\/v2\/media\/13374"}],"wp:attachment":[{"href":"http:\/\/www.emater.ro.gov.br\/ematerro\/wp-json\/wp\/v2\/media?parent=13369"}],"wp:term":[{"taxonomy":"category","embeddable":true,"href":"http:\/\/www.emater.ro.gov.br\/ematerro\/wp-json\/wp\/v2\/categories?post=13369"},{"taxonomy":"post_tag","embeddable":true,"href":"http:\/\/www.emater.ro.gov.br\/ematerro\/wp-json\/wp\/v2\/tags?post=13369"}],"curies":[{"name":"wp","href":"https:\/\/api.w.org\/{rel}","templated":true}]}}