{"id":13313,"date":"2023-06-26T09:38:01","date_gmt":"2023-06-26T13:38:01","guid":{"rendered":"http:\/\/www.emater.ro.gov.br\/ematerro\/?p=13313"},"modified":"2023-06-26T09:38:01","modified_gmt":"2023-06-26T13:38:01","slug":"moradores-das-comunidades-do-baixo-madeira-recebem-assistencia-tecnica-e-social-atraves-da-emater-ro","status":"publish","type":"post","link":"http:\/\/www.emater.ro.gov.br\/ematerro\/2023\/06\/26\/moradores-das-comunidades-do-baixo-madeira-recebem-assistencia-tecnica-e-social-atraves-da-emater-ro\/","title":{"rendered":"Moradores das comunidades do Baixo Madeira recebem assist\u00eancia t\u00e9cnica e social atrav\u00e9s da Emater-RO"},"content":{"rendered":"\n<p><\/p>\n\n\n<div class=\"wp-block-image\">\n<figure class=\"aligncenter size-full\"><img decoding=\"async\" loading=\"lazy\" width=\"1000\" height=\"625\" src=\"http:\/\/www.emater.ro.gov.br\/ematerro\/wp-content\/uploads\/2023\/06\/20230626-mutirao-social-4.jpg\" alt=\"\" class=\"wp-image-13339\" srcset=\"http:\/\/www.emater.ro.gov.br\/ematerro\/wp-content\/uploads\/2023\/06\/20230626-mutirao-social-4.jpg 1000w, http:\/\/www.emater.ro.gov.br\/ematerro\/wp-content\/uploads\/2023\/06\/20230626-mutirao-social-4-300x188.jpg 300w, http:\/\/www.emater.ro.gov.br\/ematerro\/wp-content\/uploads\/2023\/06\/20230626-mutirao-social-4-768x480.jpg 768w\" sizes=\"(max-width: 1000px) 100vw, 1000px\" \/><figcaption class=\"wp-element-caption\">Agricultoras ribeirinhas recebem orienta\u00e7\u00f5es de como acessar benef\u00edcios sociais previdenci\u00e1rios.<\/figcaption><\/figure><\/div>\n\n\n<p>Agricultores familiares, extrativistas e pescadores artesanais que vivem ao longo do Rio Madeira recebem assist\u00eancia t\u00e9cnica e orienta\u00e7\u00f5es gerais sobre acesso a pol\u00edticas p\u00fablicas, como direitos trabalhistas e previdenci\u00e1rios, atrav\u00e9s dos t\u00e9cnicos extensionistas da Entidade Aut\u00e1rquica de Assist\u00eancia T\u00e9cnica e Extens\u00e3o Rural de Rond\u00f4nia (Emater-RO).<\/p>\n\n\n\n<p>Quase sempre estes trabalhadores rurais ribeirinhos trabalham na informalidade, n\u00e3o contribuem para previd\u00eancia, muitas vezes desconhecem direitos sociais garantidos pelo estado brasileiro, mulheres deixam de requerer auxilio maternidade, e outros benef\u00edcios sociais. Atender esse publico do Baixo Madeira, que por muito tempo ficou esquecido, \u00e9 uma prioridade, tem afirmado o governador Marcos Rocha.<\/p>\n\n\n<div class=\"wp-block-image\">\n<figure class=\"alignleft size-full is-resized\"><img decoding=\"async\" loading=\"lazy\" src=\"http:\/\/www.emater.ro.gov.br\/ematerro\/wp-content\/uploads\/2023\/06\/20230626-mutirao-social-2julia-costa-2023.jpg\" alt=\"\" class=\"wp-image-13344\" width=\"497\" height=\"310\" srcset=\"http:\/\/www.emater.ro.gov.br\/ematerro\/wp-content\/uploads\/2023\/06\/20230626-mutirao-social-2julia-costa-2023.jpg 968w, http:\/\/www.emater.ro.gov.br\/ematerro\/wp-content\/uploads\/2023\/06\/20230626-mutirao-social-2julia-costa-2023-300x188.jpg 300w, http:\/\/www.emater.ro.gov.br\/ematerro\/wp-content\/uploads\/2023\/06\/20230626-mutirao-social-2julia-costa-2023-768x480.jpg 768w\" sizes=\"(max-width: 497px) 100vw, 497px\" \/><figcaption class=\"wp-element-caption\">Em mutir\u00e3o t\u00e9cnicos do INSS e da Emater-RO atendem produtores ribeirinhos.<\/figcaption><\/figure><\/div>\n\n\n<p>Para auxiliar na orienta\u00e7\u00e3o e planejamento das fam\u00edlias ribeirinhas as extensionistas: Julia Costa, Lucilei Queiroz e Ant\u00f4nia Liliana realizam um trabalho educativo em conjunto com o Instituto Nacional de Seguridade Social (INSS), na forma de mutir\u00e3o, para informar e facilitar o acesso desses trabalhadores aos benef\u00edcios sociais oferecidos pela previd\u00eancia p\u00fablica. Elas orientam o trabalhador ou trabalhadora a se identificarem profissionalmente, e quais os documentos necess\u00e1rios para requisitar aposentaria rural entre outros benef\u00edcios.<\/p>\n\n\n\n<p>Embora pare\u00e7am simples, essas a\u00e7\u00f5es s\u00e3o de grande relev\u00e2ncia para tirar essa popula\u00e7\u00e3o da invisibilidade e inclu\u00ed-las em a\u00e7\u00f5es afirmativas de cidadania. A baixa escolaridade e a falta de habilidade para manusear documentos e aplicativos de internet como o meu INSS, diminuem as chances desse p\u00fablico de acessar direitos sociais b\u00e1sicos da pessoa humana, dizem os t\u00e9cnicos da Emater-RO.<\/p>\n\n\n\n<p> <\/p>\n\n\n\n<p class=\"has-text-align-right\">Texto: Enoque de Oliveira<br>Fotos: Julia Costa<br>EMATER-RO<\/p>\n\n\n\n<p><\/p>\n\n\n\n<p><\/p>\n","protected":false},"excerpt":{"rendered":"<p>Agricultores familiares, extrativistas e pescadores artesanais que vivem ao longo do Rio Madeira recebem assist\u00eancia t\u00e9cnica e orienta\u00e7\u00f5es gerais sobre acesso a pol\u00edticas p\u00fablicas, como direitos trabalhistas e previdenci\u00e1rios, atrav\u00e9s [&hellip;]<\/p>\n","protected":false},"author":8,"featured_media":13341,"comment_status":"closed","ping_status":"closed","sticky":false,"template":"","format":"standard","meta":[],"categories":[10,9,12],"tags":[],"_links":{"self":[{"href":"http:\/\/www.emater.ro.gov.br\/ematerro\/wp-json\/wp\/v2\/posts\/13313"}],"collection":[{"href":"http:\/\/www.emater.ro.gov.br\/ematerro\/wp-json\/wp\/v2\/posts"}],"about":[{"href":"http:\/\/www.emater.ro.gov.br\/ematerro\/wp-json\/wp\/v2\/types\/post"}],"author":[{"embeddable":true,"href":"http:\/\/www.emater.ro.gov.br\/ematerro\/wp-json\/wp\/v2\/users\/8"}],"replies":[{"embeddable":true,"href":"http:\/\/www.emater.ro.gov.br\/ematerro\/wp-json\/wp\/v2\/comments?post=13313"}],"version-history":[{"count":2,"href":"http:\/\/www.emater.ro.gov.br\/ematerro\/wp-json\/wp\/v2\/posts\/13313\/revisions"}],"predecessor-version":[{"id":13345,"href":"http:\/\/www.emater.ro.gov.br\/ematerro\/wp-json\/wp\/v2\/posts\/13313\/revisions\/13345"}],"wp:featuredmedia":[{"embeddable":true,"href":"http:\/\/www.emater.ro.gov.br\/ematerro\/wp-json\/wp\/v2\/media\/13341"}],"wp:attachment":[{"href":"http:\/\/www.emater.ro.gov.br\/ematerro\/wp-json\/wp\/v2\/media?parent=13313"}],"wp:term":[{"taxonomy":"category","embeddable":true,"href":"http:\/\/www.emater.ro.gov.br\/ematerro\/wp-json\/wp\/v2\/categories?post=13313"},{"taxonomy":"post_tag","embeddable":true,"href":"http:\/\/www.emater.ro.gov.br\/ematerro\/wp-json\/wp\/v2\/tags?post=13313"}],"curies":[{"name":"wp","href":"https:\/\/api.w.org\/{rel}","templated":true}]}}