{"id":13300,"date":"2023-06-20T10:48:33","date_gmt":"2023-06-20T14:48:33","guid":{"rendered":"http:\/\/www.emater.ro.gov.br\/ematerro\/?p=13300"},"modified":"2023-06-30T12:32:56","modified_gmt":"2023-06-30T16:32:56","slug":"emater-ro-em-porto-verde-orienta-producao-de-pitaia","status":"publish","type":"post","link":"http:\/\/www.emater.ro.gov.br\/ematerro\/2023\/06\/20\/emater-ro-em-porto-verde-orienta-producao-de-pitaia\/","title":{"rendered":"Emater-RO em Porto Verde orienta produ\u00e7\u00e3o de pitaia"},"content":{"rendered":"<p>Agricultores familiares da agrovila Porto Verde na \u00e1rea periurbana da capital est\u00e3o recebendo orienta\u00e7\u00e3o t\u00e9cnica e incentivo da Entidade Aut\u00e1rquica de Assist\u00eancia t\u00e9cnica e Extens\u00e3o Rural de Rond\u00f4nia (Emater-RO) para implantar cultivos de pitaia, fruta da fam\u00edlia das cactacias, que tem origem no semi\u00e1rido mexicano, que encontrou excelente receptividade entre os consumidores brasileiros especialmente por suas virtudes nutricionais e funcionais. A pitaia \u00e9 uma fruta que al\u00e9m de alimento e possui qualidades medicinais, \u00e9 tida como anticancer\u00edgena, e excelente regulador do intestinal.<\/p>\n<p>A planta possui um ciclo cultural curto, pode produzir com um ano de plantada, as mudas s\u00e3o conseguidas atrav\u00e9s de partes da vegetativas da planta, as variedades cultivadas mais conhecidas s\u00e3o pitaia vermelha e branca, ambas bem aceitas no mercado, em Rond\u00f4nia j\u00e1 existem alguns grandes produtores da fruta que comercializam diretamente com compradores de outros estados, ficando um espa\u00e7o no mercado local que deve ser ocupado por agricultores familiares, especialmente os produtores estabelecidos no entorno da cidade.<br \/>\n    <style>      #bwg_container1_0 #bwg_container2_0 .bwg_standart_thumbnails_0 * {        -moz-box-sizing: border-box;        box-sizing: border-box;      }      #bwg_container1_0 #bwg_container2_0 .bwg_standart_thumb_spun1_0 {        -moz-box-sizing: content-box;        box-sizing: content-box;        background-color: #FFFFFF;        display: inline-block;        height: 90px;        margin: 4px;        padding: 0px;        opacity: 1.00;        filter: Alpha(opacity=100);        text-align: center;        vertical-align: middle;        transition: all 0.3s ease 0s;-webkit-transition: all 0.3s ease 0s;        width: 180px;        z-index: 100;      }      #bwg_container1_0 #bwg_container2_0 .bwg_standart_thumb_spun1_0:hover {        -ms-transform: scale(1.1);        -webkit-transform: scale(1.1);        backface-visibility: hidden;        -webkit-backface-visibility: hidden;        -moz-backface-visibility: hidden;        -ms-backface-visibility: hidden;        opacity: 1;        filter: Alpha(opacity=100);        transform: scale(1.1);        z-index: 102;        position: relative;      }      #bwg_container1_0 #bwg_container2_0 .bwg_standart_thumb_spun2_0 {        border: 0px none #CCCCCC;        border-radius: 0;        box-shadow: 0px 0px 0px #888888;        display: inline-block;        height: 90px;        overflow: hidden;        width: 180px;      }      #bwg_container1_0 #bwg_container2_0 .bwg_standart_thumbnails_0 {        background-color: rgba(255, 255, 255, 0.00);        display: inline-block;        font-size: 0;        max-width: 960px;        text-align: center;      }      #bwg_container1_0 #bwg_container2_0 .bwg_standart_thumb_0 {        display: inline-block;        text-align: center;      }            #bwg_container1_0 #bwg_container2_0 .bwg_standart_thumb_spun1_0:hover .bwg_title_spun1_0 {        left: 0px;        top: 0px;        opacity: 1;        filter: Alpha(opacity=100);      }      #bwg_container1_0 #bwg_container2_0 .bwg_title_spun2_0 {        color: #CCCCCC;        display: table-cell;        font-family: segoe ui;        font-size: 16px;        font-weight: bold;        height: inherit;        padding: 2px;        text-shadow: 0px 0px 0px #888888;        vertical-align: middle;        width: inherit;        word-wrap: break-word;      }      \/*pagination styles*\/      #bwg_container1_0 #bwg_container2_0 .tablenav-pages_0 {        text-align: center;        font-size: 12px;        font-family: segoe ui;        font-weight: bold;        color: #666666;        margin: 6px 0 4px;        display: block;        height: 30px;        line-height: 30px;      }      @media only screen and (max-width : 320px) {        #bwg_container1_0 #bwg_container2_0 .displaying-num_0 {          display: none;        }      }      #bwg_container1_0 #bwg_container2_0 .displaying-num_0 {        font-size: 12px;        font-family: segoe ui;        font-weight: bold;        color: #666666;        margin-right: 10px;        vertical-align: middle;      }      #bwg_container1_0 #bwg_container2_0 .paging-input_0 {        font-size: 12px;        font-family: segoe ui;        font-weight: bold;        color: #666666;        vertical-align: middle;      }      #bwg_container1_0 #bwg_container2_0 .tablenav-pages_0 a.disabled,      #bwg_container1_0 #bwg_container2_0 .tablenav-pages_0 a.disabled:hover,      #bwg_container1_0 #bwg_container2_0 .tablenav-pages_0 a.disabled:focus {        cursor: default;        color: rgba(102, 102, 102, 0.5);      }      #bwg_container1_0 #bwg_container2_0 .tablenav-pages_0 a {        cursor: pointer;        font-size: 12px;        font-family: segoe ui;        font-weight: bold;        color: #666666;        text-decoration: none;        padding: 3px 6px;        margin: 0;        border-radius: 0;        border-style: solid;        border-width: 1px;        border-color: #E3E3E3;        background-color: #FFFFFF;        opacity: 1.00;        filter: Alpha(opacity=100);        box-shadow: 0;        transition: all 0.3s ease 0s;-webkit-transition: all 0.3s ease 0s;      }      #bwg_container1_0 #bwg_container2_0 .bwg_back_0 {        background-color: rgba(0, 0, 0, 0);        color: #000000 !important;        cursor: pointer;        display: block;        font-family: segoe ui;        font-size: 16px;        font-weight: bold;        text-decoration: none;        padding: 0;      }      #bwg_container1_0 #bwg_container2_0 #spider_popup_overlay_0 {        background-color: #000000;        opacity: 0.70;        filter: Alpha(opacity=70);      }     .bwg_play_icon_spun_0 {        width: inherit;        height: inherit;        display: table;        position: absolute;      }\t      .bwg_play_icon_0 {        color: #CCCCCC;        font-size: 32px;        vertical-align: middle;        display: table-cell !important;        z-index: 1;        text-align: center;        margin: 0 auto;      }    <\/style>    <div id=\"bwg_container1_0\">      <div id=\"bwg_container2_0\">        <form id=\"gal_front_form_0\" method=\"post\" action=\"#\">                    <div class=\"bwg_back_0\"><\/div>          <div style=\"background-color:rgba(0, 0, 0, 0); text-align: center; width:100%; position: relative;\">            <div id=\"ajax_loading_0\" style=\"position:absolute;width: 100%; z-index: 115; text-align: center; height: 100%; vertical-align: middle; display:none;\">              <div style=\"display: table; vertical-align: middle; width: 100%; height: 100%; background-color: #FFFFFF; opacity: 0.7; filter: Alpha(opacity=70);\">                <div style=\"display: table-cell; text-align: center; position: relative; vertical-align: middle;\" >                  <div id=\"loading_div_0\" class=\"bwg_spider_ajax_loading\" style=\"display: inline-block; text-align:center; position:relative; vertical-align:middle; background-image:url(http:\/\/www.emater.ro.gov.br\/ematerro\/wp-content\/plugins\/photo-gallery\/images\/ajax_loader.gif); float: none; width:30px;height:30px;background-size:30px 30px;\">                  <\/div>                <\/div>              <\/div>            <\/div>                        <div id=\"bwg_standart_thumbnails_0\" class=\"bwg_standart_thumbnails_0\">                              <a  class=\"bwg_lightbox_0\" href=\"http:\/\/www.emater.ro.gov.br\/ematerro\/wp-content\/uploads\/photo-gallery\/pitaia2-jorge-procopio-2023.jpg\" data-image-id=\"3613\">                  <span class=\"bwg_standart_thumb_0\">                                        <span class=\"bwg_standart_thumb_spun1_0\">                      <span class=\"bwg_standart_thumb_spun2_0\">                                                <img class=\"bwg_standart_thumb_img_0 bwg_img_clear bwg_img_custom\" style=\"width:180px; height:112.2px; margin-left: 0px; margin-top: -11.1px;\" id=\"3613\" src=\"http:\/\/www.emater.ro.gov.br\/ematerro\/wp-content\/uploads\/photo-gallery\/thumb\/pitaia2-jorge-procopio-2023.jpg\" alt=\"pitaia2-jorge-procopio-2023\" \/>                      <\/span>                    <\/span>                                      <\/span>                <\/a>                                <a  class=\"bwg_lightbox_0\" href=\"http:\/\/www.emater.ro.gov.br\/ematerro\/wp-content\/uploads\/photo-gallery\/pitaia-pitaia-1-jorge-procopopio-2023.jpg\" data-image-id=\"3612\">                  <span class=\"bwg_standart_thumb_0\">                                        <span class=\"bwg_standart_thumb_spun1_0\">                      <span class=\"bwg_standart_thumb_spun2_0\">                                                <img class=\"bwg_standart_thumb_img_0 bwg_img_clear bwg_img_custom\" style=\"width:180px; height:112.2px; margin-left: 0px; margin-top: -11.1px;\" id=\"3612\" src=\"http:\/\/www.emater.ro.gov.br\/ematerro\/wp-content\/uploads\/photo-gallery\/thumb\/pitaia-pitaia-1-jorge-procopopio-2023.jpg\" alt=\"pitaia-pitaia-1-jorge-procopopio-2023\" \/>                      <\/span>                    <\/span>                                      <\/span>                <\/a>                                <a  class=\"bwg_lightbox_0\" href=\"http:\/\/www.emater.ro.gov.br\/ematerro\/wp-content\/uploads\/photo-gallery\/pitaia-jorge-procopio-2023.jpg\" data-image-id=\"3611\">                  <span class=\"bwg_standart_thumb_0\">                                        <span class=\"bwg_standart_thumb_spun1_0\">                      <span class=\"bwg_standart_thumb_spun2_0\">                                                <img class=\"bwg_standart_thumb_img_0 bwg_img_clear bwg_img_custom\" style=\"width:180px; height:112.2px; margin-left: 0px; margin-top: -11.1px;\" id=\"3611\" src=\"http:\/\/www.emater.ro.gov.br\/ematerro\/wp-content\/uploads\/photo-gallery\/thumb\/pitaia-jorge-procopio-2023.jpg\" alt=\"pitaia-jorge-procopio-2023\" \/>                      <\/span>                    <\/span>                                      <\/span>                <\/a>                                <a  class=\"bwg_lightbox_0\" href=\"http:\/\/www.emater.ro.gov.br\/ematerro\/wp-content\/uploads\/photo-gallery\/pitaia-7-jorge-procopio-2023.jpg\" data-image-id=\"3610\">                  <span class=\"bwg_standart_thumb_0\">                                        <span class=\"bwg_standart_thumb_spun1_0\">                      <span class=\"bwg_standart_thumb_spun2_0\">                                                <img class=\"bwg_standart_thumb_img_0 bwg_img_clear bwg_img_custom\" style=\"width:180px; height:112.2px; margin-left: 0px; margin-top: -11.1px;\" id=\"3610\" src=\"http:\/\/www.emater.ro.gov.br\/ematerro\/wp-content\/uploads\/photo-gallery\/thumb\/pitaia-7-jorge-procopio-2023.jpg\" alt=\"pitaia-7-jorge-procopio-2023\" \/>                      <\/span>                    <\/span>                                      <\/span>                <\/a>                                <a  class=\"bwg_lightbox_0\" href=\"http:\/\/www.emater.ro.gov.br\/ematerro\/wp-content\/uploads\/photo-gallery\/pitaia-6-jorge-procopio-2023.jpg\" data-image-id=\"3609\">                  <span class=\"bwg_standart_thumb_0\">                                        <span class=\"bwg_standart_thumb_spun1_0\">                      <span class=\"bwg_standart_thumb_spun2_0\">                                                <img class=\"bwg_standart_thumb_img_0 bwg_img_clear bwg_img_custom\" style=\"width:180px; height:112.2px; margin-left: 0px; margin-top: -11.1px;\" id=\"3609\" src=\"http:\/\/www.emater.ro.gov.br\/ematerro\/wp-content\/uploads\/photo-gallery\/thumb\/pitaia-6-jorge-procopio-2023.jpg\" alt=\"pitaia-6-jorge-procopio-2023\" \/>                      <\/span>                    <\/span>                                      <\/span>                <\/a>                                <a  class=\"bwg_lightbox_0\" href=\"http:\/\/www.emater.ro.gov.br\/ematerro\/wp-content\/uploads\/photo-gallery\/pitaia-5-jorge-procopio-2023.jpg\" data-image-id=\"3608\">                  <span class=\"bwg_standart_thumb_0\">                                        <span class=\"bwg_standart_thumb_spun1_0\">                      <span class=\"bwg_standart_thumb_spun2_0\">                                                <img class=\"bwg_standart_thumb_img_0 bwg_img_clear bwg_img_custom\" style=\"width:180px; height:112.2px; margin-left: 0px; margin-top: -11.1px;\" id=\"3608\" src=\"http:\/\/www.emater.ro.gov.br\/ematerro\/wp-content\/uploads\/photo-gallery\/thumb\/pitaia-5-jorge-procopio-2023.jpg\" alt=\"pitaia-5-jorge-procopio-2023\" \/>                      <\/span>                    <\/span>                                      <\/span>                <\/a>                                <a  class=\"bwg_lightbox_0\" href=\"http:\/\/www.emater.ro.gov.br\/ematerro\/wp-content\/uploads\/photo-gallery\/pitaia-4-jorge-procopio-2023.jpg\" data-image-id=\"3607\">                  <span class=\"bwg_standart_thumb_0\">                                        <span class=\"bwg_standart_thumb_spun1_0\">                      <span class=\"bwg_standart_thumb_spun2_0\">                                                <img class=\"bwg_standart_thumb_img_0 bwg_img_clear bwg_img_custom\" style=\"width:180px; height:112.2px; margin-left: 0px; margin-top: -11.1px;\" id=\"3607\" src=\"http:\/\/www.emater.ro.gov.br\/ematerro\/wp-content\/uploads\/photo-gallery\/thumb\/pitaia-4-jorge-procopio-2023.jpg\" alt=\"pitaia-4-jorge-procopio-2023\" \/>                      <\/span>                    <\/span>                                      <\/span>                <\/a>                                <a  class=\"bwg_lightbox_0\" href=\"http:\/\/www.emater.ro.gov.br\/ematerro\/wp-content\/uploads\/photo-gallery\/pitaia-05-jorge-procopio-2023.jpg\" data-image-id=\"3606\">                  <span class=\"bwg_standart_thumb_0\">                                        <span class=\"bwg_standart_thumb_spun1_0\">                      <span class=\"bwg_standart_thumb_spun2_0\">                                                <img class=\"bwg_standart_thumb_img_0 bwg_img_clear bwg_img_custom\" style=\"width:180px; height:112.2px; margin-left: 0px; margin-top: -11.1px;\" id=\"3606\" src=\"http:\/\/www.emater.ro.gov.br\/ematerro\/wp-content\/uploads\/photo-gallery\/thumb\/pitaia-05-jorge-procopio-2023.jpg\" alt=\"pitaia-05-jorge-procopio-2023\" \/>                      <\/span>                    <\/span>                                      <\/span>                <\/a>                                <a  class=\"bwg_lightbox_0\" href=\"http:\/\/www.emater.ro.gov.br\/ematerro\/wp-content\/uploads\/photo-gallery\/pitaia-0-jore-procopio-2023.jpg\" data-image-id=\"3605\">                  <span class=\"bwg_standart_thumb_0\">                                        <span class=\"bwg_standart_thumb_spun1_0\">                      <span class=\"bwg_standart_thumb_spun2_0\">                                                <img class=\"bwg_standart_thumb_img_0 bwg_img_clear bwg_img_custom\" style=\"width:180px; height:112.2px; margin-left: 0px; margin-top: -11.1px;\" id=\"3605\" src=\"http:\/\/www.emater.ro.gov.br\/ematerro\/wp-content\/uploads\/photo-gallery\/thumb\/pitaia-0-jore-procopio-2023.jpg\" alt=\"pitaia-0-jore-procopio-2023\" \/>                      <\/span>                    <\/span>                                      <\/span>                <\/a>                            <\/div>                <span class=\"bwg_nav_cont_0\">        <div class=\"tablenav-pages_0\">          <\/div>          <input type=\"hidden\" id=\"page_number_0\" name=\"page_number_0\" value=\"1\" \/>    <script type=\"text\/javascript\">      function spider_page_0(cur, x, y, load_more) {        if (typeof load_more == \"undefined\") {          var load_more = false;        }        if (jQuery(cur).hasClass('disabled')) {          return false;        }        var items_county_0 = 1;        switch (y) {          case 1:            if (x >= items_county_0) {              document.getElementById('page_number_0').value = items_county_0;            }            else {              document.getElementById('page_number_0').value = x + 1;            }            break;          case 2:            document.getElementById('page_number_0').value = items_county_0;            break;          case -1:            if (x == 1) {              document.getElementById('page_number_0').value = 1;            }            else {              document.getElementById('page_number_0').value = x - 1;            }            break;          case -2:            document.getElementById('page_number_0').value = 1;            break;          default:            document.getElementById('page_number_0').value = 1;        }        spider_frontend_ajax('gal_front_form_0', '0', 'bwg_standart_thumbnails_0', '0', '', 'album', 0, '', '', load_more);      }      jQuery('.first-page-0').on('click', function() {        spider_page_0(this, 1, -2);      });      jQuery('.prev-page-0').on('click', function() {        spider_page_0(this, 1, -1);        return false;      });      jQuery('.next-page-0').on('click', function() {        spider_page_0(this, 1, 1);        return false;      });      jQuery('.last-page-0').on('click', function() {        spider_page_0(this, 1, 2);      });      jQuery('.bwg_load_btn_0').on('click', function() {        spider_page_0(this, 1, 1, true);        return false;      });    <\/script>    <\/span>              <\/div>        <\/form>        <div id=\"bwg_spider_popup_loading_0\" class=\"bwg_spider_popup_loading\"><\/div>        <div id=\"spider_popup_overlay_0\" class=\"spider_popup_overlay\" onclick=\"spider_destroypopup(1000)\"><\/div>      <\/div>    <\/div>    <script>            function bwg_gallery_box_0(image_id) {        var filterTags = jQuery(\"#bwg_tags_id_bwg_standart_thumbnails_0\" ).val() ? jQuery(\"#bwg_tags_id_bwg_standart_thumbnails_0\" ).val() : 0;        var filtersearchname = jQuery(\"#bwg_search_input_0\" ).val() ? jQuery(\"#bwg_search_input_0\" ).val() : '';        spider_createpopup('http:\/\/www.emater.ro.gov.br\/ematerro\/wp-admin\/admin-ajax.php?tag_id=0&action=GalleryBox&current_view=0&gallery_id=200&theme_id=1&thumb_width=180&thumb_height=90&open_with_fullscreen=0&open_with_autoplay=0&image_width=800&image_height=500&image_effect=fade&wd_sor=order&wd_ord= asc &enable_image_filmstrip=1&image_filmstrip_height=50&enable_image_ctrl_btn=1&enable_image_fullscreen=1&popup_enable_info=1&popup_info_always_show=0&popup_info_full_width=0&popup_hit_counter=0&popup_enable_rate=0&slideshow_interval=5&enable_comment_social=1&enable_image_facebook=1&enable_image_twitter=1&enable_image_google=1&enable_image_pinterest=0&enable_image_tumblr=0&watermark_type=none&slideshow_effect_duration=1&image_id=' + image_id + \"&filter_tag_0=\" +  filterTags + \"&filter_search_name_0=\" +  filtersearchname, '0', '800', '500', 1, 'testpopup', 5, \"bottom\");      }      function bwg_document_ready_0() {        var bwg_touch_flag = false;        jQuery(\".bwg_lightbox_0\").on(\"click\", function () {          if (!bwg_touch_flag) {            bwg_touch_flag = true;            setTimeout(function(){ bwg_touch_flag = false; }, 100);            bwg_gallery_box_0(jQuery(this).attr(\"data-image-id\"));            return false;          }        });               }      jQuery(document).ready(function () {        bwg_document_ready_0();      });    <\/script>    <\/p>\n","protected":false},"excerpt":{"rendered":"<p>Agricultores familiares da agrovila Porto Verde na \u00e1rea periurbana da capital est\u00e3o recebendo orienta\u00e7\u00e3o t\u00e9cnica e incentivo da Entidade Aut\u00e1rquica de Assist\u00eancia t\u00e9cnica e Extens\u00e3o Rural de Rond\u00f4nia (Emater-RO) para [&hellip;]<\/p>\n","protected":false},"author":8,"featured_media":13301,"comment_status":"closed","ping_status":"closed","sticky":false,"template":"","format":"standard","meta":[],"categories":[11],"tags":[],"_links":{"self":[{"href":"http:\/\/www.emater.ro.gov.br\/ematerro\/wp-json\/wp\/v2\/posts\/13300"}],"collection":[{"href":"http:\/\/www.emater.ro.gov.br\/ematerro\/wp-json\/wp\/v2\/posts"}],"about":[{"href":"http:\/\/www.emater.ro.gov.br\/ematerro\/wp-json\/wp\/v2\/types\/post"}],"author":[{"embeddable":true,"href":"http:\/\/www.emater.ro.gov.br\/ematerro\/wp-json\/wp\/v2\/users\/8"}],"replies":[{"embeddable":true,"href":"http:\/\/www.emater.ro.gov.br\/ematerro\/wp-json\/wp\/v2\/comments?post=13300"}],"version-history":[{"count":6,"href":"http:\/\/www.emater.ro.gov.br\/ematerro\/wp-json\/wp\/v2\/posts\/13300\/revisions"}],"predecessor-version":[{"id":13393,"href":"http:\/\/www.emater.ro.gov.br\/ematerro\/wp-json\/wp\/v2\/posts\/13300\/revisions\/13393"}],"wp:featuredmedia":[{"embeddable":true,"href":"http:\/\/www.emater.ro.gov.br\/ematerro\/wp-json\/wp\/v2\/media\/13301"}],"wp:attachment":[{"href":"http:\/\/www.emater.ro.gov.br\/ematerro\/wp-json\/wp\/v2\/media?parent=13300"}],"wp:term":[{"taxonomy":"category","embeddable":true,"href":"http:\/\/www.emater.ro.gov.br\/ematerro\/wp-json\/wp\/v2\/categories?post=13300"},{"taxonomy":"post_tag","embeddable":true,"href":"http:\/\/www.emater.ro.gov.br\/ematerro\/wp-json\/wp\/v2\/tags?post=13300"}],"curies":[{"name":"wp","href":"https:\/\/api.w.org\/{rel}","templated":true}]}}