{"id":13291,"date":"2023-06-20T08:40:02","date_gmt":"2023-06-20T12:40:02","guid":{"rendered":"http:\/\/www.emater.ro.gov.br\/ematerro\/?p=13291"},"modified":"2023-06-20T12:09:49","modified_gmt":"2023-06-20T16:09:49","slug":"cafe-matas-de-rondonia-e-um-selo-de-indicacao-geografica-que-garante-a-qualidade-do-cafe","status":"publish","type":"post","link":"http:\/\/www.emater.ro.gov.br\/ematerro\/2023\/06\/20\/cafe-matas-de-rondonia-e-um-selo-de-indicacao-geografica-que-garante-a-qualidade-do-cafe\/","title":{"rendered":"Caf\u00e9 Matas de Rond\u00f4nia \u00e9 selo de indica\u00e7\u00e3o geogr\u00e1fica que garante a qualidade do caf\u00e9"},"content":{"rendered":"<figure id=\"attachment_13293\" aria-describedby=\"caption-attachment-13293\" style=\"width: 1000px\" class=\"wp-caption aligncenter\"><img decoding=\"async\" loading=\"lazy\" class=\"wp-image-13293 size-full\" src=\"http:\/\/www.emater.ro.gov.br\/ematerro\/wp-content\/uploads\/2023\/06\/20230619-caf-robusta-3-irene-mendes.jpg\" alt=\"caf\u00e9-robusta-3--Irene-Mendes\" width=\"1000\" height=\"625\" srcset=\"http:\/\/www.emater.ro.gov.br\/ematerro\/wp-content\/uploads\/2023\/06\/20230619-caf-robusta-3-irene-mendes.jpg 1000w, http:\/\/www.emater.ro.gov.br\/ematerro\/wp-content\/uploads\/2023\/06\/20230619-caf-robusta-3-irene-mendes-300x188.jpg 300w, http:\/\/www.emater.ro.gov.br\/ematerro\/wp-content\/uploads\/2023\/06\/20230619-caf-robusta-3-irene-mendes-768x480.jpg 768w\" sizes=\"(max-width: 1000px) 100vw, 1000px\" \/><figcaption id=\"caption-attachment-13293\" class=\"wp-caption-text\">O curr\u00edculo sustentabilidade indica as boas praticas de produ\u00e7\u00e3o para o caf\u00e9 de Rondonia e \u00e9 pr\u00e9-requisito para a IG<\/figcaption><\/figure>\n<p>&nbsp;<\/p>\n<p>A safra de caf\u00e9 2023 em Rond\u00f4nia j\u00e1 est\u00e1 chegando ao final de colheita, e mant\u00eam-se a expectativa de superar os tr\u00eas milh\u00f5es de sacas, conforme indica o \u00faltimo levantamento feito pela Conab, no m\u00eas de maio deste ano. Para uma boa venda do caf\u00e9 \u00e9 relevante que o produtor obtenha o selo de indica\u00e7\u00e3o geogr\u00e1fica (IG) Matas de Rond\u00f4nia, marca de qualidade que pode abrir as portas do mercado internacional para os caf\u00e9s robustas amaz\u00f4nicos produzidos em Rond\u00f4nia.<\/p>\n<p>Os produtores rondonienses de caf\u00e9 se concentram especialmente nas microrregi\u00f5es conhecidas como Zona da Mata, territ\u00f3rio Rio Machado, e tr\u00eas munic\u00edpios da BR 429 totalizando 15 munic\u00edpios produtores especiais de caf\u00e9 na \u00e1rea de abrang\u00eancia da identifica\u00e7\u00e3o geogr\u00e1fica do caf\u00e9 Matas de Rond\u00f4nia. \u201cA cadeia produtiva do caf\u00e9 \u00e9 muito importante para Rond\u00f4nia, e vamos avan\u00e7ar com investimento em boas pr\u00e1ticas, gen\u00e9tica e tecnologia\u201d, destacou o governador Marcos Rocha.<\/p>\n<p>O selo de indica\u00e7\u00e3o geogr\u00e1fica \u00e9 um ativo de propriedade industrial que indica a origem de um produto, que passa a ser identificado pela regi\u00e3o de origem e pelo reconhecimento de caracter\u00edsticas pr\u00f3prias e especiais do produto, garantidas por institui\u00e7\u00f5es id\u00f4neas, de que aquele produto atende os requisitos de boas pr\u00e1ticas em toda a sua cadeia produtiva, respeitando a legisla\u00e7\u00e3o vigente no pa\u00eds, relativa ao trabalho, meio ambiente e \u00e0 sa\u00fade p\u00fablica, conforme determina o curr\u00edculo de sustentabilidade da plataforma global do caf\u00e9, que facilita uma maior aceita\u00e7\u00e3o e melhores pre\u00e7os para o produto.<br \/>\n<img decoding=\"async\" loading=\"lazy\" class=\"wp-image-13292 alignleft\" src=\"http:\/\/www.emater.ro.gov.br\/ematerro\/wp-content\/uploads\/2023\/06\/20230619-cafe-robusta-irene-mendes.jpg\" alt=\"cafe-robusta-Irene-Mendes\" width=\"434\" height=\"271\" srcset=\"http:\/\/www.emater.ro.gov.br\/ematerro\/wp-content\/uploads\/2023\/06\/20230619-cafe-robusta-irene-mendes.jpg 1000w, http:\/\/www.emater.ro.gov.br\/ematerro\/wp-content\/uploads\/2023\/06\/20230619-cafe-robusta-irene-mendes-300x188.jpg 300w, http:\/\/www.emater.ro.gov.br\/ematerro\/wp-content\/uploads\/2023\/06\/20230619-cafe-robusta-irene-mendes-768x480.jpg 768w\" sizes=\"(max-width: 434px) 100vw, 434px\" \/><br \/>\nRecentemente a Entidade Aut\u00e1rquica de Assist\u00eancia T\u00e9cnica e Extens\u00e3o Rural de Rond\u00f4nia (Emater-RO) com apoio de parceiros da plataforma global capacitou 80 t\u00e9cnicos para orientar produtores de caf\u00e9 a adotar o curr\u00edculo da sustentabilidade, que indica ao produtor pr\u00e1ticas recomendadas, priorit\u00e1rias e proibidas na atividade de produ\u00e7\u00e3o do caf\u00e9.<\/p>\n<p>Para acessar o selo de indica\u00e7\u00e3o geogr\u00e1fica Matas de Rond\u00f4nia o produtor s\u00f3 \u201cprecisa seguir as recomenda\u00e7\u00f5es t\u00e9cnicas, n\u00e3o fazer nenhuma pr\u00e1tica proibida e se cadastrar com um extensionistas da Emater-RO no aplicativo, curr\u00edculo da sustentabilidade do caf\u00e9 (CSCApp)\u201d,diz o engenheiro agr\u00f4nomo Fausto Lima Farias de Sousa, respons\u00e1vel pelo programa de IG na Emater-RO.<\/p>\n<p style=\"text-align: right;\">Texto: Enoque de Oliveira<br \/>\nfotos: Irene Mendes e Robson Paiva<\/p>\n<p style=\"text-align: right;\">.<\/p>\n","protected":false},"excerpt":{"rendered":"<p>&nbsp; A safra de caf\u00e9 2023 em Rond\u00f4nia j\u00e1 est\u00e1 chegando ao final de colheita, e mant\u00eam-se a expectativa de superar os tr\u00eas milh\u00f5es de sacas, conforme indica o \u00faltimo [&hellip;]<\/p>\n","protected":false},"author":8,"featured_media":13294,"comment_status":"closed","ping_status":"closed","sticky":false,"template":"","format":"standard","meta":[],"categories":[10,9,12],"tags":[738],"_links":{"self":[{"href":"http:\/\/www.emater.ro.gov.br\/ematerro\/wp-json\/wp\/v2\/posts\/13291"}],"collection":[{"href":"http:\/\/www.emater.ro.gov.br\/ematerro\/wp-json\/wp\/v2\/posts"}],"about":[{"href":"http:\/\/www.emater.ro.gov.br\/ematerro\/wp-json\/wp\/v2\/types\/post"}],"author":[{"embeddable":true,"href":"http:\/\/www.emater.ro.gov.br\/ematerro\/wp-json\/wp\/v2\/users\/8"}],"replies":[{"embeddable":true,"href":"http:\/\/www.emater.ro.gov.br\/ematerro\/wp-json\/wp\/v2\/comments?post=13291"}],"version-history":[{"count":6,"href":"http:\/\/www.emater.ro.gov.br\/ematerro\/wp-json\/wp\/v2\/posts\/13291\/revisions"}],"predecessor-version":[{"id":13303,"href":"http:\/\/www.emater.ro.gov.br\/ematerro\/wp-json\/wp\/v2\/posts\/13291\/revisions\/13303"}],"wp:featuredmedia":[{"embeddable":true,"href":"http:\/\/www.emater.ro.gov.br\/ematerro\/wp-json\/wp\/v2\/media\/13294"}],"wp:attachment":[{"href":"http:\/\/www.emater.ro.gov.br\/ematerro\/wp-json\/wp\/v2\/media?parent=13291"}],"wp:term":[{"taxonomy":"category","embeddable":true,"href":"http:\/\/www.emater.ro.gov.br\/ematerro\/wp-json\/wp\/v2\/categories?post=13291"},{"taxonomy":"post_tag","embeddable":true,"href":"http:\/\/www.emater.ro.gov.br\/ematerro\/wp-json\/wp\/v2\/tags?post=13291"}],"curies":[{"name":"wp","href":"https:\/\/api.w.org\/{rel}","templated":true}]}}