{"id":13275,"date":"2023-06-16T10:20:03","date_gmt":"2023-06-16T14:20:03","guid":{"rendered":"http:\/\/www.emater.ro.gov.br\/ematerro\/?p=13275"},"modified":"2023-06-16T12:15:46","modified_gmt":"2023-06-16T16:15:46","slug":"emater-ro-adere-ao-sistema-coso-de-avaliacao-e-controle-de-riscos-e-oferece-treinamento-para-seus-empregados","status":"publish","type":"post","link":"http:\/\/www.emater.ro.gov.br\/ematerro\/2023\/06\/16\/emater-ro-adere-ao-sistema-coso-de-avaliacao-e-controle-de-riscos-e-oferece-treinamento-para-seus-empregados\/","title":{"rendered":"Emater-RO adere ao sistema Coso de avalia\u00e7\u00e3o e controle de riscos e oferece treinamento para seus empregados"},"content":{"rendered":"<figure id=\"attachment_13277\" aria-describedby=\"caption-attachment-13277\" style=\"width: 1225px\" class=\"wp-caption aligncenter\"><img decoding=\"async\" loading=\"lazy\" class=\"size-full wp-image-13277\" src=\"http:\/\/www.emater.ro.gov.br\/ematerro\/wp-content\/uploads\/2023\/06\/20230616-06jun2023-13-treinamento-coso-foto-cge-2.jpg\" alt=\"Estrutura de gest\u00e3o para trazer mais efici\u00eanca \u00e0 administra\u00e7\u00e3o p\u00fablica de assist\u00eancia t\u00e9cnica e extens\u00e3o rural. \" width=\"1225\" height=\"766\" srcset=\"http:\/\/www.emater.ro.gov.br\/ematerro\/wp-content\/uploads\/2023\/06\/20230616-06jun2023-13-treinamento-coso-foto-cge-2.jpg 1225w, http:\/\/www.emater.ro.gov.br\/ematerro\/wp-content\/uploads\/2023\/06\/20230616-06jun2023-13-treinamento-coso-foto-cge-2-300x188.jpg 300w, http:\/\/www.emater.ro.gov.br\/ematerro\/wp-content\/uploads\/2023\/06\/20230616-06jun2023-13-treinamento-coso-foto-cge-2-768x480.jpg 768w, http:\/\/www.emater.ro.gov.br\/ematerro\/wp-content\/uploads\/2023\/06\/20230616-06jun2023-13-treinamento-coso-foto-cge-2-1024x640.jpg 1024w\" sizes=\"(max-width: 1225px) 100vw, 1225px\" \/><figcaption id=\"caption-attachment-13277\" class=\"wp-caption-text\"><em>Estrutura de gest\u00e3o para trazer mais efici\u00eancia \u00e0 administra\u00e7\u00e3o p\u00fablica de assist\u00eancia t\u00e9cnica e extens\u00e3o rural.<\/em><\/figcaption><\/figure>\n<p>Empregados da Entidade Aut\u00e1rquica de Assist\u00eancia T\u00e9cnica e Extens\u00e3o Rural (Emater-RO) participaram nesta semana de um treinamento em sistema de controle adequado \u00e0 padr\u00f5es internacionais. O modelo de estrutura de controle interno de riscos, denominado Coso, visa promover uma garantia de que as metas estabelecidas ser\u00e3o cumpridas, por meio de processos de planejamento, an\u00e1lise e avalia\u00e7\u00e3o de sua estrutura buscando melhorar os pontos fracos e atingir o que se pretende. O treinamento foi realizado na sala da Escola de Governo, no pr\u00e9dio Jamari, do Centro Pol\u00edtico Administrativo do Pal\u00e1cio Rio Madeira.<\/p>\n<figure id=\"attachment_13280\" aria-describedby=\"caption-attachment-13280\" style=\"width: 380px\" class=\"wp-caption alignleft\"><img decoding=\"async\" loading=\"lazy\" class=\"wp-image-13280\" src=\"http:\/\/www.emater.ro.gov.br\/ematerro\/wp-content\/uploads\/2023\/06\/20230616-06jun2023-13-treinamento-coso_angela-faanha-10.jpg\" alt=\"Conhecimento e pr\u00e1tica para uma gest\u00e3o de an\u00e1lises de risco e efici\u00eancia.\" width=\"380\" height=\"238\" srcset=\"http:\/\/www.emater.ro.gov.br\/ematerro\/wp-content\/uploads\/2023\/06\/20230616-06jun2023-13-treinamento-coso_angela-faanha-10.jpg 1156w, http:\/\/www.emater.ro.gov.br\/ematerro\/wp-content\/uploads\/2023\/06\/20230616-06jun2023-13-treinamento-coso_angela-faanha-10-300x188.jpg 300w, http:\/\/www.emater.ro.gov.br\/ematerro\/wp-content\/uploads\/2023\/06\/20230616-06jun2023-13-treinamento-coso_angela-faanha-10-768x480.jpg 768w, http:\/\/www.emater.ro.gov.br\/ematerro\/wp-content\/uploads\/2023\/06\/20230616-06jun2023-13-treinamento-coso_angela-faanha-10-1024x640.jpg 1024w\" sizes=\"(max-width: 380px) 100vw, 380px\" \/><figcaption id=\"caption-attachment-13280\" class=\"wp-caption-text\"><em>Conhecimento e pr\u00e1tica para uma gest\u00e3o de an\u00e1lises de risco e efici\u00eancia.<\/em><\/figcaption><\/figure>\n<p>Coso, sigla de <em>The Comitee os Sponsorinh Organizations<\/em>, \u00e9 uma entidade americana que se dedicou \u00e0 melhoria dos relat\u00f3rios financeiros atrav\u00e9s da \u00e9tica, efetividade dos controles internos e governan\u00e7a corporativa, e hoje \u00e9 tido como referencial de como os sistemas internos devem funcionar. Em Rond\u00f4nia esse modelo vem sendo aplicado pela Controladoria Geral do Estado (CGE), que por meio do controlador adjunto, Rodrigo C\u00e9sar Moreira e equipe, ministra o treinamento \u00e0s demais secretarias e entidades estaduais.<\/p>\n<p>Desde o primeiro dia de gest\u00e3o o governador Marcos Rocha tem primado por colocar em pr\u00e1tica aspectos relacionados \u00e0 gest\u00e3o de risco, \u00e0 transpar\u00eancia, \u00e0 tramita\u00e7\u00e3o dos processos, tratamento de den\u00fancias e planejamento estrat\u00e9gico. Tanto que o governo de Rond\u00f4nia, por meio da CGE, foi avaliado pelo Banco Mundial em parceria com o Conselho Nacional de Controle Interno (Conaci) e coordenada pela equipe de gerenciamento financeiro da Institui\u00e7\u00e3o nacional, como uma das quatro melhores estruturas de controle e gest\u00e3o no Brasil. \u201cPrecisamos continuar avan\u00e7ando nessas quest\u00f5es de controle e transpar\u00eancia e \u00e9 importante que todos os envolvidos nesse processo estejam atentos e acompanhem as novas propostas visando melhorar cada vez mais com a\u00e7\u00f5es que tragam mais efici\u00eancia ao servi\u00e7o p\u00fablico\u201d, enfatiza o governador.<\/p>\n<figure id=\"attachment_13283\" aria-describedby=\"caption-attachment-13283\" style=\"width: 380px\" class=\"wp-caption alignright\"><img decoding=\"async\" loading=\"lazy\" class=\"wp-image-13283\" src=\"http:\/\/www.emater.ro.gov.br\/ematerro\/wp-content\/uploads\/2023\/06\/20230616-06jun2023-13-treinamento-coso_angela-faanha-9.jpg\" alt=\"Importante que todos os envolvidos estejam atentos ao processo.\" width=\"380\" height=\"238\" srcset=\"http:\/\/www.emater.ro.gov.br\/ematerro\/wp-content\/uploads\/2023\/06\/20230616-06jun2023-13-treinamento-coso_angela-faanha-9.jpg 1156w, http:\/\/www.emater.ro.gov.br\/ematerro\/wp-content\/uploads\/2023\/06\/20230616-06jun2023-13-treinamento-coso_angela-faanha-9-300x188.jpg 300w, http:\/\/www.emater.ro.gov.br\/ematerro\/wp-content\/uploads\/2023\/06\/20230616-06jun2023-13-treinamento-coso_angela-faanha-9-768x480.jpg 768w, http:\/\/www.emater.ro.gov.br\/ematerro\/wp-content\/uploads\/2023\/06\/20230616-06jun2023-13-treinamento-coso_angela-faanha-9-1024x640.jpg 1024w\" sizes=\"(max-width: 380px) 100vw, 380px\" \/><figcaption id=\"caption-attachment-13283\" class=\"wp-caption-text\"><em>Importante que todos os envolvidos estejam atentos ao processo.<\/em><\/figcaption><\/figure>\n<p>A demanda de capacita\u00e7\u00e3o em an\u00e1lise de riscos por meio do m\u00e9todo Coso surgiu da pr\u00f3pria entidade que, buscou junto \u00e0 Controladoria Geral do Estado a capacita\u00e7\u00e3o de seus empregados em uma estrutura de gest\u00e3o que possa trazer essa efici\u00eancia cobrada pelo governador Marcos Rocha \u00e0 administra\u00e7\u00e3o p\u00fablica de assist\u00eancia t\u00e9cnica e extens\u00e3o rural. \u201cToda entidade \u00e9 feita de pessoas e cabe a n\u00f3s investir nessas pessoas para que as atividades dentro da entidade possa fluir com transpar\u00eancia e acompanhando a modernidade, por isso estamos sempre buscando capacitar nossos empregados para que eles cres\u00e7am e fa\u00e7am a Emater crescer, tamb\u00e9m\u201d, diz o presidente da Emater-RO, Luciano Brand\u00e3o.<\/p>\n<p>Durante o treinamento os empregados tiveram a oportunidade de conhecer o m\u00e9todo e, em uma atividade pr\u00e1tica em grupos, analisar pontos cr\u00edticos das atividades que desenvolvem, compreendendo melhor o sistema de fluxo e seus entraves.<\/p>\n<p style=\"text-align: right;\"><span style=\"color: #008000;\"><em>Texto: Wania Ressutti<\/em><\/span><br \/>\n<span style=\"color: #008000;\"><em>Jornalista \u2013 MTE-1744\/RO<\/em><\/span><br \/>\n<span style=\"color: #008000;\"><em>Fotos: SEPOG\/RO e Angela Fa\u00e7anha<\/em><\/span><br \/>\n<span style=\"color: #008000;\"><em>EMATER-RO<\/em><\/span><\/p>\n","protected":false},"excerpt":{"rendered":"<p>Empregados da Entidade Aut\u00e1rquica de Assist\u00eancia T\u00e9cnica e Extens\u00e3o Rural (Emater-RO) participaram nesta semana de um treinamento em sistema de controle adequado \u00e0 padr\u00f5es internacionais. O modelo de estrutura de [&hellip;]<\/p>\n","protected":false},"author":9,"featured_media":13281,"comment_status":"closed","ping_status":"closed","sticky":false,"template":"","format":"standard","meta":[],"categories":[10,9,12],"tags":[133,398,737,45],"_links":{"self":[{"href":"http:\/\/www.emater.ro.gov.br\/ematerro\/wp-json\/wp\/v2\/posts\/13275"}],"collection":[{"href":"http:\/\/www.emater.ro.gov.br\/ematerro\/wp-json\/wp\/v2\/posts"}],"about":[{"href":"http:\/\/www.emater.ro.gov.br\/ematerro\/wp-json\/wp\/v2\/types\/post"}],"author":[{"embeddable":true,"href":"http:\/\/www.emater.ro.gov.br\/ematerro\/wp-json\/wp\/v2\/users\/9"}],"replies":[{"embeddable":true,"href":"http:\/\/www.emater.ro.gov.br\/ematerro\/wp-json\/wp\/v2\/comments?post=13275"}],"version-history":[{"count":5,"href":"http:\/\/www.emater.ro.gov.br\/ematerro\/wp-json\/wp\/v2\/posts\/13275\/revisions"}],"predecessor-version":[{"id":13286,"href":"http:\/\/www.emater.ro.gov.br\/ematerro\/wp-json\/wp\/v2\/posts\/13275\/revisions\/13286"}],"wp:featuredmedia":[{"embeddable":true,"href":"http:\/\/www.emater.ro.gov.br\/ematerro\/wp-json\/wp\/v2\/media\/13281"}],"wp:attachment":[{"href":"http:\/\/www.emater.ro.gov.br\/ematerro\/wp-json\/wp\/v2\/media?parent=13275"}],"wp:term":[{"taxonomy":"category","embeddable":true,"href":"http:\/\/www.emater.ro.gov.br\/ematerro\/wp-json\/wp\/v2\/categories?post=13275"},{"taxonomy":"post_tag","embeddable":true,"href":"http:\/\/www.emater.ro.gov.br\/ematerro\/wp-json\/wp\/v2\/tags?post=13275"}],"curies":[{"name":"wp","href":"https:\/\/api.w.org\/{rel}","templated":true}]}}