{"id":13250,"date":"2023-06-12T11:29:13","date_gmt":"2023-06-12T15:29:13","guid":{"rendered":"http:\/\/www.emater.ro.gov.br\/ematerro\/?p=13250"},"modified":"2023-06-12T11:29:13","modified_gmt":"2023-06-12T15:29:13","slug":"o-governo-de-rondonia-realiza-compras-da-agricultura-familiar-atraves-do-paa-estadual-enquanto-aguarda-recursos-do-programa-federal","status":"publish","type":"post","link":"http:\/\/www.emater.ro.gov.br\/ematerro\/2023\/06\/12\/o-governo-de-rondonia-realiza-compras-da-agricultura-familiar-atraves-do-paa-estadual-enquanto-aguarda-recursos-do-programa-federal\/","title":{"rendered":"O governo de Rond\u00f4nia realiza compras da agricultura familiar atrav\u00e9s do PAA estadual enquanto aguarda recursos do programa federal"},"content":{"rendered":"<figure id=\"attachment_13251\" aria-describedby=\"caption-attachment-13251\" style=\"width: 1000px\" class=\"wp-caption aligncenter\"><img decoding=\"async\" loading=\"lazy\" class=\"wp-image-13251 size-full\" src=\"http:\/\/www.emater.ro.gov.br\/ematerro\/wp-content\/uploads\/2023\/06\/20230612-solenidade-paa-pvh-robson-paiva-junho-de-2023.jpg\" alt=\"solenidade-PAA-PVH-Robson-Paiva-junho-de-2023\" width=\"1000\" height=\"625\" srcset=\"http:\/\/www.emater.ro.gov.br\/ematerro\/wp-content\/uploads\/2023\/06\/20230612-solenidade-paa-pvh-robson-paiva-junho-de-2023.jpg 1000w, http:\/\/www.emater.ro.gov.br\/ematerro\/wp-content\/uploads\/2023\/06\/20230612-solenidade-paa-pvh-robson-paiva-junho-de-2023-300x188.jpg 300w, http:\/\/www.emater.ro.gov.br\/ematerro\/wp-content\/uploads\/2023\/06\/20230612-solenidade-paa-pvh-robson-paiva-junho-de-2023-768x480.jpg 768w\" sizes=\"(max-width: 1000px) 100vw, 1000px\" \/><figcaption id=\"caption-attachment-13251\" class=\"wp-caption-text\">O governo estadual retoma PAA com programa pr\u00f3prio e aguarda recursos para iniciar a execu\u00e7\u00e3o do programa federal<\/figcaption><\/figure>\n<p>O estado de Rond\u00f4nia inicia as compras de alimentos atrav\u00e9s do Programa de Aquisi\u00e7\u00e3o de Alimentos (PAA), esta \u00e9 uma das poucas formas de compra p\u00fablica sem licita\u00e7\u00e3o, nessa modalidade o agricultor familiar vende seu excedente de produ\u00e7\u00e3o diretamente para o governo sem burocracia e a pre\u00e7os semelhantes aos do varejo. Somente nesta etapa, bancada integralmente pelo governo do Estado, foram disponibilizados \u00a0R$2.850.000,00 para a compra dos produtos que s\u00e3o doados simultaneamente.<\/p>\n<p>Nas pr\u00f3ximas semanas dever\u00e1 se iniciar a compra dos produtos da agricultura familiar atrav\u00e9s do programa federal, que j\u00e1 foi lan\u00e7ado em Bras\u00edlia, com destina\u00e7\u00e3o do valor global de meio bilh\u00e3o de reais, mas ainda n\u00e3o foi entregue aos estados. Enquanto se aguarda os recursos federais o estado se antecipou e iniciou o atendimento aos produtores e entidades sociais com dinheiro do pr\u00f3prio estado.\u00a0 O PAA tem como virtude a dupla fun\u00e7\u00e3o de incentivar a produ\u00e7\u00e3o de alimentos e combater a inseguran\u00e7a alimentar especialmente nas \u00e1reas urbanas.<\/p>\n<figure id=\"attachment_13252\" aria-describedby=\"caption-attachment-13252\" style=\"width: 397px\" class=\"wp-caption alignleft\"><img decoding=\"async\" loading=\"lazy\" class=\"wp-image-13252\" src=\"http:\/\/www.emater.ro.gov.br\/ematerro\/wp-content\/uploads\/2023\/06\/20230612-produtos-paa-junho-2023-robson-paiva.jpg\" alt=\"produtos-PAA-junho-2023-Robson-Paiva\" width=\"397\" height=\"248\" srcset=\"http:\/\/www.emater.ro.gov.br\/ematerro\/wp-content\/uploads\/2023\/06\/20230612-produtos-paa-junho-2023-robson-paiva.jpg 1000w, http:\/\/www.emater.ro.gov.br\/ematerro\/wp-content\/uploads\/2023\/06\/20230612-produtos-paa-junho-2023-robson-paiva-300x188.jpg 300w, http:\/\/www.emater.ro.gov.br\/ematerro\/wp-content\/uploads\/2023\/06\/20230612-produtos-paa-junho-2023-robson-paiva-768x480.jpg 768w\" sizes=\"(max-width: 397px) 100vw, 397px\" \/><figcaption id=\"caption-attachment-13252\" class=\"wp-caption-text\">O PAA adquire a produ\u00e7\u00e3o excedente dos agricultores familiares e faz doa\u00e7\u00e3o \u00e0s entidades filantr\u00f3picas e fam\u00edlias cadastradas.<\/figcaption><\/figure>\n<p>A compra de alimentos da agricultura familiar com entrega simult\u00e2nea a entidades filantr\u00f3picas e fam\u00edlias em situa\u00e7\u00e3o de inseguran\u00e7a alimentar, cadastradas nos Centros de Atendimento Social, recebeu do governo de Rond\u00f4nia somente na gest\u00e3o do governador Marcos Rocha um investimento de 10 milh\u00f5es de reais, informa a Secretaria de Estado da Agricultura.<\/p>\n<p>\u201cA Entidade Aut\u00e1rquica de Assist\u00eancia T\u00e9cnica e Extens\u00e3o Rural de Rond\u00f4nia (Emater-RO) executa a pol\u00edtica p\u00fablica determinada pelo governador Marcos Rocha, e para isso conta com um corpo t\u00e9cnico competente que faz chegar os benef\u00edcios do estado \u00e0s pessoas que mais precisam\u201d, disse Luciano Brand\u00e3o, Presidente da Emater-RO,\u00a0 lembrando que o PAA vai al\u00e9m da cadeia produtiva e chega ao consumidor final.<\/p>\n<p>As compras continuam com entregas semanais, nos locais definidos pelos organizadores, em Porto Velho a pr\u00f3xima compra do PAA ser\u00e1 nesta ter\u00e7a feira 13 de junho. Os produtos ser\u00e3o entregues no espa\u00e7o do escrit\u00f3rio local da Emater-RO na agrovila Porto Verde, no km 13 da BR\u00a0 364 sentido Cuiab\u00e1.<\/p>\n<p><strong>texto:\u00a0 Enoque de Oliveira<br \/>\nfotos:\u00a0 Robson Paiva<\/strong><\/p>\n","protected":false},"excerpt":{"rendered":"<p>O estado de Rond\u00f4nia inicia as compras de alimentos atrav\u00e9s do Programa de Aquisi\u00e7\u00e3o de Alimentos (PAA), esta \u00e9 uma das poucas formas de compra p\u00fablica sem licita\u00e7\u00e3o, nessa modalidade [&hellip;]<\/p>\n","protected":false},"author":8,"featured_media":13253,"comment_status":"closed","ping_status":"closed","sticky":false,"template":"","format":"standard","meta":[],"categories":[502,10,9,12],"tags":[75],"_links":{"self":[{"href":"http:\/\/www.emater.ro.gov.br\/ematerro\/wp-json\/wp\/v2\/posts\/13250"}],"collection":[{"href":"http:\/\/www.emater.ro.gov.br\/ematerro\/wp-json\/wp\/v2\/posts"}],"about":[{"href":"http:\/\/www.emater.ro.gov.br\/ematerro\/wp-json\/wp\/v2\/types\/post"}],"author":[{"embeddable":true,"href":"http:\/\/www.emater.ro.gov.br\/ematerro\/wp-json\/wp\/v2\/users\/8"}],"replies":[{"embeddable":true,"href":"http:\/\/www.emater.ro.gov.br\/ematerro\/wp-json\/wp\/v2\/comments?post=13250"}],"version-history":[{"count":2,"href":"http:\/\/www.emater.ro.gov.br\/ematerro\/wp-json\/wp\/v2\/posts\/13250\/revisions"}],"predecessor-version":[{"id":13255,"href":"http:\/\/www.emater.ro.gov.br\/ematerro\/wp-json\/wp\/v2\/posts\/13250\/revisions\/13255"}],"wp:featuredmedia":[{"embeddable":true,"href":"http:\/\/www.emater.ro.gov.br\/ematerro\/wp-json\/wp\/v2\/media\/13253"}],"wp:attachment":[{"href":"http:\/\/www.emater.ro.gov.br\/ematerro\/wp-json\/wp\/v2\/media?parent=13250"}],"wp:term":[{"taxonomy":"category","embeddable":true,"href":"http:\/\/www.emater.ro.gov.br\/ematerro\/wp-json\/wp\/v2\/categories?post=13250"},{"taxonomy":"post_tag","embeddable":true,"href":"http:\/\/www.emater.ro.gov.br\/ematerro\/wp-json\/wp\/v2\/tags?post=13250"}],"curies":[{"name":"wp","href":"https:\/\/api.w.org\/{rel}","templated":true}]}}