{"id":13226,"date":"2023-06-05T13:14:17","date_gmt":"2023-06-05T17:14:17","guid":{"rendered":"http:\/\/www.emater.ro.gov.br\/ematerro\/?p=13226"},"modified":"2023-06-06T08:55:12","modified_gmt":"2023-06-06T12:55:12","slug":"agricultores-de-urupa-valorizam-producao-sustentavel-em-dia-de-especial-do-cacau","status":"publish","type":"post","link":"http:\/\/www.emater.ro.gov.br\/ematerro\/2023\/06\/05\/agricultores-de-urupa-valorizam-producao-sustentavel-em-dia-de-especial-do-cacau\/","title":{"rendered":"Agricultores de Urup\u00e1 valorizam produ\u00e7\u00e3o sustent\u00e1vel em dia especial do cacau"},"content":{"rendered":"<figure id=\"attachment_13228\" aria-describedby=\"caption-attachment-13228\" style=\"width: 1000px\" class=\"wp-caption aligncenter\"><img decoding=\"async\" loading=\"lazy\" class=\"wp-image-13228 size-full\" src=\"http:\/\/www.emater.ro.gov.br\/ematerro\/wp-content\/uploads\/2023\/06\/20230605-dia-especial-urup-robson-paiva-junho-de-2023.jpg\" alt=\"dia-especial-Urup\u00e1-Robson-Paiva-junho-de-2023\" width=\"1000\" height=\"625\" srcset=\"http:\/\/www.emater.ro.gov.br\/ematerro\/wp-content\/uploads\/2023\/06\/20230605-dia-especial-urup-robson-paiva-junho-de-2023.jpg 1000w, http:\/\/www.emater.ro.gov.br\/ematerro\/wp-content\/uploads\/2023\/06\/20230605-dia-especial-urup-robson-paiva-junho-de-2023-300x188.jpg 300w, http:\/\/www.emater.ro.gov.br\/ematerro\/wp-content\/uploads\/2023\/06\/20230605-dia-especial-urup-robson-paiva-junho-de-2023-768x480.jpg 768w\" sizes=\"(max-width: 1000px) 100vw, 1000px\" \/><figcaption id=\"caption-attachment-13228\" class=\"wp-caption-text\">produtores e produtoras acompanham com int produtores acompanham orienta\u00e7\u00f5es sobre o manejo sustent\u00e1vel da cultura do cacau<\/figcaption><\/figure>\n<p>Agricultores de Urup\u00e1 na regi\u00e3o central de Rond\u00f4nia, se antecipam \u00e0 semana do meio ambiente, e realizam com a Entidade Aut\u00e1rquica de Assist\u00eancia T\u00e9cnica e Extens\u00e3o Rural de Rond\u00f4nia\u00a0 (Emater-RO), um dia especial para incentivar o cultivo do cacau, esp\u00e9cie origin\u00e1ria da Amaz\u00f4nia, que oferece grande retorno econ\u00f4mico e ainda contribui para o reflorestamento de \u00e1reas desmatadas, e para a recomposi\u00e7\u00e3o florestal de \u00e1reas degradas, se ajustando perfeitamente aos programas ambientais do governo de Rond\u00f4nia.<\/p>\n<p>Os produtores rurais e os t\u00e9cnicos da Emater-RO e de outros \u00f3rg\u00e3os se reuniram na propriedade do senhor Anildo dos Santos na linha T8, para debater sobre a cultura do cacau e sua contribui\u00e7\u00e3o na renda familiar, bem como seus benef\u00edcios para a recupera\u00e7\u00e3o do solo e recomposi\u00e7\u00e3o florestal, inclusive para atender requisitos legais, nos casos de reposi\u00e7\u00e3o exigidas pela legisla\u00e7\u00e3o ambiental. Praticas sustent\u00e1veis\u00a0 podem favorecer o comercio internacional, como afirmou o governador Marcos Rocha, \u201cO agroneg\u00f3cio no Estado continua crescendo de forma sustent\u00e1vel, e isso desperta o interesse de outros pa\u00edses. isso ajudar\u00e1 a fomentar o desenvolvimento econ\u00f4mico e social\u201d.<\/p>\n<figure id=\"attachment_13230\" aria-describedby=\"caption-attachment-13230\" style=\"width: 492px\" class=\"wp-caption alignleft\"><img decoding=\"async\" loading=\"lazy\" class=\"wp-image-13230\" src=\"http:\/\/www.emater.ro.gov.br\/ematerro\/wp-content\/uploads\/2023\/06\/20230605-dia-especial-urup-robson-paiva-junho-de-2023-3.jpg\" alt=\"dia-Especial-urup\u00e1-Robson-Paiva-junho-de-2023-3\" width=\"492\" height=\"307\" srcset=\"http:\/\/www.emater.ro.gov.br\/ematerro\/wp-content\/uploads\/2023\/06\/20230605-dia-especial-urup-robson-paiva-junho-de-2023-3.jpg 1000w, http:\/\/www.emater.ro.gov.br\/ematerro\/wp-content\/uploads\/2023\/06\/20230605-dia-especial-urup-robson-paiva-junho-de-2023-3-300x188.jpg 300w, http:\/\/www.emater.ro.gov.br\/ematerro\/wp-content\/uploads\/2023\/06\/20230605-dia-especial-urup-robson-paiva-junho-de-2023-3-768x480.jpg 768w\" sizes=\"(max-width: 492px) 100vw, 492px\" \/><figcaption id=\"caption-attachment-13230\" class=\"wp-caption-text\">A cacau\u00edcultura \u00e9 a segunda lavoura perene mais importante do Estado<\/figcaption><\/figure>\n<p>O governo de Rond\u00f4nia, atrav\u00e9s da Emater-RO, incentiva a revitaliza\u00e7\u00e3o da lavoura cacaueira com a introdu\u00e7\u00e3o do cultivo de clones mais precoces e produtivos, para isto oferece assist\u00eancia t\u00e9cnica gratuita aos produtores. Na propriedade onde se realizou o dia especial em Urup\u00e1, o produtor recebeu orienta\u00e7\u00e3o t\u00e9cnica para a escolha dos clones e implanta\u00e7\u00e3o da lavoura, seguindo as t\u00e9cnicas de aduba\u00e7\u00e3o, irriga\u00e7\u00e3o e manejo das plantas, disse o gerente local da Emater-RO, Silvio Carvalho.<\/p>\n<p>O pesquisador da Comiss\u00e3o do Plano da Lavoura Cacaueira (Ceplac), Fernando Luis Correia, apresentou aos produtores as vantagens do manejo da lavoura com pr\u00e1ticas culturais, evitando-se o uso de defensivos qu\u00edmicos, melhorando a rela\u00e7\u00e3o receita despesa, e potencializando a produ\u00e7\u00e3o ambientalmente sustent\u00e1vel, socialmente justa e economicamente desej\u00e1vel, elementos que valorizam a imagem da produ\u00e7\u00e3o rondoniense nos mercados nacional e internacional.<\/p>\n<p>&nbsp;<\/p>\n<p>Texto: Enoque de Oliveira MTE-913\/RO<\/p>\n<p>Fotos: Robson Paiva\u00a0 MTE\/133\/RO<\/p>\n","protected":false},"excerpt":{"rendered":"<p>Agricultores de Urup\u00e1 na regi\u00e3o central de Rond\u00f4nia, se antecipam \u00e0 semana do meio ambiente, e realizam com a Entidade Aut\u00e1rquica de Assist\u00eancia T\u00e9cnica e Extens\u00e3o Rural de Rond\u00f4nia\u00a0 (Emater-RO), [&hellip;]<\/p>\n","protected":false},"author":8,"featured_media":13229,"comment_status":"closed","ping_status":"closed","sticky":false,"template":"","format":"standard","meta":[],"categories":[502,655,10,9,12],"tags":[201],"_links":{"self":[{"href":"http:\/\/www.emater.ro.gov.br\/ematerro\/wp-json\/wp\/v2\/posts\/13226"}],"collection":[{"href":"http:\/\/www.emater.ro.gov.br\/ematerro\/wp-json\/wp\/v2\/posts"}],"about":[{"href":"http:\/\/www.emater.ro.gov.br\/ematerro\/wp-json\/wp\/v2\/types\/post"}],"author":[{"embeddable":true,"href":"http:\/\/www.emater.ro.gov.br\/ematerro\/wp-json\/wp\/v2\/users\/8"}],"replies":[{"embeddable":true,"href":"http:\/\/www.emater.ro.gov.br\/ematerro\/wp-json\/wp\/v2\/comments?post=13226"}],"version-history":[{"count":7,"href":"http:\/\/www.emater.ro.gov.br\/ematerro\/wp-json\/wp\/v2\/posts\/13226\/revisions"}],"predecessor-version":[{"id":13239,"href":"http:\/\/www.emater.ro.gov.br\/ematerro\/wp-json\/wp\/v2\/posts\/13226\/revisions\/13239"}],"wp:featuredmedia":[{"embeddable":true,"href":"http:\/\/www.emater.ro.gov.br\/ematerro\/wp-json\/wp\/v2\/media\/13229"}],"wp:attachment":[{"href":"http:\/\/www.emater.ro.gov.br\/ematerro\/wp-json\/wp\/v2\/media?parent=13226"}],"wp:term":[{"taxonomy":"category","embeddable":true,"href":"http:\/\/www.emater.ro.gov.br\/ematerro\/wp-json\/wp\/v2\/categories?post=13226"},{"taxonomy":"post_tag","embeddable":true,"href":"http:\/\/www.emater.ro.gov.br\/ematerro\/wp-json\/wp\/v2\/tags?post=13226"}],"curies":[{"name":"wp","href":"https:\/\/api.w.org\/{rel}","templated":true}]}}