{"id":13208,"date":"2023-05-31T12:45:46","date_gmt":"2023-05-31T16:45:46","guid":{"rendered":"http:\/\/www.emater.ro.gov.br\/ematerro\/?p=13208"},"modified":"2023-05-31T12:49:20","modified_gmt":"2023-05-31T16:49:20","slug":"a-regiao-madeira-mamore-se-destaca-no-2o-concurso-conqueijo-e-leva-nove-dos-15-premios","status":"publish","type":"post","link":"http:\/\/www.emater.ro.gov.br\/ematerro\/2023\/05\/31\/a-regiao-madeira-mamore-se-destaca-no-2o-concurso-conqueijo-e-leva-nove-dos-15-premios\/","title":{"rendered":"A regi\u00e3o Madeira Mamor\u00e9 se destaca no 2\u00ba concurso Conqueijo e leva nove dos 15 pr\u00eamios"},"content":{"rendered":"<figure id=\"attachment_13210\" aria-describedby=\"caption-attachment-13210\" style=\"width: 800px\" class=\"wp-caption aligncenter\"><img decoding=\"async\" loading=\"lazy\" class=\"wp-image-13210 size-full\" src=\"http:\/\/www.emater.ro.gov.br\/ematerro\/wp-content\/uploads\/2023\/05\/20230531-conqueijo-2022-irene-mendes.jpg\" alt=\"conqueijo-2022-Irene-Mendes\" width=\"800\" height=\"500\" srcset=\"http:\/\/www.emater.ro.gov.br\/ematerro\/wp-content\/uploads\/2023\/05\/20230531-conqueijo-2022-irene-mendes.jpg 800w, http:\/\/www.emater.ro.gov.br\/ematerro\/wp-content\/uploads\/2023\/05\/20230531-conqueijo-2022-irene-mendes-300x188.jpg 300w, http:\/\/www.emater.ro.gov.br\/ematerro\/wp-content\/uploads\/2023\/05\/20230531-conqueijo-2022-irene-mendes-768x480.jpg 768w\" sizes=\"(max-width: 800px) 100vw, 800px\" \/><figcaption id=\"caption-attachment-13210\" class=\"wp-caption-text\">Os avaliadores atestam a qualidade com base na textura, aroma e sabor do queijo<\/figcaption><\/figure>\n<p style=\"text-align: left;\">O 2\u00ba concurso de qualidade dos queijos de Rond\u00f4nia, Conqueijo, realizado durante a d\u00e9cima Rond\u00f4nia Rural Show, reuniu na competi\u00e7\u00e3o agroind\u00fastrias de latic\u00ednio do Estado, e distribuiu 15 pr\u00eamios em cinco categorias diferentes, destacando-se os munic\u00edpios, Itapu\u00e3 do Oeste, Candeios do Jamari, e Guajar\u00e1 Mirim, da regi\u00e3o Madeira Mamor\u00e9, que juntos levaram mais da metade dos pr\u00eamios.<\/p>\n<p>As agroind\u00fastrias premiadas t\u00eam em comum o fato de receberem assist\u00eancia t\u00e9cnica da Entidade Aut\u00e1rquica de assist\u00eancia T\u00e9cnica e Extens\u00e3o Rural de Rond\u00f4nia ( Emater-RO), que orienta toda a cadeia produtiva do leite desde a produ\u00e7\u00e3o nas propriedades rurais at\u00e9 o processamento na agroind\u00fastria familiar. \u201cPara n\u00f3s da Emater-RO, o conqueijo s\u00f3 vem abrilhantar o trabalho da assist\u00eancia t\u00e9cnica, porque as agroind\u00fastrias orientadas est\u00e3o sendo premiadas, \u00e9 um reconhecimento do trabalho da extens\u00e3o r<\/p>\n<figure id=\"attachment_13209\" aria-describedby=\"caption-attachment-13209\" style=\"width: 490px\" class=\"wp-caption alignright\"><img decoding=\"async\" loading=\"lazy\" class=\" wp-image-13209\" src=\"http:\/\/www.emater.ro.gov.br\/ematerro\/wp-content\/uploads\/2023\/05\/20230531-conqueijo.jpg\" alt=\"o conqueijo premia cinco tipos de queijos\" width=\"490\" height=\"306\" srcset=\"http:\/\/www.emater.ro.gov.br\/ematerro\/wp-content\/uploads\/2023\/05\/20230531-conqueijo.jpg 1000w, http:\/\/www.emater.ro.gov.br\/ematerro\/wp-content\/uploads\/2023\/05\/20230531-conqueijo-300x188.jpg 300w, http:\/\/www.emater.ro.gov.br\/ematerro\/wp-content\/uploads\/2023\/05\/20230531-conqueijo-768x480.jpg 768w\" sizes=\"(max-width: 490px) 100vw, 490px\" \/><figcaption id=\"caption-attachment-13209\" class=\"wp-caption-text\">o conqueijo premia cinco tipos de queijos<\/figcaption><\/figure>\n<p>ural e do produtor\u201d disse Luciano Brand\u00e3o, presidente da Emater-RO.<\/p>\n<p>O objetivo do governo de Rond\u00f4nia com a realiza\u00e7\u00e3o do concurso \u00e9 estimular a melhoria da qualidade do queijo rondoniense atrav\u00e9s de uma competi\u00e7\u00e3o saud\u00e1vel entre as agroind\u00fastrias, bem como dar visibilidade a este importante produto l\u00e1cteo que est\u00e1 na pauta de exporta\u00e7\u00e3o do Estado.<\/p>\n<p>Para o governador Marcos Rocha, o Concurso de Qualidade do Queijo contribui para a melhoria da qualidade e valoriza\u00e7\u00e3o das produ\u00e7\u00f5es queijeiras das agroind\u00fastrias familiares e dos estabelecimentos agroindustriais de pequeno porte, processadores de leite e<\/p>\n<p>derivados. \u201cAs fam\u00edlias passam a ter mais uma fonte de renda, com produtos de qualidade e ajuda a fomentar a economia de Rond\u00f4nia\u201d, explica o governador.<\/p>\n<p>Na lista das premia\u00e7\u00f5es conquistadas pelos latic\u00ednios da regi\u00e3o Madeira Mamor\u00e9 tem dois primeiros lugares, nas categorias provolone e coalho, e quatro segundo lugares, e mais tr\u00eas pr\u00eamios de terceira posi\u00e7\u00e3o. Na categoria provolone, o latic\u00ednio Laklein de candeias do Jamari \u00e9 bicampe\u00e3o, e na categoria coalho o primeiro lugar foi para Guajar\u00e1 Mirim, latic\u00ednio P\u00f4r do Sol.<\/p>\n<p style=\"text-align: right;\">Texto: Enoque de Oliveira<br \/>\nFotos: Irene Mendes<\/p>\n","protected":false},"excerpt":{"rendered":"<p>O 2\u00ba concurso de qualidade dos queijos de Rond\u00f4nia, Conqueijo, realizado durante a d\u00e9cima Rond\u00f4nia Rural Show, reuniu na competi\u00e7\u00e3o agroind\u00fastrias de latic\u00ednio do Estado, e distribuiu 15 pr\u00eamios em [&hellip;]<\/p>\n","protected":false},"author":8,"featured_media":13214,"comment_status":"closed","ping_status":"closed","sticky":false,"template":"","format":"standard","meta":[],"categories":[10,9,12],"tags":[57],"_links":{"self":[{"href":"http:\/\/www.emater.ro.gov.br\/ematerro\/wp-json\/wp\/v2\/posts\/13208"}],"collection":[{"href":"http:\/\/www.emater.ro.gov.br\/ematerro\/wp-json\/wp\/v2\/posts"}],"about":[{"href":"http:\/\/www.emater.ro.gov.br\/ematerro\/wp-json\/wp\/v2\/types\/post"}],"author":[{"embeddable":true,"href":"http:\/\/www.emater.ro.gov.br\/ematerro\/wp-json\/wp\/v2\/users\/8"}],"replies":[{"embeddable":true,"href":"http:\/\/www.emater.ro.gov.br\/ematerro\/wp-json\/wp\/v2\/comments?post=13208"}],"version-history":[{"count":3,"href":"http:\/\/www.emater.ro.gov.br\/ematerro\/wp-json\/wp\/v2\/posts\/13208\/revisions"}],"predecessor-version":[{"id":13215,"href":"http:\/\/www.emater.ro.gov.br\/ematerro\/wp-json\/wp\/v2\/posts\/13208\/revisions\/13215"}],"wp:featuredmedia":[{"embeddable":true,"href":"http:\/\/www.emater.ro.gov.br\/ematerro\/wp-json\/wp\/v2\/media\/13214"}],"wp:attachment":[{"href":"http:\/\/www.emater.ro.gov.br\/ematerro\/wp-json\/wp\/v2\/media?parent=13208"}],"wp:term":[{"taxonomy":"category","embeddable":true,"href":"http:\/\/www.emater.ro.gov.br\/ematerro\/wp-json\/wp\/v2\/categories?post=13208"},{"taxonomy":"post_tag","embeddable":true,"href":"http:\/\/www.emater.ro.gov.br\/ematerro\/wp-json\/wp\/v2\/tags?post=13208"}],"curies":[{"name":"wp","href":"https:\/\/api.w.org\/{rel}","templated":true}]}}