{"id":13192,"date":"2023-05-29T11:54:25","date_gmt":"2023-05-29T15:54:25","guid":{"rendered":"http:\/\/www.emater.ro.gov.br\/ematerro\/?p=13192"},"modified":"2023-05-29T12:07:45","modified_gmt":"2023-05-29T16:07:45","slug":"i-forum-da-agricultura-indigena-mostra-potencial-das-etnias-de-rondonia-na-maior-feira-de-agronegocios-do-estado","status":"publish","type":"post","link":"http:\/\/www.emater.ro.gov.br\/ematerro\/2023\/05\/29\/i-forum-da-agricultura-indigena-mostra-potencial-das-etnias-de-rondonia-na-maior-feira-de-agronegocios-do-estado\/","title":{"rendered":"I F\u00f3rum da Agricultura Ind\u00edgena mostra potencial das etnias de Rond\u00f4nia na maior feira de agroneg\u00f3cios do estado"},"content":{"rendered":"<figure id=\"attachment_13194\" aria-describedby=\"caption-attachment-13194\" style=\"width: 1504px\" class=\"wp-caption aligncenter\"><img decoding=\"async\" loading=\"lazy\" class=\"size-full wp-image-13194\" src=\"http:\/\/www.emater.ro.gov.br\/ematerro\/wp-content\/uploads\/2023\/05\/20230529-05mai2023-26-1-forum-de-agricultura-indigena_irene-4.jpeg\" alt=\"Emater-RO dever\u00e1 levar pol\u00edticas p\u00fablica de governo para as comunidades ind\u00edgenas.\" width=\"1504\" height=\"940\" srcset=\"http:\/\/www.emater.ro.gov.br\/ematerro\/wp-content\/uploads\/2023\/05\/20230529-05mai2023-26-1-forum-de-agricultura-indigena_irene-4.jpeg 1504w, http:\/\/www.emater.ro.gov.br\/ematerro\/wp-content\/uploads\/2023\/05\/20230529-05mai2023-26-1-forum-de-agricultura-indigena_irene-4-300x188.jpeg 300w, http:\/\/www.emater.ro.gov.br\/ematerro\/wp-content\/uploads\/2023\/05\/20230529-05mai2023-26-1-forum-de-agricultura-indigena_irene-4-768x480.jpeg 768w, http:\/\/www.emater.ro.gov.br\/ematerro\/wp-content\/uploads\/2023\/05\/20230529-05mai2023-26-1-forum-de-agricultura-indigena_irene-4-1024x640.jpeg 1024w\" sizes=\"(max-width: 1504px) 100vw, 1504px\" \/><figcaption id=\"caption-attachment-13194\" class=\"wp-caption-text\"><\/em> <em>Emater-RO dever\u00e1 levar pol\u00edticas p\u00fablica de governo para as comunidades ind\u00edgenas.<\/em><\/figcaption><\/figure>\n<p>Uma roda de conversa entre etnias ind\u00edgenas e governo de Rond\u00f4nia, por meio da Entidade Aut\u00e1rquica de Assist\u00eancia T\u00e9cnica e Extens\u00e3o Rural (Emater-RO) trouxe grandes perspectivas para o fortalecimento da produ\u00e7\u00e3o agr\u00edcola e aproveitamento sustent\u00e1vel dos recursos florestais. Realizado durante a Rond\u00f4nia Rural Show com o objetivo de apresentar as potencialidades produtivas em terras ind\u00edgenas, o I F\u00f3rum\u00a0 da Agricultura Ind\u00edgena reuniu representantes das etnias Aru\u00e1, Amondawa, Pait\u00e9r Suru\u00ed, Gavi\u00e3o e Arara, entre outras, todas de Rond\u00f4nia.<\/p>\n<figure id=\"attachment_13196\" aria-describedby=\"caption-attachment-13196\" style=\"width: 450px\" class=\"wp-caption alignright\"><img decoding=\"async\" loading=\"lazy\" class=\"wp-image-13196\" src=\"http:\/\/www.emater.ro.gov.br\/ematerro\/wp-content\/uploads\/2023\/05\/20230529-05mai2023-26-1-forum-de-agricultura-indigena_nicolly.jpg\" alt=\"05mai2023-26 1 Forum de Agricultura Indigena_Nicolly\" width=\"450\" height=\"281\" srcset=\"http:\/\/www.emater.ro.gov.br\/ematerro\/wp-content\/uploads\/2023\/05\/20230529-05mai2023-26-1-forum-de-agricultura-indigena_nicolly.jpg 1280w, http:\/\/www.emater.ro.gov.br\/ematerro\/wp-content\/uploads\/2023\/05\/20230529-05mai2023-26-1-forum-de-agricultura-indigena_nicolly-300x188.jpg 300w, http:\/\/www.emater.ro.gov.br\/ematerro\/wp-content\/uploads\/2023\/05\/20230529-05mai2023-26-1-forum-de-agricultura-indigena_nicolly-768x480.jpg 768w, http:\/\/www.emater.ro.gov.br\/ematerro\/wp-content\/uploads\/2023\/05\/20230529-05mai2023-26-1-forum-de-agricultura-indigena_nicolly-1024x640.jpg 1024w\" sizes=\"(max-width: 450px) 100vw, 450px\" \/><figcaption id=\"caption-attachment-13196\" class=\"wp-caption-text\"><em>A comunidade ind\u00edgena apresentou suas atividades durante a 10\u00aa Rond\u00f4nia Rural Show.<\/em><\/figcaption><\/figure>\n<p>A roda de conversa foi mediada pelo diretor presidente da Emater-RO, Luciano Brand\u00e3o que abriu os trabalhos mostrando o exemplo, a for\u00e7a e a garra desses guardi\u00f5es da floresta que hoje despontam com grande potencial para a produ\u00e7\u00e3o de caf\u00e9, castanha e mandioca, ente outros. \u201cO governador Marcos Rocha tem determinado \u00e0 Emater, que \u00e9 o \u00f3rg\u00e3o oficial de assist\u00eancia t\u00e9cnica e extens\u00e3o rural do estado, que nossos t\u00e9cnicos atuem junto \u00e0 essa comunidade levando as pol\u00edticas p\u00fablicas de governo e todas as a\u00e7\u00f5es para que eles possam ser beneficiados como grandes produtores que s\u00e3o\u201d, disse Brand\u00e3o.<\/p>\n<p>O governador tem destacado em suas a\u00e7\u00f5es a import\u00e2ncia da comunidade ind\u00edgena, tanto que na 10\u00aa edi\u00e7\u00e3o da Rond\u00f4nia Rural Show foi disponibilizado um espa\u00e7o, para que todos os visitantes tivessem a oportunidade de conhecer a cultura e a produ\u00e7\u00e3o que cada etnia desenvolve em suas aldeias. \u201cEsse p\u00fablico tem um potencial enorme para produ\u00e7\u00e3o de alimentos e com a assist\u00eancia t\u00e9cnica da Emater-RO, dentro das comunidades ind\u00edgenas, acreditamos que todos ser\u00e3o beneficiados, n\u00e3o somente com a produ\u00e7\u00e3o agr\u00edcola, mas tamb\u00e9m produzindo com sustentabilidade e contribuindo para a preserva\u00e7\u00e3o do meio ambiente, que hoje \u00e9 o foco das grandes conversas internacionais\u201d, salienta o governa dor Marcos Rocha.<\/p>\n<figure id=\"attachment_13197\" aria-describedby=\"caption-attachment-13197\" style=\"width: 414px\" class=\"wp-caption alignleft\"><img decoding=\"async\" loading=\"lazy\" class=\"wp-image-13197\" src=\"http:\/\/www.emater.ro.gov.br\/ematerro\/wp-content\/uploads\/2023\/05\/20230529-10a-rondonia-rural-show-quinto-dia-25-05-2326-05-23-464.jpg\" alt=\"Lan\u00e7amento da primeira grife ind\u00edgena, uma iniciativa das mulheres do povo Arara.\" width=\"414\" height=\"259\" srcset=\"http:\/\/www.emater.ro.gov.br\/ematerro\/wp-content\/uploads\/2023\/05\/20230529-10a-rondonia-rural-show-quinto-dia-25-05-2326-05-23-464.jpg 1280w, http:\/\/www.emater.ro.gov.br\/ematerro\/wp-content\/uploads\/2023\/05\/20230529-10a-rondonia-rural-show-quinto-dia-25-05-2326-05-23-464-300x188.jpg 300w, http:\/\/www.emater.ro.gov.br\/ematerro\/wp-content\/uploads\/2023\/05\/20230529-10a-rondonia-rural-show-quinto-dia-25-05-2326-05-23-464-768x480.jpg 768w, http:\/\/www.emater.ro.gov.br\/ematerro\/wp-content\/uploads\/2023\/05\/20230529-10a-rondonia-rural-show-quinto-dia-25-05-2326-05-23-464-1024x640.jpg 1024w\" sizes=\"(max-width: 414px) 100vw, 414px\" \/><figcaption id=\"caption-attachment-13197\" class=\"wp-caption-text\"><em>Lan\u00e7amento da primeira grife ind\u00edgena, uma iniciativa das mulheres do povo Arara.<\/em><\/figcaption><\/figure>\n<p>Mas n\u00e3o \u00e9 somente a produ\u00e7\u00e3o agr\u00edcola que vem trazendo oportunidade de gera\u00e7\u00e3o de renda para os povos ind\u00edgenas. Durante a roda de conversa, foram apresentadas potencialidades como o artesanato, que j\u00e1 \u00e9 muito procurado por aqueles que visitam o Estado de Rond\u00f4nia e o lan\u00e7amento da primeira grife ind\u00edgena, I S Karo, de iniciativa das mulheres ind\u00edgenas do povo Arara, que realizaram um desfile de suas roupas trabalhadas no grafismo, para mostrar a pintura como uma de suas atividades culturais.<\/p>\n<p>Outra novidade \u00e9 o investimento no turismo cultural. Trata-se de uma pousada, batizada de \u201cbangaloca\u201d,\u00a0 localizada dentro do territ\u00f3rio ind\u00edgena, onde pretende-se oferecer \u00e0 sociedade n\u00e3o ind\u00edgena a oportunidade de conhecer a realidade do povo ind\u00edgena na comunidade Pait\u00e9r Suru\u00ed.\u00a0 Durante a estadia, as pessoas ter\u00e3o a oportunidade de ouvir a hist\u00f3rias que os povos trazem de seus ancestrais, conhecer a pintura, a alimenta\u00e7\u00e3o tradicional, a produ\u00e7\u00e3o sustent\u00e1vel, com direito a passeio pela lavoura de caf\u00e9 e todo o trabalho que vem sendo feito de forma sustent\u00e1vel para preserva\u00e7\u00e3o da floresta.<\/p>\n<p>Como toda comunidade que pensa no futuro, a inclus\u00e3o de jovens no contexto social \u00e9 de grande import\u00e2ncia, e na aldeia jovens ind\u00edgenas tamb\u00e9m vem mostrando o seu potencial. O projeto A\u00e7a\u00ed, \u00e9 um projeto de agroind\u00fastria, que tem \u00e0 frente a jovem empreendedora Marcela Aru\u00e1. O projeto visa envolver jovens para que eles possam desenvolver\u00a0 trabalhos e ter responsabilidade preservando a floresta e preservando a cultura de seu povo.<\/p>\n<p style=\"text-align: right;\"><em><span style=\"color: #008000;\">Texto: Wania Ressutti<\/span><\/em><br \/>\n<em><span style=\"color: #008000;\">Jornalista \u2013 MTE-1744\/RO<\/span><\/em><br \/>\n<em><span style=\"color: #008000;\">Fotos: Irene Mendes<\/span><\/em><br \/>\n<em><span style=\"color: #008000;\">Rep\u00f3rter fotogr\u00e1fica \u2013 MTE-368\/RO<\/span><\/em><br \/>\n<em><span style=\"color: #008000;\">EMATER-RO<\/span><\/em><\/p>\n","protected":false},"excerpt":{"rendered":"<p>Uma roda de conversa entre etnias ind\u00edgenas e governo de Rond\u00f4nia, por meio da Entidade Aut\u00e1rquica de Assist\u00eancia T\u00e9cnica e Extens\u00e3o Rural (Emater-RO) trouxe grandes perspectivas para o fortalecimento da [&hellip;]<\/p>\n","protected":false},"author":9,"featured_media":13195,"comment_status":"closed","ping_status":"closed","sticky":false,"template":"","format":"standard","meta":[],"categories":[10,9,12],"tags":[733,135,660,734],"_links":{"self":[{"href":"http:\/\/www.emater.ro.gov.br\/ematerro\/wp-json\/wp\/v2\/posts\/13192"}],"collection":[{"href":"http:\/\/www.emater.ro.gov.br\/ematerro\/wp-json\/wp\/v2\/posts"}],"about":[{"href":"http:\/\/www.emater.ro.gov.br\/ematerro\/wp-json\/wp\/v2\/types\/post"}],"author":[{"embeddable":true,"href":"http:\/\/www.emater.ro.gov.br\/ematerro\/wp-json\/wp\/v2\/users\/9"}],"replies":[{"embeddable":true,"href":"http:\/\/www.emater.ro.gov.br\/ematerro\/wp-json\/wp\/v2\/comments?post=13192"}],"version-history":[{"count":5,"href":"http:\/\/www.emater.ro.gov.br\/ematerro\/wp-json\/wp\/v2\/posts\/13192\/revisions"}],"predecessor-version":[{"id":13201,"href":"http:\/\/www.emater.ro.gov.br\/ematerro\/wp-json\/wp\/v2\/posts\/13192\/revisions\/13201"}],"wp:featuredmedia":[{"embeddable":true,"href":"http:\/\/www.emater.ro.gov.br\/ematerro\/wp-json\/wp\/v2\/media\/13195"}],"wp:attachment":[{"href":"http:\/\/www.emater.ro.gov.br\/ematerro\/wp-json\/wp\/v2\/media?parent=13192"}],"wp:term":[{"taxonomy":"category","embeddable":true,"href":"http:\/\/www.emater.ro.gov.br\/ematerro\/wp-json\/wp\/v2\/categories?post=13192"},{"taxonomy":"post_tag","embeddable":true,"href":"http:\/\/www.emater.ro.gov.br\/ematerro\/wp-json\/wp\/v2\/tags?post=13192"}],"curies":[{"name":"wp","href":"https:\/\/api.w.org\/{rel}","templated":true}]}}