{"id":13145,"date":"2023-05-23T11:51:26","date_gmt":"2023-05-23T15:51:26","guid":{"rendered":"http:\/\/www.emater.ro.gov.br\/ematerro\/?p=13145"},"modified":"2023-05-25T08:22:31","modified_gmt":"2023-05-25T12:22:31","slug":"visita-agradavel-e-oportunidade-de-negocios-no-ambiente-da-rondonia-rural-show","status":"publish","type":"post","link":"http:\/\/www.emater.ro.gov.br\/ematerro\/2023\/05\/23\/visita-agradavel-e-oportunidade-de-negocios-no-ambiente-da-rondonia-rural-show\/","title":{"rendered":"Palestras sobre novas tecnologias no campo s\u00e3o ministradas no espa\u00e7o da Emater-RO, na Rond\u00f4nia Rural Show"},"content":{"rendered":"<figure id=\"attachment_13148\" aria-describedby=\"caption-attachment-13148\" style=\"width: 1076px\" class=\"wp-caption aligncenter\"><img decoding=\"async\" loading=\"lazy\" class=\"wp-image-13148 size-full\" src=\"http:\/\/www.emater.ro.gov.br\/ematerro\/wp-content\/uploads\/2023\/05\/20230523-05mai2023-22-chegada-dos-agricultores_irene-mendes-5.jpg\" alt=\"05mai2023-22-chegada-dos-agricultores_Irene-Mendes-(5)\" width=\"1076\" height=\"672\" srcset=\"http:\/\/www.emater.ro.gov.br\/ematerro\/wp-content\/uploads\/2023\/05\/20230523-05mai2023-22-chegada-dos-agricultores_irene-mendes-5.jpg 1076w, http:\/\/www.emater.ro.gov.br\/ematerro\/wp-content\/uploads\/2023\/05\/20230523-05mai2023-22-chegada-dos-agricultores_irene-mendes-5-300x187.jpg 300w, http:\/\/www.emater.ro.gov.br\/ematerro\/wp-content\/uploads\/2023\/05\/20230523-05mai2023-22-chegada-dos-agricultores_irene-mendes-5-768x480.jpg 768w, http:\/\/www.emater.ro.gov.br\/ematerro\/wp-content\/uploads\/2023\/05\/20230523-05mai2023-22-chegada-dos-agricultores_irene-mendes-5-1024x640.jpg 1024w\" sizes=\"(max-width: 1076px) 100vw, 1076px\" \/><figcaption id=\"caption-attachment-13148\" class=\"wp-caption-text\"><em>Agricultores s\u00e3o recepcionados na RR Show e iniciam vistas pelo t\u00fanel do tempo da Emater-RO.<\/em><\/figcaption><\/figure>\n<p>Agricultores familiares orientados pelos extensionistas da Entidade Aut\u00e1rquica de Assist\u00eancia T\u00e9cnica e Extens\u00e3o Rural (Emater-RO) chegam \u00e0 Rond\u00f4nia Rural Show, a bordo dos \u00f4nibus oferecidos pelo governo de Rond\u00f4nia, e s\u00e3o recebidos por um t\u00e9cnico da Autarquia que os leva para uma viagem atrav\u00e9s da historia da Emater-RO e do desenvolvimento da agricultura no Estado, e em seguida s\u00e3o convidados para um delicioso caf\u00e9 da manh\u00e3.<\/p>\n<p>Na sequencia da visita ao maior evento tecnol\u00f3gico e de neg\u00f3cios da Regi\u00e3o Norte do Brasil, os produtores fazem um tour pelas vitrines tecnol\u00f3gicas e tendas de palestras, onde t\u00eam a oportunidade de escolher temas de seu interesse, durante todo o dia, os t\u00e9cnicos da Emater-RO e convidados ministram palestras tecnol\u00f3gicas de alto n\u00edvel, enfocando assuntos de bovinocultura, piscicultura, cultura do caf\u00e9 clonal, agroind\u00fastria e meio ambiente, a meta da Emater-RO \u00e9 \u201cpromover uma agricultura sustent\u00e1vel e impulsionar a exporta\u00e7\u00f5es de Rond\u00f4nia, como disse o governador Marcos Rocha na inaugura\u00e7\u00e3o do pavilh\u00e3o internacional da feira.<\/p>\n<figure id=\"attachment_13150\" aria-describedby=\"caption-attachment-13150\" style=\"width: 1000px\" class=\"wp-caption alignleft\"><img decoding=\"async\" loading=\"lazy\" class=\"size-full wp-image-13150\" src=\"http:\/\/www.emater.ro.gov.br\/ematerro\/wp-content\/uploads\/2023\/05\/20230523-bio-digestor-rr-show-2023-1.jpg\" alt=\"Biodigestor tecnologia sustent\u00e1vel de baixo custo \" width=\"1000\" height=\"625\" srcset=\"http:\/\/www.emater.ro.gov.br\/ematerro\/wp-content\/uploads\/2023\/05\/20230523-bio-digestor-rr-show-2023-1.jpg 1000w, http:\/\/www.emater.ro.gov.br\/ematerro\/wp-content\/uploads\/2023\/05\/20230523-bio-digestor-rr-show-2023-1-300x188.jpg 300w, http:\/\/www.emater.ro.gov.br\/ematerro\/wp-content\/uploads\/2023\/05\/20230523-bio-digestor-rr-show-2023-1-768x480.jpg 768w\" sizes=\"(max-width: 1000px) 100vw, 1000px\" \/><figcaption id=\"caption-attachment-13150\" class=\"wp-caption-text\"><em>Biodigestor tecnologia sustent\u00e1vel de baixo custo.<\/em><\/figcaption><\/figure>\n<p>A visita \u00e0 Rond\u00f4nia Rural Show \u00e9 uma verdadeira imers\u00e3o no mundo dos neg\u00f3cios e da alta tecnologia, est\u00e3o \u00e0 disposi\u00e7\u00e3o dos produtores desde grandes equipamentos de mecaniza\u00e7\u00e3o agr\u00edcola que custam mais de um milh\u00e3o de reais, a modernos aparelhos de pequeno porte, que melhoram a efici\u00eancia produtiva e que s\u00e3o comercializados a valores que permitem a aquisi\u00e7\u00e3o \u00e0 vista e dispon\u00edveis a pronta entrega.<\/p>\n<p>O cr\u00e9dito rural \u00e9 outra grande oportunidade oferecida na Rond\u00f4nia Rural Show, a Emater-RO disponibiliza um confort\u00e1vel stand para receber os produtores que querem aproveitar as facilidades da feira e buscam informa\u00e7\u00f5es sobre financiamento ou fazer proposta para projeto de cr\u00e9dito para aquisi\u00e7\u00e3o de animais, m\u00e1quinas e equipamentos, atrav\u00e9s de linhas de cr\u00e9dito oficiais com juros especiais.<\/p>\n<p>&nbsp;<\/p>\n<p style=\"text-align: right;\">Texto: Enoque G. de Oliveira<br \/>\nFotos: Irene Mendes<br \/>\nEMATER-RO<\/p>\n","protected":false},"excerpt":{"rendered":"<p>Agricultores familiares orientados pelos extensionistas da Entidade Aut\u00e1rquica de Assist\u00eancia T\u00e9cnica e Extens\u00e3o Rural (Emater-RO) chegam \u00e0 Rond\u00f4nia Rural Show, a bordo dos \u00f4nibus oferecidos pelo governo de Rond\u00f4nia, e [&hellip;]<\/p>\n","protected":false},"author":8,"featured_media":13155,"comment_status":"closed","ping_status":"closed","sticky":false,"template":"","format":"standard","meta":[],"categories":[10,9,12],"tags":[696],"_links":{"self":[{"href":"http:\/\/www.emater.ro.gov.br\/ematerro\/wp-json\/wp\/v2\/posts\/13145"}],"collection":[{"href":"http:\/\/www.emater.ro.gov.br\/ematerro\/wp-json\/wp\/v2\/posts"}],"about":[{"href":"http:\/\/www.emater.ro.gov.br\/ematerro\/wp-json\/wp\/v2\/types\/post"}],"author":[{"embeddable":true,"href":"http:\/\/www.emater.ro.gov.br\/ematerro\/wp-json\/wp\/v2\/users\/8"}],"replies":[{"embeddable":true,"href":"http:\/\/www.emater.ro.gov.br\/ematerro\/wp-json\/wp\/v2\/comments?post=13145"}],"version-history":[{"count":3,"href":"http:\/\/www.emater.ro.gov.br\/ematerro\/wp-json\/wp\/v2\/posts\/13145\/revisions"}],"predecessor-version":[{"id":13167,"href":"http:\/\/www.emater.ro.gov.br\/ematerro\/wp-json\/wp\/v2\/posts\/13145\/revisions\/13167"}],"wp:featuredmedia":[{"embeddable":true,"href":"http:\/\/www.emater.ro.gov.br\/ematerro\/wp-json\/wp\/v2\/media\/13155"}],"wp:attachment":[{"href":"http:\/\/www.emater.ro.gov.br\/ematerro\/wp-json\/wp\/v2\/media?parent=13145"}],"wp:term":[{"taxonomy":"category","embeddable":true,"href":"http:\/\/www.emater.ro.gov.br\/ematerro\/wp-json\/wp\/v2\/categories?post=13145"},{"taxonomy":"post_tag","embeddable":true,"href":"http:\/\/www.emater.ro.gov.br\/ematerro\/wp-json\/wp\/v2\/tags?post=13145"}],"curies":[{"name":"wp","href":"https:\/\/api.w.org\/{rel}","templated":true}]}}