{"id":13108,"date":"2023-05-12T07:29:33","date_gmt":"2023-05-12T11:29:33","guid":{"rendered":"http:\/\/www.emater.ro.gov.br\/ematerro\/?p=13108"},"modified":"2023-05-12T07:32:47","modified_gmt":"2023-05-12T11:32:47","slug":"emater-ro-incentivara-praticas-de-tecnologia-sustentavel-para-agricultores-familiares-na-10a-rondonia-rural-show","status":"publish","type":"post","link":"http:\/\/www.emater.ro.gov.br\/ematerro\/2023\/05\/12\/emater-ro-incentivara-praticas-de-tecnologia-sustentavel-para-agricultores-familiares-na-10a-rondonia-rural-show\/","title":{"rendered":"Emater-RO incentivar\u00e1 pr\u00e1ticas de tecnologia sustent\u00e1vel para agricultores familiares na 10\u00aa Rond\u00f4nia Rural Show"},"content":{"rendered":"<figure id=\"attachment_13110\" aria-describedby=\"caption-attachment-13110\" style=\"width: 1504px\" class=\"wp-caption aligncenter\"><img decoding=\"async\" loading=\"lazy\" class=\"size-full wp-image-13110\" src=\"http:\/\/www.emater.ro.gov.br\/ematerro\/wp-content\/uploads\/2023\/05\/20230511-05mai_2022-9rrshow_irene-mendes_007.jpg\" alt=\"A agroecologia tem como objetivo a produ\u00e7\u00e3o agr\u00edcola baseada no uso de pr\u00e1ticas sustent\u00e1veis.\" width=\"1504\" height=\"940\" srcset=\"http:\/\/www.emater.ro.gov.br\/ematerro\/wp-content\/uploads\/2023\/05\/20230511-05mai_2022-9rrshow_irene-mendes_007.jpg 1504w, http:\/\/www.emater.ro.gov.br\/ematerro\/wp-content\/uploads\/2023\/05\/20230511-05mai_2022-9rrshow_irene-mendes_007-300x188.jpg 300w, http:\/\/www.emater.ro.gov.br\/ematerro\/wp-content\/uploads\/2023\/05\/20230511-05mai_2022-9rrshow_irene-mendes_007-768x480.jpg 768w, http:\/\/www.emater.ro.gov.br\/ematerro\/wp-content\/uploads\/2023\/05\/20230511-05mai_2022-9rrshow_irene-mendes_007-1024x640.jpg 1024w\" sizes=\"(max-width: 1504px) 100vw, 1504px\" \/><figcaption id=\"caption-attachment-13110\" class=\"wp-caption-text\"><em>A agroecologia tem como objetivo a produ\u00e7\u00e3o agr\u00edcola baseada no uso de pr\u00e1ticas sustent\u00e1veis.<\/em><\/figcaption><\/figure>\n<p>H\u00e1 poucos dias para o in\u00edcio da maior feira de agroneg\u00f3cio da regi\u00e3o Norte, a Entidade Aut\u00e1rquica de Assist\u00eancia T\u00e9cnica e Extens\u00e3o Rural (Emater-RO) se prepara para apresentar o que h\u00e1 de melhor em tecnologia sustent\u00e1vel para a agricultura familiar. A vitrine tecnol\u00f3gica est\u00e1 sendo instalada para receber o p\u00fablico interessado em produzir com sustentabilidade e garantir renda com economia e lucro na produ\u00e7\u00e3o. 10\u00aa Rond\u00f4nia Rural Show Internacional ser\u00e1 realizada no per\u00edodo de 22 a 27 de maio e\u00a0 j\u00e1 se espera um grande p\u00fablico.<\/p>\n<p>Marcando presen\u00e7a em todas as edi\u00e7\u00f5es, a Emater-RO vem para esta 10\u00aa edi\u00e7\u00e3o da Rond\u00f4nia Rural Show Internacional com diversas iniciativas inovadoras e com foco na sustentabilidade. Entre elas destacam-se: a esta\u00e7\u00e3o agroecol\u00f3gica, produ\u00e7\u00e3o de alimentos, aspectos sociais da fitoterapia, prote\u00e7\u00e3o e recupera\u00e7\u00e3o de nascentes, sistemas agroflorestais, produ\u00e7\u00e3o de biog\u00e1s, al\u00e9m dos programas e projetos do governo estadual voltados para a fam\u00edlia rural. Todos poder\u00e3o ser visitados na Vitrine Tecnol\u00f3gica com orienta\u00e7\u00e3o dos extensionistas para que produtores possam conhecer cada atividade.<\/p>\n<p>Para o governador Marcos Rocha, essa \u00e9 uma excelente oportunidade para mostrar que em Rond\u00f4nia o agroneg\u00f3cio continua crescendo de forma sustent\u00e1vel, o que desperta o interesse dos agricultores e abre as portas para o mercado internacional. \u201cA Feira \u00e9 uma excelente oportunidade para apresentar Rond\u00f4nia ao mundo dos neg\u00f3cios, isso ajudar\u00e1 a fomentar o desenvolvimento econ\u00f4mico e social\u201d, destacou.<\/p>\n<figure id=\"attachment_13112\" aria-describedby=\"caption-attachment-13112\" style=\"width: 400px\" class=\"wp-caption alignleft\"><img decoding=\"async\" loading=\"lazy\" class=\"wp-image-13112\" src=\"http:\/\/www.emater.ro.gov.br\/ematerro\/wp-content\/uploads\/2023\/05\/20230511-07jul2019-biodigestor_irene-mendes-2.jpg\" alt=\"Biodigestor: tecnologia de baixo custo capaz de gerar energia, tratar res\u00edduos.\" width=\"400\" height=\"250\" srcset=\"http:\/\/www.emater.ro.gov.br\/ematerro\/wp-content\/uploads\/2023\/05\/20230511-07jul2019-biodigestor_irene-mendes-2.jpg 1355w, http:\/\/www.emater.ro.gov.br\/ematerro\/wp-content\/uploads\/2023\/05\/20230511-07jul2019-biodigestor_irene-mendes-2-300x188.jpg 300w, http:\/\/www.emater.ro.gov.br\/ematerro\/wp-content\/uploads\/2023\/05\/20230511-07jul2019-biodigestor_irene-mendes-2-768x480.jpg 768w, http:\/\/www.emater.ro.gov.br\/ematerro\/wp-content\/uploads\/2023\/05\/20230511-07jul2019-biodigestor_irene-mendes-2-1024x640.jpg 1024w\" sizes=\"(max-width: 400px) 100vw, 400px\" \/><figcaption id=\"caption-attachment-13112\" class=\"wp-caption-text\"><em>Biodigestor: tecnologia de baixo custo capaz de gerar energia, tratar res\u00edduos.<\/em><\/figcaption><\/figure>\n<p>Na esta\u00e7\u00e3o agroecol\u00f3gica o visitante ter\u00e1 a oportunidade de conhecer um biodigestor, que \u00e9 uma tecnologia de baixo custo capaz de gerar energia, tratar res\u00edduos da propriedade rural e contribuir com a redu\u00e7\u00e3o dos gases de efeito estufa, al\u00e9m de produzir o biofertilizante, que \u00e9 um adubo rico em nutrientes. O extensionista Rafael Cidade, respons\u00e1vel pela organiza\u00e7\u00e3o do estande da Emater durante o evento, explica que a ado\u00e7\u00e3o desse equipamento deve economizar energia el\u00e9trica e substituir g\u00e1s de cozinha.<\/p>\n<p>Na produ\u00e7\u00e3o de alimentos a Emater-RO estar\u00e1 mostrando a hidroponia, uma tecnologia j\u00e1 praticada por muitos agricultores, que otimiza os espa\u00e7os, o manejo e ajuda a controlar a infesta\u00e7\u00e3o de pragas e doen\u00e7as, por\u00e9m, o diferencial \u00e9 que a \u00e1gua que circula essa atividade ser\u00e1 tocada por placas de energia solar. Essa energia tamb\u00e9m ser\u00e1 utilizada na atividade de aquaponia, onde ser\u00e1 desenvolvida a produ\u00e7\u00e3o de hortali\u00e7as com \u00e1gua de res\u00edduos das ra\u00e7\u00f5es utilizadas nos tanques de piscicultura.<\/p>\n<p>O diretor-presidente da Emater-RO, Luciano Brand\u00e3o tem acompanhado as instala\u00e7\u00f5es das atividades da Emater-RO no Parque Vandeci Rack, em Ji-Paran\u00e1, local onde ser\u00e1 realizado o evento e enfatiza que as pol\u00edticas p\u00fablicas do governo voltados para a agricultura familiar tem fortalecido muito as fam\u00edlias que vivem no campo. \u201cO movimento que a feira vem tendo ao longo desses \u00faltimos anos, demonstra por si s\u00f3 a grandeza e a relev\u00e2ncia da Rond\u00f4nia Rural Show para o Estado e neste ano n\u00e3o ser\u00e1 diferente\u201d.<\/p>\n<p style=\"text-align: right;\"><span style=\"color: #008000;\"><em>Texto: Wania Ressutti<\/em><\/span><br \/>\n<span style=\"color: #008000;\"><em>Jornalista \u2013 MTE-1744\/RO<\/em><\/span><br \/>\n<span style=\"color: #008000;\"><em>Fotos: Irene Mendes<\/em><\/span><br \/>\n<span style=\"color: #008000;\"><em>Rep\u00f3rter fotogr\u00e1fica \u2013 MTE-368\/RO<\/em><\/span><br \/>\n<span style=\"color: #008000;\"><em>EMATER-RO<\/em><\/span><\/p>\n","protected":false},"excerpt":{"rendered":"<p>H\u00e1 poucos dias para o in\u00edcio da maior feira de agroneg\u00f3cio da regi\u00e3o Norte, a Entidade Aut\u00e1rquica de Assist\u00eancia T\u00e9cnica e Extens\u00e3o Rural (Emater-RO) se prepara para apresentar o que [&hellip;]<\/p>\n","protected":false},"author":9,"featured_media":13116,"comment_status":"closed","ping_status":"closed","sticky":false,"template":"","format":"standard","meta":[],"categories":[10,9,12],"tags":[],"_links":{"self":[{"href":"http:\/\/www.emater.ro.gov.br\/ematerro\/wp-json\/wp\/v2\/posts\/13108"}],"collection":[{"href":"http:\/\/www.emater.ro.gov.br\/ematerro\/wp-json\/wp\/v2\/posts"}],"about":[{"href":"http:\/\/www.emater.ro.gov.br\/ematerro\/wp-json\/wp\/v2\/types\/post"}],"author":[{"embeddable":true,"href":"http:\/\/www.emater.ro.gov.br\/ematerro\/wp-json\/wp\/v2\/users\/9"}],"replies":[{"embeddable":true,"href":"http:\/\/www.emater.ro.gov.br\/ematerro\/wp-json\/wp\/v2\/comments?post=13108"}],"version-history":[{"count":4,"href":"http:\/\/www.emater.ro.gov.br\/ematerro\/wp-json\/wp\/v2\/posts\/13108\/revisions"}],"predecessor-version":[{"id":13115,"href":"http:\/\/www.emater.ro.gov.br\/ematerro\/wp-json\/wp\/v2\/posts\/13108\/revisions\/13115"}],"wp:featuredmedia":[{"embeddable":true,"href":"http:\/\/www.emater.ro.gov.br\/ematerro\/wp-json\/wp\/v2\/media\/13116"}],"wp:attachment":[{"href":"http:\/\/www.emater.ro.gov.br\/ematerro\/wp-json\/wp\/v2\/media?parent=13108"}],"wp:term":[{"taxonomy":"category","embeddable":true,"href":"http:\/\/www.emater.ro.gov.br\/ematerro\/wp-json\/wp\/v2\/categories?post=13108"},{"taxonomy":"post_tag","embeddable":true,"href":"http:\/\/www.emater.ro.gov.br\/ematerro\/wp-json\/wp\/v2\/tags?post=13108"}],"curies":[{"name":"wp","href":"https:\/\/api.w.org\/{rel}","templated":true}]}}