{"id":13098,"date":"2023-05-11T11:43:10","date_gmt":"2023-05-11T15:43:10","guid":{"rendered":"http:\/\/www.emater.ro.gov.br\/ematerro\/?p=13098"},"modified":"2023-05-11T11:43:40","modified_gmt":"2023-05-11T15:43:40","slug":"vitrine-tecnologica-apresentara-alternativas-para-producao-sustentavel-durante-a-10a-rondonia-rural-show-internacional","status":"publish","type":"post","link":"http:\/\/www.emater.ro.gov.br\/ematerro\/2023\/05\/11\/vitrine-tecnologica-apresentara-alternativas-para-producao-sustentavel-durante-a-10a-rondonia-rural-show-internacional\/","title":{"rendered":"Vitrine Tecnol\u00f3gica apresentar\u00e1 alternativas para produ\u00e7\u00e3o sustent\u00e1vel durante a 10\u00aa Rond\u00f4nia Rural Show Internacional"},"content":{"rendered":"<figure id=\"attachment_13100\" aria-describedby=\"caption-attachment-13100\" style=\"width: 2000px\" class=\"wp-caption aligncenter\"><img decoding=\"async\" loading=\"lazy\" class=\"size-full wp-image-13100\" src=\"http:\/\/www.emater.ro.gov.br\/ematerro\/wp-content\/uploads\/2023\/05\/20230511-05mai_2022-9rrshow_irene-mendes_001.jpg\" alt=\"As atividades ser\u00e3o focadas na produ\u00e7\u00e3o com sustentabilidade.\" width=\"2000\" height=\"1250\" srcset=\"http:\/\/www.emater.ro.gov.br\/ematerro\/wp-content\/uploads\/2023\/05\/20230511-05mai_2022-9rrshow_irene-mendes_001.jpg 2000w, http:\/\/www.emater.ro.gov.br\/ematerro\/wp-content\/uploads\/2023\/05\/20230511-05mai_2022-9rrshow_irene-mendes_001-300x188.jpg 300w, http:\/\/www.emater.ro.gov.br\/ematerro\/wp-content\/uploads\/2023\/05\/20230511-05mai_2022-9rrshow_irene-mendes_001-768x480.jpg 768w, http:\/\/www.emater.ro.gov.br\/ematerro\/wp-content\/uploads\/2023\/05\/20230511-05mai_2022-9rrshow_irene-mendes_001-1024x640.jpg 1024w\" sizes=\"(max-width: 2000px) 100vw, 2000px\" \/><figcaption id=\"caption-attachment-13100\" class=\"wp-caption-text\"><em>As atividades ser\u00e3o focadas na produ\u00e7\u00e3o com sustentabilidade.<\/em><\/figcaption><\/figure>\n<p>A 10\u00aa Rond\u00f4nia Rural Show Internacional deste ano promete muitas novidades para quem tem interesse em investir no agroneg\u00f3cio com sustentabilidade. Com atra\u00e7\u00f5es voltadas para todo o segmento agropecu\u00e1rio, a feira, que ser\u00e1 realizada\u00a0 no per\u00edodo de 22 a 27 de maio, contar\u00e1 com novidades espec\u00edficas para o pequeno empreendedor da agricultura familiar. A Entidade Aut\u00e1rquica de Assist\u00eancia T\u00e9cnica e Extens\u00e3o Rural (Emater-RO) vem se preparando desde o ano passado e promete muitas novidades para este ano.<\/p>\n<p>Quem visitar a Vitrine Tecnol\u00f3gica no estande da Emater-RO durante a Rond\u00f4nia Rural Show vai perceber o quanto as atividades vem evoluindo ao longo desses 10 anos de participa\u00e7\u00e3o no evento. Com os trabalhos focados na produ\u00e7\u00e3o com sustentabilidade\u00a0 a autarquia apresentar\u00e1 alternativas que al\u00e9m de contribuir para um mundo mais sustent\u00e1vel, trar\u00e1 mais economia para a fam\u00edlia rural.<\/p>\n<figure id=\"attachment_13106\" aria-describedby=\"caption-attachment-13106\" style=\"width: 400px\" class=\"wp-caption alignright\"><img decoding=\"async\" loading=\"lazy\" class=\"wp-image-13106\" src=\"http:\/\/www.emater.ro.gov.br\/ematerro\/wp-content\/uploads\/2023\/05\/20230511-05mai_2022-9rrshow_irene-mendes_003_1.jpg\" width=\"400\" height=\"250\" srcset=\"http:\/\/www.emater.ro.gov.br\/ematerro\/wp-content\/uploads\/2023\/05\/20230511-05mai_2022-9rrshow_irene-mendes_003_1.jpg 2000w, http:\/\/www.emater.ro.gov.br\/ematerro\/wp-content\/uploads\/2023\/05\/20230511-05mai_2022-9rrshow_irene-mendes_003_1-300x188.jpg 300w, http:\/\/www.emater.ro.gov.br\/ematerro\/wp-content\/uploads\/2023\/05\/20230511-05mai_2022-9rrshow_irene-mendes_003_1-768x480.jpg 768w, http:\/\/www.emater.ro.gov.br\/ematerro\/wp-content\/uploads\/2023\/05\/20230511-05mai_2022-9rrshow_irene-mendes_003_1-1024x640.jpg 1024w\" sizes=\"(max-width: 400px) 100vw, 400px\" \/><figcaption id=\"caption-attachment-13106\" class=\"wp-caption-text\"><em>Manejo para recupera\u00e7\u00e3o de nascentes.<\/em><\/figcaption><\/figure>\n<p>A feira traz para este ano o tema \u201cTecnologias Sustent\u00e1veis\u201d como forma de conscientizar a todos a necessidade de se utilizar os recursos naturais de forma racional, gerando emprego e renda sem causar danos \u00e0 natureza. O governador Marcos Rocha tem focado nessa perspectiva enfatizando que o desenvolvimento e a sustentabilidade devem caminhar juntos. \u201c\u00c9 muito importante avan\u00e7ar em boas pr\u00e1ticas e tecnologias, por isso precisamos intensificar a prote\u00e7\u00e3o do meio ambiente e aproveitar os recursos que a natureza nos oferece, de forma consciente e inteligente\u201d, disse o governador.<\/p>\n<p>Dentre as alternativas para uma produ\u00e7\u00e3o sustent\u00e1vel que ser\u00e3o apresentadas pela Emater-RO na Rond\u00f4nia Rural Show durante os seis dias de realiza\u00e7\u00e3o do evento destacam-se: produ\u00e7\u00e3o de biog\u00e1s, piscicultura com exposi\u00e7\u00e3o de tanques suspensos, hidroponia e aquaponia com sistemas de circula\u00e7\u00e3o de \u00e1gua tocados por placas de energia solar, manejo para recupera\u00e7\u00e3o de nascentes e \u00e1reas degradadas, al\u00e9m de um sistema agroflorestal focado na import\u00e2ncia do cacau para recupera\u00e7\u00e3o de \u00e1reas permanentes.<\/p>\n<p>As atividades de assist\u00eancia t\u00e9cnica e extens\u00e3o rural contar\u00e3o ainda com atividades para a lavoura cafeeira, diversidade na produ\u00e7\u00e3o animal, produ\u00e7\u00e3o de mudas com ess\u00eancias florestais, produ\u00e7\u00e3o de mel e oficinas, em dias espec\u00edficos, voltados para a mulher do agro e dia do caf\u00e9, entre outros. A 10\u00aa Rond\u00f4nia Rural Show Internacional acontece no Centro Tecnol\u00f3gico Vandeci Rack, em Ji-Paran\u00e1.<\/p>\n<p style=\"text-align: right;\"><span style=\"color: #008000;\"><em>Texto: Wania Ressutti<\/em><\/span><br \/>\n<span style=\"color: #008000;\"><em>Jornalista \u2013 MTE-1744\/RO<\/em><\/span><br \/>\n<span style=\"color: #008000;\"><em>Fotos: Irene Mendes<\/em><\/span><br \/>\n<span style=\"color: #008000;\"><em>Rep\u00f3rter fotogr\u00e1fica \u2013 MTE-368\/RO<\/em><\/span><br \/>\n<span style=\"color: #008000;\"><em>EMATER-RO<\/em><\/span><\/p>\n","protected":false},"excerpt":{"rendered":"<p>A 10\u00aa Rond\u00f4nia Rural Show Internacional deste ano promete muitas novidades para quem tem interesse em investir no agroneg\u00f3cio com sustentabilidade. Com atra\u00e7\u00f5es voltadas para todo o segmento agropecu\u00e1rio, a [&hellip;]<\/p>\n","protected":false},"author":9,"featured_media":13101,"comment_status":"closed","ping_status":"closed","sticky":false,"template":"","format":"standard","meta":[],"categories":[10,9,12],"tags":[],"_links":{"self":[{"href":"http:\/\/www.emater.ro.gov.br\/ematerro\/wp-json\/wp\/v2\/posts\/13098"}],"collection":[{"href":"http:\/\/www.emater.ro.gov.br\/ematerro\/wp-json\/wp\/v2\/posts"}],"about":[{"href":"http:\/\/www.emater.ro.gov.br\/ematerro\/wp-json\/wp\/v2\/types\/post"}],"author":[{"embeddable":true,"href":"http:\/\/www.emater.ro.gov.br\/ematerro\/wp-json\/wp\/v2\/users\/9"}],"replies":[{"embeddable":true,"href":"http:\/\/www.emater.ro.gov.br\/ematerro\/wp-json\/wp\/v2\/comments?post=13098"}],"version-history":[{"count":5,"href":"http:\/\/www.emater.ro.gov.br\/ematerro\/wp-json\/wp\/v2\/posts\/13098\/revisions"}],"predecessor-version":[{"id":13107,"href":"http:\/\/www.emater.ro.gov.br\/ematerro\/wp-json\/wp\/v2\/posts\/13098\/revisions\/13107"}],"wp:featuredmedia":[{"embeddable":true,"href":"http:\/\/www.emater.ro.gov.br\/ematerro\/wp-json\/wp\/v2\/media\/13101"}],"wp:attachment":[{"href":"http:\/\/www.emater.ro.gov.br\/ematerro\/wp-json\/wp\/v2\/media?parent=13098"}],"wp:term":[{"taxonomy":"category","embeddable":true,"href":"http:\/\/www.emater.ro.gov.br\/ematerro\/wp-json\/wp\/v2\/categories?post=13098"},{"taxonomy":"post_tag","embeddable":true,"href":"http:\/\/www.emater.ro.gov.br\/ematerro\/wp-json\/wp\/v2\/tags?post=13098"}],"curies":[{"name":"wp","href":"https:\/\/api.w.org\/{rel}","templated":true}]}}