{"id":13061,"date":"2023-05-03T10:06:20","date_gmt":"2023-05-03T14:06:20","guid":{"rendered":"http:\/\/www.emater.ro.gov.br\/ematerro\/?p=13061"},"modified":"2023-05-03T12:17:33","modified_gmt":"2023-05-03T16:17:33","slug":"emater-ro-desenvolve-atividades-com-chacareiros-de-porto-verde","status":"publish","type":"post","link":"http:\/\/www.emater.ro.gov.br\/ematerro\/2023\/05\/03\/emater-ro-desenvolve-atividades-com-chacareiros-de-porto-verde\/","title":{"rendered":"Emater-RO desenvolve atividades com chacareiros de Porto Verde"},"content":{"rendered":"<figure id=\"attachment_13062\" aria-describedby=\"caption-attachment-13062\" style=\"width: 1280px\" class=\"wp-caption aligncenter\"><img decoding=\"async\" loading=\"lazy\" class=\"wp-image-13062 size-full\" src=\"http:\/\/www.emater.ro.gov.br\/ematerro\/wp-content\/uploads\/2023\/05\/20230503-a_04abr2023-28-coleta-de-solo-porto-verde-gilberto-3.jpg\" width=\"1280\" height=\"800\" srcset=\"http:\/\/www.emater.ro.gov.br\/ematerro\/wp-content\/uploads\/2023\/05\/20230503-a_04abr2023-28-coleta-de-solo-porto-verde-gilberto-3.jpg 1280w, http:\/\/www.emater.ro.gov.br\/ematerro\/wp-content\/uploads\/2023\/05\/20230503-a_04abr2023-28-coleta-de-solo-porto-verde-gilberto-3-300x188.jpg 300w, http:\/\/www.emater.ro.gov.br\/ematerro\/wp-content\/uploads\/2023\/05\/20230503-a_04abr2023-28-coleta-de-solo-porto-verde-gilberto-3-768x480.jpg 768w, http:\/\/www.emater.ro.gov.br\/ematerro\/wp-content\/uploads\/2023\/05\/20230503-a_04abr2023-28-coleta-de-solo-porto-verde-gilberto-3-1024x640.jpg 1024w\" sizes=\"(max-width: 1280px) 100vw, 1280px\" \/><figcaption id=\"caption-attachment-13062\" class=\"wp-caption-text\"><em>A Emater-RO tem atuado no sentido de oferecer aos chacareiros o mesmo atendimento dispensado aos agricultores familiares da zona rural.<\/em><\/figcaption><\/figure>\n<p>Em mais uma miss\u00e3o cumprida, a Entidade Aut\u00e1rquica de Assist\u00eancia T\u00e9cnica e Extens\u00e3o Rural (Emater-RO) levou seus conhecimentos pr\u00e1ticos e t\u00e9cnicos aos chacareiros da regi\u00e3o de Porto Verde. Em atividade conjunta com os chacareiros associados \u00e0 Associa\u00e7\u00e3o S\u00e3o Francisco dos Chacareiros da Gleba Baixo Candeias e Igarap\u00e9 3 Caixas (Asfrachac), os extensionistas levaram a metodologia de Demonstra\u00e7\u00e3o de M\u00e9todos para coletar e analisar o solo.<\/p>\n<p>A atividade desenvolvida com chacareiros vem sendo bastante produtiva. A Emater-RO tem atuado no sentido de oferecer\u00a0 aos chacareiros, cuja localiza\u00e7\u00e3o da propriedade \u00e9 mais pr\u00f3xima do per\u00edmetro urbano, o mesmo atendimento dispensado aos agricultores familiares da zona rural, na inten\u00e7\u00e3o de fomentar a produ\u00e7\u00e3o e dar condi\u00e7\u00f5es para que eles (chacareiros) possam produzir e garantir o seu sustento e de sua fam\u00edlia.<\/p>\n<p>No Dia Especial realizado pela Emater-RO local, foi feita a coleta de solo para an\u00e1lise e diagn\u00f3stico do terreno. Ap\u00f3s analise da terra ser\u00e1 poss\u00edvel conhecer o grau de produtividade que ela tem e promover o seu melhoramento atrav\u00e9s da pr\u00e1tica de corre\u00e7\u00e3o de solo e do manejo adequado.<\/p>\n<p style=\"text-align: right;\"><em><span style=\"color: #008000;\">Texto: Wania Ressutti<\/span><\/em><br \/>\n<em><span style=\"color: #008000;\"> Fotos: Esloc Porto Verde<\/span><\/em><br \/>\n<em><span style=\"color: #008000;\"> EMATER-RO<\/span><\/em><\/p>\n<p>&nbsp;<\/p>\n","protected":false},"excerpt":{"rendered":"<p>Em mais uma miss\u00e3o cumprida, a Entidade Aut\u00e1rquica de Assist\u00eancia T\u00e9cnica e Extens\u00e3o Rural (Emater-RO) levou seus conhecimentos pr\u00e1ticos e t\u00e9cnicos aos chacareiros da regi\u00e3o de Porto Verde. Em atividade [&hellip;]<\/p>\n","protected":false},"author":9,"featured_media":13071,"comment_status":"closed","ping_status":"closed","sticky":false,"template":"","format":"standard","meta":[],"categories":[10,9,12],"tags":[135,731,45],"_links":{"self":[{"href":"http:\/\/www.emater.ro.gov.br\/ematerro\/wp-json\/wp\/v2\/posts\/13061"}],"collection":[{"href":"http:\/\/www.emater.ro.gov.br\/ematerro\/wp-json\/wp\/v2\/posts"}],"about":[{"href":"http:\/\/www.emater.ro.gov.br\/ematerro\/wp-json\/wp\/v2\/types\/post"}],"author":[{"embeddable":true,"href":"http:\/\/www.emater.ro.gov.br\/ematerro\/wp-json\/wp\/v2\/users\/9"}],"replies":[{"embeddable":true,"href":"http:\/\/www.emater.ro.gov.br\/ematerro\/wp-json\/wp\/v2\/comments?post=13061"}],"version-history":[{"count":7,"href":"http:\/\/www.emater.ro.gov.br\/ematerro\/wp-json\/wp\/v2\/posts\/13061\/revisions"}],"predecessor-version":[{"id":13075,"href":"http:\/\/www.emater.ro.gov.br\/ematerro\/wp-json\/wp\/v2\/posts\/13061\/revisions\/13075"}],"wp:featuredmedia":[{"embeddable":true,"href":"http:\/\/www.emater.ro.gov.br\/ematerro\/wp-json\/wp\/v2\/media\/13071"}],"wp:attachment":[{"href":"http:\/\/www.emater.ro.gov.br\/ematerro\/wp-json\/wp\/v2\/media?parent=13061"}],"wp:term":[{"taxonomy":"category","embeddable":true,"href":"http:\/\/www.emater.ro.gov.br\/ematerro\/wp-json\/wp\/v2\/categories?post=13061"},{"taxonomy":"post_tag","embeddable":true,"href":"http:\/\/www.emater.ro.gov.br\/ematerro\/wp-json\/wp\/v2\/tags?post=13061"}],"curies":[{"name":"wp","href":"https:\/\/api.w.org\/{rel}","templated":true}]}}