{"id":13026,"date":"2023-04-27T09:43:17","date_gmt":"2023-04-27T13:43:17","guid":{"rendered":"http:\/\/www.emater.ro.gov.br\/ematerro\/?p=13026"},"modified":"2023-04-27T11:12:41","modified_gmt":"2023-04-27T15:12:41","slug":"agricultor-assistido-pela-emater-ro-depois-de-ganhar-o-maior-premio-da-cafeicultura-no-brasil-lanca-marca-propria-e-abre-a-propriedade-para-o-turismo-rural","status":"publish","type":"post","link":"http:\/\/www.emater.ro.gov.br\/ematerro\/2023\/04\/27\/agricultor-assistido-pela-emater-ro-depois-de-ganhar-o-maior-premio-da-cafeicultura-no-brasil-lanca-marca-propria-e-abre-a-propriedade-para-o-turismo-rural\/","title":{"rendered":"Agricultor assistido pela Emater-RO depois de ganhar o maior pr\u00eamio da cafeicultura no Brasil lan\u00e7a marca pr\u00f3pria e abre a propriedade para o turismo rural"},"content":{"rendered":"<p><img decoding=\"async\" loading=\"lazy\" class=\"wp-image-13029 aligncenter\" src=\"http:\/\/www.emater.ro.gov.br\/ematerro\/wp-content\/uploads\/2023\/04\/20230427-caf-da-luz-cacoal.jpg\" alt=\"caf\u00e9 da luz cacoal\" width=\"1463\" height=\"1097\" srcset=\"http:\/\/www.emater.ro.gov.br\/ematerro\/wp-content\/uploads\/2023\/04\/20230427-caf-da-luz-cacoal.jpg 1600w, http:\/\/www.emater.ro.gov.br\/ematerro\/wp-content\/uploads\/2023\/04\/20230427-caf-da-luz-cacoal-300x225.jpg 300w, http:\/\/www.emater.ro.gov.br\/ematerro\/wp-content\/uploads\/2023\/04\/20230427-caf-da-luz-cacoal-768x576.jpg 768w, http:\/\/www.emater.ro.gov.br\/ematerro\/wp-content\/uploads\/2023\/04\/20230427-caf-da-luz-cacoal-1024x768.jpg 1024w, http:\/\/www.emater.ro.gov.br\/ematerro\/wp-content\/uploads\/2023\/04\/20230427-caf-da-luz-cacoal-640x480.jpg 640w\" sizes=\"(max-width: 1463px) 100vw, 1463px\" \/><\/p>\n<p>&nbsp;<\/p>\n<p>A cafeicultura chegou a Rond\u00f4nia com a coloniza\u00e7\u00e3o, as primeiras sementes plantadas no estado foram da esp\u00e9cie C\u00f3fea Ar\u00e1bica, trazidas pelos primeiros migrantes vindos do Paran\u00e1, dizem moradores antigos da regi\u00e3o central do estado, mas se consolidou com a esp\u00e9cie Coffea Canephora, que chegou ao estado pelas m\u00e3os de migrantes capixabas, esta esp\u00e9cie resistente a baixas altitudes e mais tolerante a pragas e doen\u00e7as, dominou os cultivos no estado, e evoluiu para superar em qualidade at\u00e9 o caf\u00e9 produzido em sua regi\u00e3o de origem, o Espirito Santo.<\/p>\n<p>E \u00e9 justamente do Esp\u00edrito Santo que veio o agricultor campe\u00e3o de qualidade e sustentabilidade do caf\u00e9 rondoniense no ano de 2022 (Concaf\u00e9 2022), o senhor Jo\u00e3o da Luz, que veio para Rond\u00f4nia em 1986, ainda rec\u00e9m-casado com a senhora Nilcineia Rubim. O casal se instalou no lote 55 da linha 12 em Cacoal, desde o inicio a propriedade possui uma produ\u00e7\u00e3o diversificada com gr\u00e3os alimentares e cria\u00e7\u00e3o de gado de leite, caf\u00e9 e mais tarde ampliada com a piscicultura e apicultura.<\/p>\n<p>A fam\u00edlia do agricultor recebe assist\u00eancia t\u00e9cnica da Emater-RO desde os anos oitenta e foi incentivada a mudar suas lavouras convencionais, originadas de sementes, para o cultivo de clones. Em 2014 o agricultor recebeu e plantou 2500 mudas de caf\u00e9 clonal, investiu em irriga\u00e7\u00e3o, seguiu a orienta\u00e7\u00e3o t\u00e9cnica e continuou a renova\u00e7\u00e3o da lavoura com mudas clonais, em 2017 se inscreveu pela primeira vez no Concaf\u00e9 e j\u00e1 em 2019 conseguiu se classificar em d\u00e9cimo quarto lugar e em 2021 alcan\u00e7ou a terceira coloca\u00e7\u00e3o no concurso, na modalidade caf\u00e9 fermentado, levando como premio um torrador industrial de caf\u00e9.<\/p>\n<figure id=\"attachment_12988\" aria-describedby=\"caption-attachment-12988\" style=\"width: 510px\" class=\"wp-caption alignleft\"><img decoding=\"async\" loading=\"lazy\" class=\"wp-image-12988\" src=\"http:\/\/www.emater.ro.gov.br\/ematerro\/wp-content\/uploads\/2023\/04\/20230418-cafe-robusta.jpg\" alt=\"Cafe robusta\" width=\"510\" height=\"319\" srcset=\"http:\/\/www.emater.ro.gov.br\/ematerro\/wp-content\/uploads\/2023\/04\/20230418-cafe-robusta.jpg 582w, http:\/\/www.emater.ro.gov.br\/ematerro\/wp-content\/uploads\/2023\/04\/20230418-cafe-robusta-300x188.jpg 300w\" sizes=\"(max-width: 510px) 100vw, 510px\" \/><figcaption id=\"caption-attachment-12988\" class=\"wp-caption-text\">Caf\u00e9 Robusta resistente a baixa altitude e mais tolerante a pragas e doen\u00e7as do que o Caf\u00e9 Ar\u00e1bica<\/figcaption><\/figure>\n<p>A coroa\u00e7\u00e3o do trabalho dedicado, com esfor\u00e7o e investimento de toda a fam\u00edlia, veio com o premio de primeiro lugar no Concaf\u00e9 2022, a premia\u00e7\u00e3o, um trator LS cafeeiro cabinado com ar condicionado, avaliado em 300 mil reais, que foi entregue pelo governo de Rond\u00f4nia e patrocinadores na propriedade do seu Jo\u00e3o da Luz, na data escolhida para inaugura\u00e7\u00e3o de sua torrefadora de caf\u00e9, a agroind\u00fastria familiar Caf\u00e9 da Luz. O Concaf\u00e9 \u00e9 apenas mais um exemplo esfor\u00e7o do governo para incentivar a produ\u00e7\u00e3o rural e dar visibilidade aos produtos de Rond\u00f4nia, tem dito o governador Marcos Rocha.<\/p>\n<p>Agora o Sitio Cora\u00e7\u00e3o de M\u00e3e, nome da propriedade do seu Jo\u00e3o da Luz, entrou no novo mercado de caf\u00e9 fino e tamb\u00e9m pro circuito de turismo rural no munic\u00edpio de Cacoal. Porque a propriedade abriu suas porteiras para receber apreciadores de caf\u00e9s especiais e produtos agroecol\u00f3gicos.<\/p>\n<p>&nbsp;<\/p>\n<p style=\"text-align: right;\"><span style=\"color: #008000;\">Texto: Enoque de Oliveira<\/span><br \/>\n<span style=\"color: #008000;\">Fotos: Raine Andrade<\/span><\/p>\n<p style=\"text-align: right;\">Emater-RO \/ Ascom<\/p>\n","protected":false},"excerpt":{"rendered":"<p>&nbsp; A cafeicultura chegou a Rond\u00f4nia com a coloniza\u00e7\u00e3o, as primeiras sementes plantadas no estado foram da esp\u00e9cie C\u00f3fea Ar\u00e1bica, trazidas pelos primeiros migrantes vindos do Paran\u00e1, dizem moradores antigos [&hellip;]<\/p>\n","protected":false},"author":8,"featured_media":13033,"comment_status":"closed","ping_status":"closed","sticky":false,"template":"","format":"standard","meta":[],"categories":[10,9,12],"tags":[],"_links":{"self":[{"href":"http:\/\/www.emater.ro.gov.br\/ematerro\/wp-json\/wp\/v2\/posts\/13026"}],"collection":[{"href":"http:\/\/www.emater.ro.gov.br\/ematerro\/wp-json\/wp\/v2\/posts"}],"about":[{"href":"http:\/\/www.emater.ro.gov.br\/ematerro\/wp-json\/wp\/v2\/types\/post"}],"author":[{"embeddable":true,"href":"http:\/\/www.emater.ro.gov.br\/ematerro\/wp-json\/wp\/v2\/users\/8"}],"replies":[{"embeddable":true,"href":"http:\/\/www.emater.ro.gov.br\/ematerro\/wp-json\/wp\/v2\/comments?post=13026"}],"version-history":[{"count":7,"href":"http:\/\/www.emater.ro.gov.br\/ematerro\/wp-json\/wp\/v2\/posts\/13026\/revisions"}],"predecessor-version":[{"id":13051,"href":"http:\/\/www.emater.ro.gov.br\/ematerro\/wp-json\/wp\/v2\/posts\/13026\/revisions\/13051"}],"wp:featuredmedia":[{"embeddable":true,"href":"http:\/\/www.emater.ro.gov.br\/ematerro\/wp-json\/wp\/v2\/media\/13033"}],"wp:attachment":[{"href":"http:\/\/www.emater.ro.gov.br\/ematerro\/wp-json\/wp\/v2\/media?parent=13026"}],"wp:term":[{"taxonomy":"category","embeddable":true,"href":"http:\/\/www.emater.ro.gov.br\/ematerro\/wp-json\/wp\/v2\/categories?post=13026"},{"taxonomy":"post_tag","embeddable":true,"href":"http:\/\/www.emater.ro.gov.br\/ematerro\/wp-json\/wp\/v2\/tags?post=13026"}],"curies":[{"name":"wp","href":"https:\/\/api.w.org\/{rel}","templated":true}]}}