{"id":12928,"date":"2023-04-06T11:14:26","date_gmt":"2023-04-06T15:14:26","guid":{"rendered":"http:\/\/www.emater.ro.gov.br\/ematerro\/?p=12928"},"modified":"2023-04-06T11:21:35","modified_gmt":"2023-04-06T15:21:35","slug":"emater-ro-intensifica-preparativos-da-vitrine-tecnologica-para-a-10a-rondonia-rural-show","status":"publish","type":"post","link":"http:\/\/www.emater.ro.gov.br\/ematerro\/2023\/04\/06\/emater-ro-intensifica-preparativos-da-vitrine-tecnologica-para-a-10a-rondonia-rural-show\/","title":{"rendered":"Emater-RO intensifica preparativos da Vitrine Tecnol\u00f3gica para a 10\u00aa Rond\u00f4nia Rural Show"},"content":{"rendered":"<figure id=\"attachment_12930\" aria-describedby=\"caption-attachment-12930\" style=\"width: 1040px\" class=\"wp-caption aligncenter\"><img decoding=\"async\" loading=\"lazy\" class=\"wp-image-12930 size-full\" src=\"http:\/\/www.emater.ro.gov.br\/ematerro\/wp-content\/uploads\/2023\/04\/20230406-04abr2023-05-consorcio-cafe-girassol_-wagner-osair-de-oliveira.jpg\" width=\"1040\" height=\"650\" srcset=\"http:\/\/www.emater.ro.gov.br\/ematerro\/wp-content\/uploads\/2023\/04\/20230406-04abr2023-05-consorcio-cafe-girassol_-wagner-osair-de-oliveira.jpg 1040w, http:\/\/www.emater.ro.gov.br\/ematerro\/wp-content\/uploads\/2023\/04\/20230406-04abr2023-05-consorcio-cafe-girassol_-wagner-osair-de-oliveira-300x188.jpg 300w, http:\/\/www.emater.ro.gov.br\/ematerro\/wp-content\/uploads\/2023\/04\/20230406-04abr2023-05-consorcio-cafe-girassol_-wagner-osair-de-oliveira-768x480.jpg 768w, http:\/\/www.emater.ro.gov.br\/ematerro\/wp-content\/uploads\/2023\/04\/20230406-04abr2023-05-consorcio-cafe-girassol_-wagner-osair-de-oliveira-1024x640.jpg 1024w\" sizes=\"(max-width: 1040px) 100vw, 1040px\" \/><figcaption id=\"caption-attachment-12930\" class=\"wp-caption-text\"><em>Cons\u00f3rcio da lavoura de caf\u00e9 clonal com a cultura do girassol.<\/em><\/figcaption><\/figure>\n<p>Faltam menos de 50 dias para a abertura do maior evento de agroneg\u00f3cios e tecnologias da regi\u00e3o norte. Lan\u00e7ada oficialmente pelo governador Marcos Rocha, no \u00faltimo dai 31, a 10\u00aa Rond\u00f4nia Rural Show Internacional promete muitas inova\u00e7\u00f5es e a Entidade Aut\u00e1rquica de Assist\u00eancia T\u00e9cnica e Extens\u00e3o Rural (Emater-RO) acelera os preparativos da Vitrine Tecnol\u00f3gica, onde apresentar\u00e1 o que h\u00e1 de melhor em t\u00e9cnicas e pr\u00e1ticas e manejo para o bom desempenho da propriedade rural.<\/p>\n<p>Como acontece desde a primeira edi\u00e7\u00e3o, a participa\u00e7\u00e3o da Emater-RO na Rond\u00f4nia Rural Show tem sido uma alavanca para o avan\u00e7o do setor produtivo do estado. Al\u00e9m do atendimento ao p\u00fablico com cursos e palestras, a autarquia traz para dentro da feira a realidade da pequena propriedade rural com exemplos de a\u00e7\u00f5es que podem ser facilmente desenvolvidas pela fam\u00edlia rural a fim de obter resultados e lucros satisfat\u00f3rios.<\/p>\n<figure id=\"attachment_12929\" aria-describedby=\"caption-attachment-12929\" style=\"width: 500px\" class=\"wp-caption alignleft\"><img decoding=\"async\" loading=\"lazy\" class=\"wp-image-12929\" src=\"http:\/\/www.emater.ro.gov.br\/ematerro\/wp-content\/uploads\/2023\/04\/20230406-04abr2023-05-plantio-de-cacau-rrshow-wagner-osair-de-oliveira.jpg\" alt=\"Plantio de cacau para enriquecimento de \u00e1rea encapoeirada.\" width=\"500\" height=\"313\" srcset=\"http:\/\/www.emater.ro.gov.br\/ematerro\/wp-content\/uploads\/2023\/04\/20230406-04abr2023-05-plantio-de-cacau-rrshow-wagner-osair-de-oliveira.jpg 604w, http:\/\/www.emater.ro.gov.br\/ematerro\/wp-content\/uploads\/2023\/04\/20230406-04abr2023-05-plantio-de-cacau-rrshow-wagner-osair-de-oliveira-300x188.jpg 300w\" sizes=\"(max-width: 500px) 100vw, 500px\" \/><figcaption id=\"caption-attachment-12929\" class=\"wp-caption-text\"><em>Plantio de cacau para enriquecimento de \u00e1rea encapoeirada.<\/em><\/figcaption><\/figure>\n<p>Nesta semana, t\u00e9cnicos da Emater-RO respons\u00e1veis pela Vitrine Tecnol\u00f3gica aceleraram as atividades de estrutura\u00e7\u00e3o do espa\u00e7o realizando o enriquecimento de \u00e1reas encapoeiradas com plantio de mudas de cacau e de plantas nativas da Amaz\u00f4nia. A ideia \u00e9 plantar v\u00e1rias esp\u00e9cies de ess\u00eancias florestais, principalmente as origin\u00e1rias da Amaz\u00f4nia, al\u00e9m de frut\u00edferas, promovendo a recupera\u00e7\u00e3o e enriquecimento dessas capoeiras, al\u00e9m de apresentar t\u00e9cnicas de cons\u00f3rcio como o da lavoura de caf\u00e9 clonal com girass\u00f3is e outros.<\/p>\n<p>Os extensionistas tamb\u00e9m iniciaram\u00a0 o que chamam de \u201cbrocamento das matas\u201d, ou seja, a abertura de caminho com faca ou fac\u00e3o, dando in\u00edcio \u00e0s trilhas para a visita\u00e7\u00e3o da Vitrine Tecnol\u00f3gica nos dias de realiza\u00e7\u00e3o da Rond\u00f4nia Rural Show. \u201cAs instala\u00e7\u00f5es est\u00e3o sendo aperfei\u00e7oadas para melhorar ainda mais o ambiente que receber\u00e1 o nosso p\u00fablico de neg\u00f3cios como produtores rurais, empreendedores e aqueles que apenas querem visitar a feira, como tamb\u00e9m os visitantes de outros pa\u00edses, inclusive, j\u00e1 temos confirma\u00e7\u00e3o de autoridades estrangeiras que estar\u00e3o presentes no evento\u201d, disse o governador Marcos Rocha.<\/p>\n<p>A 10\u00aa Rond\u00f4nia Rural Show Internacional acontecer\u00e1 de 22 a 27 de maio, no Centro Tecnol\u00f3gico Vandeci Rack, no munic\u00edpio de Ji-Paran\u00e1, regi\u00e3o central do estado, e trar\u00e1 como tema Tecnologias Sustent\u00e1veis, mostrando que Rond\u00f4nia tem um grande potencial para o desenvolvimento de uma agricultura moderna e tecnificada.<\/p>\n<p style=\"text-align: right;\"><span style=\"color: #008000;\"><em>Texto: Wania Ressutti<\/em><\/span><br \/>\n<span style=\"color: #008000;\"><em>Jornalista \u2013 MTE-1744\/RO<\/em><\/span><br \/>\n<span style=\"color: #008000;\"><em>Fotos: Wagner Osair de Oliveira<\/em><\/span><br \/>\n<span style=\"color: #008000;\"><em>EMATER-RO<\/em><\/span><\/p>\n","protected":false},"excerpt":{"rendered":"<p>Faltam menos de 50 dias para a abertura do maior evento de agroneg\u00f3cios e tecnologias da regi\u00e3o norte. Lan\u00e7ada oficialmente pelo governador Marcos Rocha, no \u00faltimo dai 31, a 10\u00aa [&hellip;]<\/p>\n","protected":false},"author":9,"featured_media":12933,"comment_status":"closed","ping_status":"closed","sticky":false,"template":"","format":"standard","meta":[],"categories":[10,9,12],"tags":[135,45,178,356],"_links":{"self":[{"href":"http:\/\/www.emater.ro.gov.br\/ematerro\/wp-json\/wp\/v2\/posts\/12928"}],"collection":[{"href":"http:\/\/www.emater.ro.gov.br\/ematerro\/wp-json\/wp\/v2\/posts"}],"about":[{"href":"http:\/\/www.emater.ro.gov.br\/ematerro\/wp-json\/wp\/v2\/types\/post"}],"author":[{"embeddable":true,"href":"http:\/\/www.emater.ro.gov.br\/ematerro\/wp-json\/wp\/v2\/users\/9"}],"replies":[{"embeddable":true,"href":"http:\/\/www.emater.ro.gov.br\/ematerro\/wp-json\/wp\/v2\/comments?post=12928"}],"version-history":[{"count":4,"href":"http:\/\/www.emater.ro.gov.br\/ematerro\/wp-json\/wp\/v2\/posts\/12928\/revisions"}],"predecessor-version":[{"id":12935,"href":"http:\/\/www.emater.ro.gov.br\/ematerro\/wp-json\/wp\/v2\/posts\/12928\/revisions\/12935"}],"wp:featuredmedia":[{"embeddable":true,"href":"http:\/\/www.emater.ro.gov.br\/ematerro\/wp-json\/wp\/v2\/media\/12933"}],"wp:attachment":[{"href":"http:\/\/www.emater.ro.gov.br\/ematerro\/wp-json\/wp\/v2\/media?parent=12928"}],"wp:term":[{"taxonomy":"category","embeddable":true,"href":"http:\/\/www.emater.ro.gov.br\/ematerro\/wp-json\/wp\/v2\/categories?post=12928"},{"taxonomy":"post_tag","embeddable":true,"href":"http:\/\/www.emater.ro.gov.br\/ematerro\/wp-json\/wp\/v2\/tags?post=12928"}],"curies":[{"name":"wp","href":"https:\/\/api.w.org\/{rel}","templated":true}]}}