{"id":12879,"date":"2023-03-31T08:05:35","date_gmt":"2023-03-31T12:05:35","guid":{"rendered":"http:\/\/www.emater.ro.gov.br\/ematerro\/?p=12879"},"modified":"2023-03-31T08:06:30","modified_gmt":"2023-03-31T12:06:30","slug":"emater-ro-realiza-dia-especial-para-orientar-agricultores-na-producao-de-biofertilizantes","status":"publish","type":"post","link":"http:\/\/www.emater.ro.gov.br\/ematerro\/2023\/03\/31\/emater-ro-realiza-dia-especial-para-orientar-agricultores-na-producao-de-biofertilizantes\/","title":{"rendered":"Emater-RO realiza dia especial para orientar agricultores na produ\u00e7\u00e3o de biofertilizantes"},"content":{"rendered":"<figure id=\"attachment_12880\" aria-describedby=\"caption-attachment-12880\" style=\"width: 894px\" class=\"wp-caption aligncenter\"><img decoding=\"async\" loading=\"lazy\" class=\"wp-image-12880 \" src=\"http:\/\/www.emater.ro.gov.br\/ematerro\/wp-content\/uploads\/2023\/03\/20230331-reunio-pratica-de-bio-fertilizante-porto-verde-maro-23-robson-paiva.jpg\" alt=\"reuni\u00e3o-pratica-de-bio-fertilizante-Porto-Verde-mar\u00e7o-23-Robson-Paiva\" width=\"894\" height=\"559\" srcset=\"http:\/\/www.emater.ro.gov.br\/ematerro\/wp-content\/uploads\/2023\/03\/20230331-reunio-pratica-de-bio-fertilizante-porto-verde-maro-23-robson-paiva.jpg 1000w, http:\/\/www.emater.ro.gov.br\/ematerro\/wp-content\/uploads\/2023\/03\/20230331-reunio-pratica-de-bio-fertilizante-porto-verde-maro-23-robson-paiva-300x188.jpg 300w, http:\/\/www.emater.ro.gov.br\/ematerro\/wp-content\/uploads\/2023\/03\/20230331-reunio-pratica-de-bio-fertilizante-porto-verde-maro-23-robson-paiva-768x480.jpg 768w\" sizes=\"(max-width: 894px) 100vw, 894px\" \/><figcaption id=\"caption-attachment-12880\" class=\"wp-caption-text\">Produtores observam atentos a demonstra\u00e7\u00e3o de preparo do biofertilizante<\/figcaption><\/figure>\n<p style=\"text-align: justify;\">Agricultores da \u00e1rea rural de Porto Velho residentes no setor conhecido como bacia leiteira participaram, nesta quinta feira, de um dia especial para aprender produzir um fertilizante de alta efici\u00eancia, baixo custo e de apelo ambiental. O evento foi promovido pela Entidade Aut\u00e1rquica de Assist\u00eancia T\u00e9cnica e Extens\u00e3o Rural (Emater-RO) e teve a participa\u00e7\u00e3o de mais de cinquenta produtores e a presen\u00e7a de autoridades estaduais e do munic\u00edpio.<\/p>\n<p>Os produtores tiveram a oportunidade de conhecer com detalhes a t\u00e9cnica de produ\u00e7\u00e3o de um biofertilizante rico em nitrog\u00eanio, fosforo e pot\u00e1ssio. Isto, para ficar s\u00f3 nos macro nutrientes de maior import\u00e2ncia nutricional para as plantas.<\/p>\n<p>A palestra com demonstra\u00e7\u00e3o pr\u00e1tica foi ministrada pelo engenheiro florestal Jorge Proc\u00f3pio do escrit\u00f3rio da Emater-RO no escrit\u00f3rio de Porto Verde em Porto Velho. O tema apresentado tem grande relev\u00e2ncia n\u00e3o apenas para os agricultores familiares, benefici\u00e1rios diretos da a\u00e7\u00e3o da Emater-RO, mas tamb\u00e9m o grande p\u00fablico urbano que \u00e9 em fim quem ser\u00e1 beneficiado por produtos aliment\u00edcios produzidos com seguran\u00e7a, isentos de produtos qu\u00edmicos t\u00f3xicos para os humanos.<\/p>\n<figure id=\"attachment_12882\" aria-describedby=\"caption-attachment-12882\" style=\"width: 532px\" class=\"wp-caption alignleft\"><img decoding=\"async\" loading=\"lazy\" class=\" wp-image-12882\" src=\"http:\/\/www.emater.ro.gov.br\/ematerro\/wp-content\/uploads\/2023\/03\/20230331-reunio-pratica-biofertilizant-maro-de-23-robson-paiva.jpg\" alt=\"biofertilizante produzido com res\u00edduos existentes na propriedade \" width=\"532\" height=\"333\" srcset=\"http:\/\/www.emater.ro.gov.br\/ematerro\/wp-content\/uploads\/2023\/03\/20230331-reunio-pratica-biofertilizant-maro-de-23-robson-paiva.jpg 1000w, http:\/\/www.emater.ro.gov.br\/ematerro\/wp-content\/uploads\/2023\/03\/20230331-reunio-pratica-biofertilizant-maro-de-23-robson-paiva-300x188.jpg 300w, http:\/\/www.emater.ro.gov.br\/ematerro\/wp-content\/uploads\/2023\/03\/20230331-reunio-pratica-biofertilizant-maro-de-23-robson-paiva-768x480.jpg 768w\" sizes=\"(max-width: 532px) 100vw, 532px\" \/><figcaption id=\"caption-attachment-12882\" class=\"wp-caption-text\">biofertilizante produzido com res\u00edduos existentes na propriedade<\/figcaption><\/figure>\n<p style=\"text-align: justify;\">A quest\u00e3o ambiental associada \u00e0 produ\u00e7\u00e3o rural e gera\u00e7\u00e3o de renda tem sido uma quest\u00e3o constante nos discursos do governador Marcos Rocha, que tem defendido inclusive modelos de investimento, para o agricultor familiar. Para isto o governo criou o Programa de Microcr\u00e9dito Produtivo Orientado de Rond\u00f4nia (Proamp), que financia a produ\u00e7\u00e3o inclusive em pequenas propriedades rurais sem t\u00edtulo definitivo da terra, situa\u00e7\u00e3o a que est\u00e3o submetidas a maioria das ch\u00e1caras produtoras de hortali\u00e7a do entorno da capital.<\/p>\n<p>O presidente da Emater-RO Luciano Brand\u00e3o prestigiou o evento e conversou com os produtores e ouviu os presidentes de associa\u00e7\u00f5es rurais que apresentaram \u00e0s autoridades suas principais car\u00eancias e demandas, entre as reivindica\u00e7\u00f5es a mais debatida foi a falta de m\u00e1quinas para preparo do solo para o plantio.<\/p>\n<p>Ao final da demonstra\u00e7\u00e3o pr\u00e1tica foram sorteados frascos de biofertilizante e uma \u201clurdinha\u201d, instrumento t\u00e9cnico para manejo da cultura da banana, entregues pelo presidente da Emater-RO Luciano Brand\u00e3o aos agricultores contemplados.<\/p>\n<p style=\"text-align: right;\"><span style=\"color: #008000;\">Texto: Enoque de Oliveira<\/span><br \/>\n<span style=\"color: #008000;\">fotos:Robson Paiva<\/span><br \/>\n<span style=\"color: #008000;\">Asom \/ Emate<\/span>r-RO<\/p>\n","protected":false},"excerpt":{"rendered":"<p>Agricultores da \u00e1rea rural de Porto Velho residentes no setor conhecido como bacia leiteira participaram, nesta quinta feira, de um dia especial para aprender produzir um fertilizante de alta efici\u00eancia, [&hellip;]<\/p>\n","protected":false},"author":8,"featured_media":12881,"comment_status":"closed","ping_status":"closed","sticky":false,"template":"","format":"standard","meta":[],"categories":[10,9,12],"tags":[632],"_links":{"self":[{"href":"http:\/\/www.emater.ro.gov.br\/ematerro\/wp-json\/wp\/v2\/posts\/12879"}],"collection":[{"href":"http:\/\/www.emater.ro.gov.br\/ematerro\/wp-json\/wp\/v2\/posts"}],"about":[{"href":"http:\/\/www.emater.ro.gov.br\/ematerro\/wp-json\/wp\/v2\/types\/post"}],"author":[{"embeddable":true,"href":"http:\/\/www.emater.ro.gov.br\/ematerro\/wp-json\/wp\/v2\/users\/8"}],"replies":[{"embeddable":true,"href":"http:\/\/www.emater.ro.gov.br\/ematerro\/wp-json\/wp\/v2\/comments?post=12879"}],"version-history":[{"count":3,"href":"http:\/\/www.emater.ro.gov.br\/ematerro\/wp-json\/wp\/v2\/posts\/12879\/revisions"}],"predecessor-version":[{"id":12885,"href":"http:\/\/www.emater.ro.gov.br\/ematerro\/wp-json\/wp\/v2\/posts\/12879\/revisions\/12885"}],"wp:featuredmedia":[{"embeddable":true,"href":"http:\/\/www.emater.ro.gov.br\/ematerro\/wp-json\/wp\/v2\/media\/12881"}],"wp:attachment":[{"href":"http:\/\/www.emater.ro.gov.br\/ematerro\/wp-json\/wp\/v2\/media?parent=12879"}],"wp:term":[{"taxonomy":"category","embeddable":true,"href":"http:\/\/www.emater.ro.gov.br\/ematerro\/wp-json\/wp\/v2\/categories?post=12879"},{"taxonomy":"post_tag","embeddable":true,"href":"http:\/\/www.emater.ro.gov.br\/ematerro\/wp-json\/wp\/v2\/tags?post=12879"}],"curies":[{"name":"wp","href":"https:\/\/api.w.org\/{rel}","templated":true}]}}