{"id":12793,"date":"2023-03-21T11:51:17","date_gmt":"2023-03-21T15:51:17","guid":{"rendered":"http:\/\/www.emater.ro.gov.br\/ematerro\/?p=12793"},"modified":"2023-03-21T11:51:17","modified_gmt":"2023-03-21T15:51:17","slug":"emater-ro-ganha-projecao-e-elege-representante-na-vice-presidencia-da-asbraer","status":"publish","type":"post","link":"http:\/\/www.emater.ro.gov.br\/ematerro\/2023\/03\/21\/emater-ro-ganha-projecao-e-elege-representante-na-vice-presidencia-da-asbraer\/","title":{"rendered":"Emater-RO ganha proje\u00e7\u00e3o e elege representante na vice presid\u00eancia da Asbraer"},"content":{"rendered":"<figure id=\"attachment_12796\" aria-describedby=\"caption-attachment-12796\" style=\"width: 1600px\" class=\"wp-caption aligncenter\"><img decoding=\"async\" loading=\"lazy\" class=\"size-full wp-image-12796\" src=\"http:\/\/www.emater.ro.gov.br\/ematerro\/wp-content\/uploads\/2023\/03\/20230321-63-ago-eleicao_006-juliana-silva-asbraer.jpg\" alt=\"A representatividade da Emater-RO na diretoria da Asbraer \u00e9 de grande import\u00e2ncia o Estado.\" width=\"1600\" height=\"1000\" srcset=\"http:\/\/www.emater.ro.gov.br\/ematerro\/wp-content\/uploads\/2023\/03\/20230321-63-ago-eleicao_006-juliana-silva-asbraer.jpg 1600w, http:\/\/www.emater.ro.gov.br\/ematerro\/wp-content\/uploads\/2023\/03\/20230321-63-ago-eleicao_006-juliana-silva-asbraer-300x188.jpg 300w, http:\/\/www.emater.ro.gov.br\/ematerro\/wp-content\/uploads\/2023\/03\/20230321-63-ago-eleicao_006-juliana-silva-asbraer-768x480.jpg 768w, http:\/\/www.emater.ro.gov.br\/ematerro\/wp-content\/uploads\/2023\/03\/20230321-63-ago-eleicao_006-juliana-silva-asbraer-1024x640.jpg 1024w\" sizes=\"(max-width: 1600px) 100vw, 1600px\" \/><figcaption id=\"caption-attachment-12796\" class=\"wp-caption-text\"><em>A representatividade da Emater-RO na diretoria da Asbraer \u00e9 de grande import\u00e2ncia o Estado.<\/em><\/figcaption><\/figure>\n<p>O fortalecimento das a\u00e7\u00f5es de assist\u00eancia t\u00e9cnica e extens\u00e3o rural de Rond\u00f4nia pelo governo estadual tem trazido resultados positivos que transpassam os limites do estado. Refer\u00eancia no sistema de gest\u00e3o de Ater e com projetos voltados para o desenvolvimento da agricultura familiar, a Entidade Aut\u00e1rquica de Assist\u00eancia T\u00e9cnica e Extens\u00e3o Rural (Emater-RO) vem ganhando destaque em institui\u00e7\u00f5es de definem as a\u00e7\u00f5es de ater no pa\u00eds. Neste \u00faltimo dia 17, em Bras\u00edlia, durante a 63\u00aa Assembleia Ordin\u00e1ria da Associa\u00e7\u00e3o Brasileira das Entidades de Assist\u00eancia T\u00e9cnica e Extens\u00e3o Rural, Pesquisa Agropecu\u00e1ria e Regulariza\u00e7\u00e3o Fundi\u00e1ria (Asbraer), o diretor-presidente da Emater-RO, Luciano Brand\u00e3o foi eleito novamente vice-presidente nacional.<\/p>\n<p>A Asbraer \u00e9 uma entidade que agrega todas as entidades estaduais de presta\u00e7\u00e3o de servi\u00e7os de assist\u00eancia t\u00e9cnica, extens\u00e3o rural, pesquisa e regulariza\u00e7\u00e3o fundi\u00e1ria, para lutar em conjunto pelo fortalecimento dessas a\u00e7\u00f5es. Com 32 anos de exist\u00eancia, \u00e9 ela que articula, junto \u00e0 Ag\u00eancia Nacional de Assist\u00eancia T\u00e9cnica e Extens\u00e3o Rural (Anater) as pol\u00edticas p\u00fablicas de Ater no pa\u00eds.<\/p>\n<p>A representatividade da Emater-RO na diretoria da Asbraer \u00e9 de grande import\u00e2ncia n\u00e3o somente para Rond\u00f4nia, mas para toda a regi\u00e3o norte e suas entidades que prestam servi\u00e7os de Ater. Brand\u00e3o conta que os membros que compuseram a chapa vencedora representa as entidades que mais dificuldades tiveram para prestar servi\u00e7os e que agora poder\u00e3o ter maior visibilidade. \u201cQuando escolhemos os membros para compor uma chapa, t\u00ednhamos em mente que era preciso fortalecer as regi\u00f5es sul, norte e nordeste\u201d, diz lembrando que as a\u00e7\u00f5es mais fortalecidas nos \u00faltimos anos foram as das regi\u00f5es centro-oeste e sudeste.<\/p>\n<p>O diretor-presidente da Emater-RO, conta ainda que em seu primeiro momento \u00e0 frente da vice-presid\u00eancia da Asbraer, a ent\u00e3o diretoria trabalhou pelo fortalecimento da entidade conseguindo trazer a pesquisa e a regulariza\u00e7\u00e3o fundi\u00e1ria para os servi\u00e7os de ater. \u201cHoje, 16 das 28 entidades do pa\u00eds j\u00e1 atuam com pesquisa estadual e a regulariza\u00e7\u00e3o fundi\u00e1ria j\u00e1 \u00e9 uma a\u00e7\u00e3o do nosso governo, junto com a Emater e Seagri, disse Brand\u00e3o.<\/p>\n<p>O governador Marcos Rocha, recentemente, em uma a\u00e7\u00e3o itinerante junto \u00e0 Superintend\u00eancia Estadual de Patrim\u00f4nio e Regulariza\u00e7\u00e3o Fundi\u00e1ria\u00a0 (Sepat), salientou a import\u00e2ncia de se estar trabalhando a Regulariza\u00e7\u00e3o Fundi\u00e1ria tanto no per\u00edmetro urbano como na zona rural. \u201c\u00c9 uma garantia para o propriet\u00e1rio que, al\u00e9m de regularizar a sua propriedade passando a ser dono de fato e de direito daquele bem, ele poder\u00e1 buscar linhas de financiamento junto \u00e0s institui\u00e7\u00f5es banc\u00e1rias para construir, ampliar ou reformar o im\u00f3vel. O programa de Regulariza\u00e7\u00e3o Fundi\u00e1ria transforma os n\u00facleos em \u00e1reas legalizadas, garantindo assim, o direito social\u201d, enfatizou.<\/p>\n<p>Para o quadri\u00eanio 2023-2027, al\u00e9m de Luciano Brand\u00e3o \u00e0 vice-presid\u00eancia nacional de Ater e Regulariza\u00e7\u00e3o Fundi\u00e1ria, foram eleitos Natalino Avance, do Instituto de Desenvolvimento Rural do Paran\u00e1 ((IDR-PR), \u00e0 presid\u00eancia, e Gilson dos Anjos , da Empresa de Desenvolvimento Agropecu\u00e1rio de Sergipe\u00a0 (Emdagro-SE), \u00e0 vice-presid\u00eancia nacional de pesquisa.<\/p>\n<p style=\"text-align: right;\"><em><span style=\"color: #008080;\">Texto: Wania Ressutti<\/span><\/em><br \/>\n<em><span style=\"color: #008080;\">Jornalista \u2013 MTE-1744\/RO<\/span><\/em><br \/>\n<em><span style=\"color: #008080;\">Fotos: Juliana Silva\/Asbraer<\/span><\/em><br \/>\n<em><span style=\"color: #008080;\">EMATER-RO<\/span><\/em><\/p>\n","protected":false},"excerpt":{"rendered":"<p>O fortalecimento das a\u00e7\u00f5es de assist\u00eancia t\u00e9cnica e extens\u00e3o rural de Rond\u00f4nia pelo governo estadual tem trazido resultados positivos que transpassam os limites do estado. Refer\u00eancia no sistema de gest\u00e3o [&hellip;]<\/p>\n","protected":false},"author":9,"featured_media":12797,"comment_status":"closed","ping_status":"closed","sticky":false,"template":"","format":"standard","meta":[],"categories":[10,9,12],"tags":[],"_links":{"self":[{"href":"http:\/\/www.emater.ro.gov.br\/ematerro\/wp-json\/wp\/v2\/posts\/12793"}],"collection":[{"href":"http:\/\/www.emater.ro.gov.br\/ematerro\/wp-json\/wp\/v2\/posts"}],"about":[{"href":"http:\/\/www.emater.ro.gov.br\/ematerro\/wp-json\/wp\/v2\/types\/post"}],"author":[{"embeddable":true,"href":"http:\/\/www.emater.ro.gov.br\/ematerro\/wp-json\/wp\/v2\/users\/9"}],"replies":[{"embeddable":true,"href":"http:\/\/www.emater.ro.gov.br\/ematerro\/wp-json\/wp\/v2\/comments?post=12793"}],"version-history":[{"count":2,"href":"http:\/\/www.emater.ro.gov.br\/ematerro\/wp-json\/wp\/v2\/posts\/12793\/revisions"}],"predecessor-version":[{"id":12798,"href":"http:\/\/www.emater.ro.gov.br\/ematerro\/wp-json\/wp\/v2\/posts\/12793\/revisions\/12798"}],"wp:featuredmedia":[{"embeddable":true,"href":"http:\/\/www.emater.ro.gov.br\/ematerro\/wp-json\/wp\/v2\/media\/12797"}],"wp:attachment":[{"href":"http:\/\/www.emater.ro.gov.br\/ematerro\/wp-json\/wp\/v2\/media?parent=12793"}],"wp:term":[{"taxonomy":"category","embeddable":true,"href":"http:\/\/www.emater.ro.gov.br\/ematerro\/wp-json\/wp\/v2\/categories?post=12793"},{"taxonomy":"post_tag","embeddable":true,"href":"http:\/\/www.emater.ro.gov.br\/ematerro\/wp-json\/wp\/v2\/tags?post=12793"}],"curies":[{"name":"wp","href":"https:\/\/api.w.org\/{rel}","templated":true}]}}