{"id":12791,"date":"2023-03-20T10:25:42","date_gmt":"2023-03-20T14:25:42","guid":{"rendered":"http:\/\/www.emater.ro.gov.br\/ematerro\/?p=12791"},"modified":"2023-03-20T10:25:42","modified_gmt":"2023-03-20T14:25:42","slug":"podcast109-prevencao-de-doencas-em-aves","status":"publish","type":"post","link":"http:\/\/www.emater.ro.gov.br\/ematerro\/2023\/03\/20\/podcast109-prevencao-de-doencas-em-aves\/","title":{"rendered":"PodCast#109 Preven\u00e7\u00e3o de doen\u00e7as em aves"},"content":{"rendered":"<!--[if lt IE 9]><script>document.createElement('audio');<\/script><![endif]-->\n<audio class=\"wp-audio-shortcode\" id=\"audio-12791-1\" preload=\"none\" style=\"width: 100%;\" controls=\"controls\"><source type=\"audio\/mpeg\" src=\"http:\/\/www.emater.ro.gov.br\/ematerro\/wp-content\/uploads\/2023\/03\/20230320-podcast109-prevencao-de-doencas-em-aves.mp3?_=1\" \/><a href=\"http:\/\/www.emater.ro.gov.br\/ematerro\/wp-content\/uploads\/2023\/03\/20230320-podcast109-prevencao-de-doencas-em-aves.mp3\">http:\/\/www.emater.ro.gov.br\/ematerro\/wp-content\/uploads\/2023\/03\/20230320-podcast109-prevencao-de-doencas-em-aves.mp3<\/a><\/audio>\n<p><a href=\"https:\/\/youtu.be\/Y7agMzJfcUk\"><img decoding=\"async\" loading=\"lazy\" class=\"size-full wp-image-12789 aligncenter\" src=\"http:\/\/www.emater.ro.gov.br\/ematerro\/wp-content\/uploads\/2023\/03\/20230320-podcast109-preveno-de-doenas-em-aves.jpg\" alt=\"PodCast#109 Preven\u00e7\u00e3o de doen\u00e7as em aves\" width=\"2448\" height=\"2448\" srcset=\"http:\/\/www.emater.ro.gov.br\/ematerro\/wp-content\/uploads\/2023\/03\/20230320-podcast109-preveno-de-doenas-em-aves.jpg 2448w, http:\/\/www.emater.ro.gov.br\/ematerro\/wp-content\/uploads\/2023\/03\/20230320-podcast109-preveno-de-doenas-em-aves-150x150.jpg 150w, http:\/\/www.emater.ro.gov.br\/ematerro\/wp-content\/uploads\/2023\/03\/20230320-podcast109-preveno-de-doenas-em-aves-300x300.jpg 300w, http:\/\/www.emater.ro.gov.br\/ematerro\/wp-content\/uploads\/2023\/03\/20230320-podcast109-preveno-de-doenas-em-aves-768x768.jpg 768w, http:\/\/www.emater.ro.gov.br\/ematerro\/wp-content\/uploads\/2023\/03\/20230320-podcast109-preveno-de-doenas-em-aves-1024x1024.jpg 1024w\" sizes=\"(max-width: 2448px) 100vw, 2448px\" \/><\/a><\/p>\n","protected":false},"excerpt":{"rendered":"","protected":false},"author":9,"featured_media":12789,"comment_status":"closed","ping_status":"closed","sticky":false,"template":"","format":"standard","meta":[],"categories":[15],"tags":[135,460,720,45],"_links":{"self":[{"href":"http:\/\/www.emater.ro.gov.br\/ematerro\/wp-json\/wp\/v2\/posts\/12791"}],"collection":[{"href":"http:\/\/www.emater.ro.gov.br\/ematerro\/wp-json\/wp\/v2\/posts"}],"about":[{"href":"http:\/\/www.emater.ro.gov.br\/ematerro\/wp-json\/wp\/v2\/types\/post"}],"author":[{"embeddable":true,"href":"http:\/\/www.emater.ro.gov.br\/ematerro\/wp-json\/wp\/v2\/users\/9"}],"replies":[{"embeddable":true,"href":"http:\/\/www.emater.ro.gov.br\/ematerro\/wp-json\/wp\/v2\/comments?post=12791"}],"version-history":[{"count":1,"href":"http:\/\/www.emater.ro.gov.br\/ematerro\/wp-json\/wp\/v2\/posts\/12791\/revisions"}],"predecessor-version":[{"id":12792,"href":"http:\/\/www.emater.ro.gov.br\/ematerro\/wp-json\/wp\/v2\/posts\/12791\/revisions\/12792"}],"wp:featuredmedia":[{"embeddable":true,"href":"http:\/\/www.emater.ro.gov.br\/ematerro\/wp-json\/wp\/v2\/media\/12789"}],"wp:attachment":[{"href":"http:\/\/www.emater.ro.gov.br\/ematerro\/wp-json\/wp\/v2\/media?parent=12791"}],"wp:term":[{"taxonomy":"category","embeddable":true,"href":"http:\/\/www.emater.ro.gov.br\/ematerro\/wp-json\/wp\/v2\/categories?post=12791"},{"taxonomy":"post_tag","embeddable":true,"href":"http:\/\/www.emater.ro.gov.br\/ematerro\/wp-json\/wp\/v2\/tags?post=12791"}],"curies":[{"name":"wp","href":"https:\/\/api.w.org\/{rel}","templated":true}]}}