{"id":12776,"date":"2023-03-17T13:22:47","date_gmt":"2023-03-17T17:22:47","guid":{"rendered":"http:\/\/www.emater.ro.gov.br\/ematerro\/?p=12776"},"modified":"2023-03-17T13:22:47","modified_gmt":"2023-03-17T17:22:47","slug":"63a-assembleia-geral-ordinaria-da-asbraer-elege-nova-diretoria-emater-ro-sera-representada-na-vice-presidencia","status":"publish","type":"post","link":"http:\/\/www.emater.ro.gov.br\/ematerro\/2023\/03\/17\/63a-assembleia-geral-ordinaria-da-asbraer-elege-nova-diretoria-emater-ro-sera-representada-na-vice-presidencia\/","title":{"rendered":"63\u00aa Assembleia Geral Ordin\u00e1ria da Asbraer elege nova diretoria. Emater-RO ser\u00e1 representada na vice-presid\u00eancia"},"content":{"rendered":"<figure id=\"attachment_12777\" aria-describedby=\"caption-attachment-12777\" style=\"width: 1242px\" class=\"wp-caption aligncenter\"><img decoding=\"async\" loading=\"lazy\" class=\"size-full wp-image-12777\" src=\"http:\/\/www.emater.ro.gov.br\/ematerro\/wp-content\/uploads\/2023\/03\/20230317-63-ago-eleicao_001.jpg\" alt=\"A 63\u00aa Assembleia da Asbraer contou com 25 das 28 associadas presentes.\" width=\"1242\" height=\"776\" srcset=\"http:\/\/www.emater.ro.gov.br\/ematerro\/wp-content\/uploads\/2023\/03\/20230317-63-ago-eleicao_001.jpg 1242w, http:\/\/www.emater.ro.gov.br\/ematerro\/wp-content\/uploads\/2023\/03\/20230317-63-ago-eleicao_001-300x187.jpg 300w, http:\/\/www.emater.ro.gov.br\/ematerro\/wp-content\/uploads\/2023\/03\/20230317-63-ago-eleicao_001-768x480.jpg 768w, http:\/\/www.emater.ro.gov.br\/ematerro\/wp-content\/uploads\/2023\/03\/20230317-63-ago-eleicao_001-1024x640.jpg 1024w\" sizes=\"(max-width: 1242px) 100vw, 1242px\" \/><figcaption id=\"caption-attachment-12777\" class=\"wp-caption-text\"><em>A 63\u00aa Assembleia da Asbraer contou com 25 das 28 associadas presentes.<\/em><\/figcaption><\/figure>\n<p>Nos dias 16 e 17 de mar\u00e7o de 2023 aconteceu a 63\u00aa Assembleia Geral Ordin\u00e1ria da Associa\u00e7\u00e3o Brasileira das Entidades de Assist\u00eancia T\u00e9cnica e Extens\u00e3o Rural, Pesquisa Agropecu\u00e1ria e Regulariza\u00e7\u00e3o Fundi\u00e1ria (Asbraer). A finalidade foi dialogar com entidades do Governo Federal e elei\u00e7\u00e3o da nova diretoria da associa\u00e7\u00e3o para o quadri\u00eanio 2023-2027.<\/p>\n<p>A 63\u00aa Assembleia da Asbraer foi um dos eventos mais prestigiados com 25 das 28 associadas presentes, al\u00e9m de outras que buscam associar-se, e participa\u00e7\u00e3o do Minist\u00e9rio de Agricultura e Pecu\u00e1ria (MAPA), Minist\u00e9rio do Desenvolvimento Agr\u00e1rio e Agricultura Familiar (MDA), Embrapa, parlamentares e secret\u00e1rios de estado.<\/p>\n<p>O presidente da Asbraer, Nivaldo Magalh\u00e3es, abriu a reuni\u00e3o dando um panorama geral de sua gest\u00e3o. \u201cNos \u00faltimos anos a Asbraer cresceu e aumentou seu protagonismo. Quando ampliamos o escopo da Asbraer para pesquisa agropecu\u00e1ria e regulariza\u00e7\u00e3o fundi\u00e1ria, a FAO ligou e parabenizou pelo fortalecimento da institui\u00e7\u00e3o que estamos promovendo\u201d, afirmou.<\/p>\n<figure id=\"attachment_12779\" aria-describedby=\"caption-attachment-12779\" style=\"width: 500px\" class=\"wp-caption alignright\"><img decoding=\"async\" loading=\"lazy\" class=\"wp-image-12779\" src=\"http:\/\/www.emater.ro.gov.br\/ematerro\/wp-content\/uploads\/2023\/03\/20230317-63-ago-eleicao_003.jpg\" alt=\"O diretor-presidente da Emater-RO, Luciano Brand\u00e3o, ocupar\u00e1 o cargo de vice-presidente da Asbraer pela segunda vez.\" width=\"500\" height=\"313\" srcset=\"http:\/\/www.emater.ro.gov.br\/ematerro\/wp-content\/uploads\/2023\/03\/20230317-63-ago-eleicao_003.jpg 1024w, http:\/\/www.emater.ro.gov.br\/ematerro\/wp-content\/uploads\/2023\/03\/20230317-63-ago-eleicao_003-300x188.jpg 300w, http:\/\/www.emater.ro.gov.br\/ematerro\/wp-content\/uploads\/2023\/03\/20230317-63-ago-eleicao_003-768x480.jpg 768w\" sizes=\"(max-width: 500px) 100vw, 500px\" \/><figcaption id=\"caption-attachment-12779\" class=\"wp-caption-text\">O diretor-presidente da Emater-RO, Luciano Brand\u00e3o, ocupar\u00e1 o cargo de vice-presidente da Asbraer pela segunda vez.<\/figcaption><\/figure>\n<p>O segundo dia de assembleia foi dedicado \u00e0 intera\u00e7\u00e3o entre as associadas com elei\u00e7\u00e3o da nova diretoria da institui\u00e7\u00e3o para o quadri\u00eanio de 2023-2027. Foram apresentadas duas chapas sendo a chapa eleita formada por Natalino Avance (IDR-Paran\u00e1), \u00e0 presid\u00eancia da Asbraer; Luciano Brand\u00e3o (Emater\/RO), \u00e0 vice-presid\u00eancia nacional e Gilson dos Anjos (Emdagro\/SE), \u00e0 vice-presid\u00eancia nacional de pesquisa.<\/p>\n<p>Para o Conselho Fiscal foram eleitos: Cl\u00e1udio Bortolini, Emater\/MG, Loislene Trindade, Emater\/DF e Diniz Dias, IDR-Paran\u00e1 como titulares sendo Cl\u00e1udio Bortolini o presidente do Conselho Fiscal e Daniel Pinto, IDAM\/AM, Sandro Montenegro, Agerp\/MA e C\u00e9lio Haverroth, Bahiater\/BA como suplentes.<\/p>\n<p>As vice-presid\u00eancias regionais ficaram: vice-presidente da regi\u00e3o Centro-Oeste Renaldo Loffi (Empaer\/MT) com supl\u00eancia da Emater\/DF, vice-presidente da regi\u00e3o Norte Washington Ayres com supl\u00eancia do IDAM\/AM, vice-presidente da regi\u00e3o Nordeste C\u00e9sar Oliveira (Emater\/RN) com supl\u00eancia da Bahiater\/BA, vice-presidente da regi\u00e3o Sul Christian Lemos (Emater\/RS) com supl\u00eancia da Epagri\/SC, vice-presidente da regi\u00e3o Sudeste Ot\u00e1vio Maia (Emater\/MG) com supl\u00eancia da Emater-Rio. A diretora executiva da Asbraer, Mariana Matias, foi reconduzida ao cargo.<\/p>\n<p>O presidente eleito da Asbraer, Natalino Avance, agradeceu a confian\u00e7a e afirmou que atuar\u00e1 para resgatar a imagem das institui\u00e7\u00f5es de ATER, pesquisa e regulariza\u00e7\u00e3o fundi\u00e1ria. \u201cA Asbraer vai ser fundamental nesse processo,quer na promo\u00e7\u00e3o de capacita\u00e7\u00e3o, quer na articula\u00e7\u00e3o com governos e organiza\u00e7\u00f5es internacionais, quer no di\u00e1logo com todos os atores pol\u00edticos\u201d, afirmou. Para ele, o trabalho no resgate e reconstru\u00e7\u00e3o da ATER P\u00fablica ser\u00e1 o ponto-chave para os pr\u00f3ximos anos.<\/p>\n<p>Mais detalhes sobre a 63\u00aa Assembleia Geral Ordin\u00e1ria da Asbraer, <span style=\"color: #0000ff;\"><a style=\"color: #0000ff;\" href=\"https:\/\/bit.ly\/3yOiMRI\" target=\"_blank\">acesse aqui<\/a><\/span>:<\/p>\n<p style=\"text-align: right;\">Fonte: Juliana Silva<br \/>\nAscom \/ Asbraer<\/p>\n","protected":false},"excerpt":{"rendered":"<p>Nos dias 16 e 17 de mar\u00e7o de 2023 aconteceu a 63\u00aa Assembleia Geral Ordin\u00e1ria da Associa\u00e7\u00e3o Brasileira das Entidades de Assist\u00eancia T\u00e9cnica e Extens\u00e3o Rural, Pesquisa Agropecu\u00e1ria e Regulariza\u00e7\u00e3o [&hellip;]<\/p>\n","protected":false},"author":9,"featured_media":12778,"comment_status":"closed","ping_status":"closed","sticky":false,"template":"","format":"standard","meta":[],"categories":[10,9,12],"tags":[],"_links":{"self":[{"href":"http:\/\/www.emater.ro.gov.br\/ematerro\/wp-json\/wp\/v2\/posts\/12776"}],"collection":[{"href":"http:\/\/www.emater.ro.gov.br\/ematerro\/wp-json\/wp\/v2\/posts"}],"about":[{"href":"http:\/\/www.emater.ro.gov.br\/ematerro\/wp-json\/wp\/v2\/types\/post"}],"author":[{"embeddable":true,"href":"http:\/\/www.emater.ro.gov.br\/ematerro\/wp-json\/wp\/v2\/users\/9"}],"replies":[{"embeddable":true,"href":"http:\/\/www.emater.ro.gov.br\/ematerro\/wp-json\/wp\/v2\/comments?post=12776"}],"version-history":[{"count":1,"href":"http:\/\/www.emater.ro.gov.br\/ematerro\/wp-json\/wp\/v2\/posts\/12776\/revisions"}],"predecessor-version":[{"id":12780,"href":"http:\/\/www.emater.ro.gov.br\/ematerro\/wp-json\/wp\/v2\/posts\/12776\/revisions\/12780"}],"wp:featuredmedia":[{"embeddable":true,"href":"http:\/\/www.emater.ro.gov.br\/ematerro\/wp-json\/wp\/v2\/media\/12778"}],"wp:attachment":[{"href":"http:\/\/www.emater.ro.gov.br\/ematerro\/wp-json\/wp\/v2\/media?parent=12776"}],"wp:term":[{"taxonomy":"category","embeddable":true,"href":"http:\/\/www.emater.ro.gov.br\/ematerro\/wp-json\/wp\/v2\/categories?post=12776"},{"taxonomy":"post_tag","embeddable":true,"href":"http:\/\/www.emater.ro.gov.br\/ematerro\/wp-json\/wp\/v2\/tags?post=12776"}],"curies":[{"name":"wp","href":"https:\/\/api.w.org\/{rel}","templated":true}]}}