{"id":12638,"date":"2023-02-10T13:07:55","date_gmt":"2023-02-10T17:07:55","guid":{"rendered":"http:\/\/www.emater.ro.gov.br\/ematerro\/?p=12638"},"modified":"2023-02-13T08:23:29","modified_gmt":"2023-02-13T12:23:29","slug":"agricultores-ganharam-mais-prazo-para-a-migracao-da-dap-para-o-caf","status":"publish","type":"post","link":"http:\/\/www.emater.ro.gov.br\/ematerro\/2023\/02\/10\/agricultores-ganharam-mais-prazo-para-a-migracao-da-dap-para-o-caf\/","title":{"rendered":"Agricultores ganharam mais prazo para a migra\u00e7\u00e3o da DAP para o CAF"},"content":{"rendered":"<figure id=\"attachment_12639\" aria-describedby=\"caption-attachment-12639\" style=\"width: 1299px\" class=\"wp-caption aligncenter\"><img decoding=\"async\" loading=\"lazy\" class=\"wp-image-12639\" src=\"http:\/\/www.emater.ro.gov.br\/ematerro\/wp-content\/uploads\/2023\/02\/20230210-foto-irene-mendes-2023-agricultora.jpg\" alt=\"foto Irene Mendes 2023 agricultora\" width=\"1299\" height=\"866\" srcset=\"http:\/\/www.emater.ro.gov.br\/ematerro\/wp-content\/uploads\/2023\/02\/20230210-foto-irene-mendes-2023-agricultora.jpg 3984w, http:\/\/www.emater.ro.gov.br\/ematerro\/wp-content\/uploads\/2023\/02\/20230210-foto-irene-mendes-2023-agricultora-300x200.jpg 300w, http:\/\/www.emater.ro.gov.br\/ematerro\/wp-content\/uploads\/2023\/02\/20230210-foto-irene-mendes-2023-agricultora-768x512.jpg 768w, http:\/\/www.emater.ro.gov.br\/ematerro\/wp-content\/uploads\/2023\/02\/20230210-foto-irene-mendes-2023-agricultora-1024x683.jpg 1024w, http:\/\/www.emater.ro.gov.br\/ematerro\/wp-content\/uploads\/2023\/02\/20230210-foto-irene-mendes-2023-agricultora-480x320.jpg 480w\" sizes=\"(max-width: 1299px) 100vw, 1299px\" \/><figcaption id=\"caption-attachment-12639\" class=\"wp-caption-text\">agricultora familiar<\/figcaption><\/figure>\n<p>O governo federal concedeu novo prazo para os agricultores familiares substitu\u00edrem a Declara\u00e7\u00e3o de Aptid\u00e3o ao Pronaf (DAP) pelo novo cadastro no Sistema Nacional de Cadastramento da Agricultura Familiar (CAF), agora as DAPs vencidas entre o dia 08 de fevereiro de 2023 a 31 de janeiro de 2024 ser\u00e3o prorrogadas outomaticamente, esta norma foi editada para facilitar a vida dos produtores que estavam tendo dificuldades de realizar o cadastramento, devido a lentid\u00e3o no sistema do Minist\u00e9rio do Desenvolvimento Agrario (MDA).<\/p>\n<p>Os produtores que tiveram a sua, Declara\u00e7\u00e3o de Aptid\u00e3o ao Pronaf (DAP) vencida at\u00e9 o dia 08 de fevereiro de 2023, ter\u00e3o que fazer novo cadastro CAF, para continuar acessando os benef\u00edcios concedidos aos agricultores familiares, como a compra de milho a balc\u00e3o na Conab, ou a venda direta do produtor ao Programa Nacional de Aquisi\u00e7\u00e3o de Alimentos (PAA), ou a venda direta para a merenda escolar, bem como para habilitar o produtor ao cr\u00e9dito rural.<\/p>\n<p>O MDA emitiu comunicado informando que j\u00e1 criou uma for\u00e7a tarefa para melhorar o funcionamento do sistema na rede mundial de computadores CAF\/WEB. Com o beneficio da prorroga\u00e7\u00e3o das DAP\u00a0 vencidas, ou a vencer no per\u00edodo, citado acima, dever\u00e1 diminuir a press\u00e3o sobre o sistema que dever\u00e1 voltar a atender os produtores que necessariamente ter\u00e3o que fazer a migra\u00e7\u00e3o de DAP para CAF.<\/p>\n<p>Todas as DAP ou CAF a vencer depois de 31 de janeiro de 2024 ter\u00e3o suas datas de vencimento mantidas. Para melhor atender os agricultores o O MDA disponibilizou canais de atendimento ao produtor para tirar eventuais d\u00favidas: E-mail: atendimento.cocaf@agro.gov.br \/ Telefone e Whatsapp: (61) 99965-6115<\/p>\n<p style=\"text-align: right;\">Texto: Enoque de Oliveira<br \/>\nFotos: Irene Mendes<br \/>\nEMATER-RO<\/p>\n","protected":false},"excerpt":{"rendered":"<p>O governo federal concedeu novo prazo para os agricultores familiares substitu\u00edrem a Declara\u00e7\u00e3o de Aptid\u00e3o ao Pronaf (DAP) pelo novo cadastro no Sistema Nacional de Cadastramento da Agricultura Familiar (CAF), [&hellip;]<\/p>\n","protected":false},"author":8,"featured_media":12640,"comment_status":"closed","ping_status":"closed","sticky":false,"template":"","format":"standard","meta":[],"categories":[10,9,12],"tags":[],"_links":{"self":[{"href":"http:\/\/www.emater.ro.gov.br\/ematerro\/wp-json\/wp\/v2\/posts\/12638"}],"collection":[{"href":"http:\/\/www.emater.ro.gov.br\/ematerro\/wp-json\/wp\/v2\/posts"}],"about":[{"href":"http:\/\/www.emater.ro.gov.br\/ematerro\/wp-json\/wp\/v2\/types\/post"}],"author":[{"embeddable":true,"href":"http:\/\/www.emater.ro.gov.br\/ematerro\/wp-json\/wp\/v2\/users\/8"}],"replies":[{"embeddable":true,"href":"http:\/\/www.emater.ro.gov.br\/ematerro\/wp-json\/wp\/v2\/comments?post=12638"}],"version-history":[{"count":4,"href":"http:\/\/www.emater.ro.gov.br\/ematerro\/wp-json\/wp\/v2\/posts\/12638\/revisions"}],"predecessor-version":[{"id":12645,"href":"http:\/\/www.emater.ro.gov.br\/ematerro\/wp-json\/wp\/v2\/posts\/12638\/revisions\/12645"}],"wp:featuredmedia":[{"embeddable":true,"href":"http:\/\/www.emater.ro.gov.br\/ematerro\/wp-json\/wp\/v2\/media\/12640"}],"wp:attachment":[{"href":"http:\/\/www.emater.ro.gov.br\/ematerro\/wp-json\/wp\/v2\/media?parent=12638"}],"wp:term":[{"taxonomy":"category","embeddable":true,"href":"http:\/\/www.emater.ro.gov.br\/ematerro\/wp-json\/wp\/v2\/categories?post=12638"},{"taxonomy":"post_tag","embeddable":true,"href":"http:\/\/www.emater.ro.gov.br\/ematerro\/wp-json\/wp\/v2\/tags?post=12638"}],"curies":[{"name":"wp","href":"https:\/\/api.w.org\/{rel}","templated":true}]}}