{"id":12622,"date":"2023-02-08T13:34:33","date_gmt":"2023-02-08T17:34:33","guid":{"rendered":"http:\/\/www.emater.ro.gov.br\/ematerro\/?p=12622"},"modified":"2023-02-13T08:17:54","modified_gmt":"2023-02-13T12:17:54","slug":"produtores-de-leite-da-429-adotam-a-silagem-de-capiacu-para-arracoamento-do-rebanho","status":"publish","type":"post","link":"http:\/\/www.emater.ro.gov.br\/ematerro\/2023\/02\/08\/produtores-de-leite-da-429-adotam-a-silagem-de-capiacu-para-arracoamento-do-rebanho\/","title":{"rendered":"Produtores de leite da BR-429 adotam a silagem de capia\u00e7u para arra\u00e7oamento do rebanho"},"content":{"rendered":"<figure id=\"attachment_12623\" aria-describedby=\"caption-attachment-12623\" style=\"width: 1000px\" class=\"wp-caption aligncenter\"><img decoding=\"async\" loading=\"lazy\" class=\"wp-image-12623 size-full\" src=\"http:\/\/www.emater.ro.gov.br\/ematerro\/wp-content\/uploads\/2023\/02\/20230208-silagem-rayne-2023.jpg\" alt=\"silagem-Rayne-2023\" width=\"1000\" height=\"625\" srcset=\"http:\/\/www.emater.ro.gov.br\/ematerro\/wp-content\/uploads\/2023\/02\/20230208-silagem-rayne-2023.jpg 1000w, http:\/\/www.emater.ro.gov.br\/ematerro\/wp-content\/uploads\/2023\/02\/20230208-silagem-rayne-2023-300x188.jpg 300w, http:\/\/www.emater.ro.gov.br\/ematerro\/wp-content\/uploads\/2023\/02\/20230208-silagem-rayne-2023-768x480.jpg 768w\" sizes=\"(max-width: 1000px) 100vw, 1000px\" \/><figcaption id=\"caption-attachment-12623\" class=\"wp-caption-text\">`Fundo Proleite e Programas de governo fornecem equipamentos de apoio a produ\u00e7\u00e3o<\/figcaption><\/figure>\n<p>Produtores de leite da regi\u00e3o da BR 429 participam do projeto consultec e implantam novos modelos de manejo de pastagem e arra\u00e7oamento do rebanho, no munic\u00edpio de S\u00e3o Francisco do Guapor\u00e9 os t\u00e9cnicos da Entidade Aut\u00e1rquica de Assist\u00eancia T\u00e9cnica e Extens\u00e3o Rural de Rond\u00f4nia (Emater-RO), t\u00eam orientado os agricultores familiares a utilizar o Capia\u00e7u para produ\u00e7\u00e3o de silagem, aproveitando desta forma o grande volume de massa verde dispon\u00edvel nessa \u00e9poca do ano para fazer estoque de forragem para o per\u00edodo seco.<\/p>\n<p>Os produtores j\u00e1 dominaram a t\u00e9cnica de ensilagem em silos de superf\u00edcie, que utiliza apenas lonas pl\u00e1sticas e um produto indutor de fermenta\u00e7\u00e3o, materiais de baixo custo, que facilitam a prote\u00e7\u00e3o e armazenamento da forragem, o capim picado fica fermentando na aus\u00eancia de oxig\u00eanio embaixo da lona, vedada apenas com terra jogada sobre as bordas, por um per\u00edodo de noventa dias ou at\u00e9 que chegue o per\u00edodo seco, quando aumenta a necessidade de arra\u00e7oamento dos animais no cocho.<\/p>\n<p>Os equipamentos fornecidos pelo governo do Estado \u00e0s prefeituras e associa\u00e7\u00f5es de produtores rurais, atrav\u00e9s de recursos do proleite e de emendas parlamentares, para apoiar a produ\u00e7\u00e3o leiteira, como tratores, carretas e ensiladeiras entre outros, tem contribu\u00eddo para a manuten\u00e7\u00e3o da atividade leiteira, em \u00e1reas menores e para o aumento da produtividade de leite, tanto de litros por vaca quanto por hectare.<\/p>\n<figure id=\"attachment_12624\" aria-describedby=\"caption-attachment-12624\" style=\"width: 379px\" class=\"wp-caption alignright\"><img decoding=\"async\" loading=\"lazy\" class=\"wp-image-12624\" src=\"http:\/\/www.emater.ro.gov.br\/ematerro\/wp-content\/uploads\/2023\/02\/20230208-foto-rayne-sao-francisco-2023.jpg\" alt=\"foto-Rayne-Sao-Francisco-2023\" width=\"379\" height=\"237\" srcset=\"http:\/\/www.emater.ro.gov.br\/ematerro\/wp-content\/uploads\/2023\/02\/20230208-foto-rayne-sao-francisco-2023.jpg 1000w, http:\/\/www.emater.ro.gov.br\/ematerro\/wp-content\/uploads\/2023\/02\/20230208-foto-rayne-sao-francisco-2023-300x188.jpg 300w, http:\/\/www.emater.ro.gov.br\/ematerro\/wp-content\/uploads\/2023\/02\/20230208-foto-rayne-sao-francisco-2023-768x480.jpg 768w\" sizes=\"(max-width: 379px) 100vw, 379px\" \/><figcaption id=\"caption-attachment-12624\" class=\"wp-caption-text\">O extensionista rural orienta o produtor em todas as etapas da produ\u00e7\u00e3o<\/figcaption><\/figure>\n<p>Programas do governo de utiliza\u00e7\u00e3o de t\u00e9cnicas modernas de produ\u00e7\u00e3o, orientadas pelos extensionistas da Emater-RO, ajudam os produtores n\u00e3o apenas na melhoria da produ\u00e7\u00e3o de leite por vaca dia, mas tamb\u00e9m na efici\u00eancia reprodutiva, aumentando significativamente a renda das fam\u00edlias produtoras, pela venda de mais leite e bezerros.<\/p>\n<p>Outro beneficio da a\u00e7\u00e3o do estado atrav\u00e9s da assist\u00eancia t\u00e9cnica \u00e9 para o meio ambiente, porque com a possibilidade de se criar mais animais em uma \u00e1rea menor, e com o uso da tecnologia, ao mesmo tempo se diminui a press\u00e3o por aberturas de novas \u00e1reas de floresta para forma\u00e7\u00e3o de pastagem. \u00c9 o que se observa no campo e que nem sempre \u00e9 percebido pelos produtores, que ficam empolgados com os ganhos de produ\u00e7\u00e3o e ado\u00e7\u00e3o de novas t\u00e9cnicas, como observamos nas falas dos agricultores Joilson, Osvaldo e da senhora Eliana Gaud\u00eancio, todos criadores de gado de leite em S\u00e3o Francisco do Guapor\u00e9, e que tamb\u00e9m plantam capia\u00e7u e milho para silagem, orientados pelo extensionista Ilson Lemos, da Emater-RO.<\/p>\n<p>&nbsp;<\/p>\n<p>Texto: Enoque de Oliveira<br \/>\nfotos: Rayne Andrade<\/p>\n","protected":false},"excerpt":{"rendered":"<p>Produtores de leite da regi\u00e3o da BR 429 participam do projeto consultec e implantam novos modelos de manejo de pastagem e arra\u00e7oamento do rebanho, no munic\u00edpio de S\u00e3o Francisco do [&hellip;]<\/p>\n","protected":false},"author":8,"featured_media":12625,"comment_status":"closed","ping_status":"closed","sticky":false,"template":"","format":"standard","meta":[],"categories":[10,9,12],"tags":[184],"_links":{"self":[{"href":"http:\/\/www.emater.ro.gov.br\/ematerro\/wp-json\/wp\/v2\/posts\/12622"}],"collection":[{"href":"http:\/\/www.emater.ro.gov.br\/ematerro\/wp-json\/wp\/v2\/posts"}],"about":[{"href":"http:\/\/www.emater.ro.gov.br\/ematerro\/wp-json\/wp\/v2\/types\/post"}],"author":[{"embeddable":true,"href":"http:\/\/www.emater.ro.gov.br\/ematerro\/wp-json\/wp\/v2\/users\/8"}],"replies":[{"embeddable":true,"href":"http:\/\/www.emater.ro.gov.br\/ematerro\/wp-json\/wp\/v2\/comments?post=12622"}],"version-history":[{"count":5,"href":"http:\/\/www.emater.ro.gov.br\/ematerro\/wp-json\/wp\/v2\/posts\/12622\/revisions"}],"predecessor-version":[{"id":12643,"href":"http:\/\/www.emater.ro.gov.br\/ematerro\/wp-json\/wp\/v2\/posts\/12622\/revisions\/12643"}],"wp:featuredmedia":[{"embeddable":true,"href":"http:\/\/www.emater.ro.gov.br\/ematerro\/wp-json\/wp\/v2\/media\/12625"}],"wp:attachment":[{"href":"http:\/\/www.emater.ro.gov.br\/ematerro\/wp-json\/wp\/v2\/media?parent=12622"}],"wp:term":[{"taxonomy":"category","embeddable":true,"href":"http:\/\/www.emater.ro.gov.br\/ematerro\/wp-json\/wp\/v2\/categories?post=12622"},{"taxonomy":"post_tag","embeddable":true,"href":"http:\/\/www.emater.ro.gov.br\/ematerro\/wp-json\/wp\/v2\/tags?post=12622"}],"curies":[{"name":"wp","href":"https:\/\/api.w.org\/{rel}","templated":true}]}}