{"id":12590,"date":"2023-02-01T10:55:18","date_gmt":"2023-02-01T14:55:18","guid":{"rendered":"http:\/\/www.emater.ro.gov.br\/ematerro\/?p=12590"},"modified":"2023-02-01T12:00:23","modified_gmt":"2023-02-01T16:00:23","slug":"secretarios-municipais-de-agricultura-se-reunem-com-seagri-e-emater-ro-para-debater-rumos-da-agropecuaria-em-2023","status":"publish","type":"post","link":"http:\/\/www.emater.ro.gov.br\/ematerro\/2023\/02\/01\/secretarios-municipais-de-agricultura-se-reunem-com-seagri-e-emater-ro-para-debater-rumos-da-agropecuaria-em-2023\/","title":{"rendered":"Secret\u00e1rios municipais de agricultura se re\u00fanem com Seagri e Emater-RO para debater rumos da agropecu\u00e1ria em 2023"},"content":{"rendered":"<figure id=\"attachment_12593\" aria-describedby=\"caption-attachment-12593\" style=\"width: 923px\" class=\"wp-caption aligncenter\"><img decoding=\"async\" loading=\"lazy\" class=\"wp-image-12593\" src=\"http:\/\/www.emater.ro.gov.br\/ematerro\/wp-content\/uploads\/2023\/02\/20230201-reunio-sec-municipais-de-agricultura-raine-andrade-jan-2023-1.jpg\" alt=\"reuni\u00e3o-sec-municipais-de-agricultura-Raine-Andrade-jan-2023--1\" width=\"923\" height=\"577\" srcset=\"http:\/\/www.emater.ro.gov.br\/ematerro\/wp-content\/uploads\/2023\/02\/20230201-reunio-sec-municipais-de-agricultura-raine-andrade-jan-2023-1.jpg 1000w, http:\/\/www.emater.ro.gov.br\/ematerro\/wp-content\/uploads\/2023\/02\/20230201-reunio-sec-municipais-de-agricultura-raine-andrade-jan-2023-1-300x188.jpg 300w, http:\/\/www.emater.ro.gov.br\/ematerro\/wp-content\/uploads\/2023\/02\/20230201-reunio-sec-municipais-de-agricultura-raine-andrade-jan-2023-1-768x480.jpg 768w\" sizes=\"(max-width: 923px) 100vw, 923px\" \/><figcaption id=\"caption-attachment-12593\" class=\"wp-caption-text\">secret\u00e1rios municipais de todo o Estado reunidos com autoridades estaduais e federais do setor agr\u00e1rio<\/figcaption><\/figure>\n<p style=\"text-align: left;\">Na tarde desta segunda feira, 30 de janeiro, os secret\u00e1rios municipais de agricultura de quase todos os munic\u00edpios de Rond\u00f4nia se reuniram na Federa\u00e7\u00e3o da Agricultura (Faperon) com autoridades do setor, secret\u00e1rio de agricultura, presidente da Emater-RO e Superintendente do Minist\u00e9rio da Agricultura no Estado para debater e alinhar as necessidades dos munic\u00edpios com as diretrizes da pol\u00edtica agr\u00edcola do estado neste novo mandato do governador coronel Marcos Rocha.<\/p>\n<p style=\"text-align: left;\">Os secret\u00e1rios municipais apresentaram seus questionamentos principalmente em rela\u00e7\u00e3o o repasse de m\u00e1quinas e equipamentos para as secret\u00e1rias municipais e para associa\u00e7\u00f5es de produtores, atrav\u00e9s de emendas parlamentares que \u00e1s vezes n\u00e3o atende ao objetivo proposto pela falta de algum implemento, haja vista que estas m\u00e1quinas e equipamentos s\u00e3o de uso combinado, n\u00e3o adianta, por exemplo receber uma um trator equipado com uma ensiladeira, se n\u00e3o tiver uma carreta de transporte para receber o produto colhido, disse o secret\u00e1rio de Itapu\u00e3 do Oeste.<\/p>\n<p style=\"text-align: left;\">O presidente da Entidade Aut\u00e1rquica de Assist\u00eancia T\u00e9cnica e Extens\u00e3o Rural (Emater-RO) esclareceu sobre a necessidade de receber informa\u00e7\u00f5es sobre a utiliza\u00e7\u00e3o dos equipamentos repassados aos munic\u00edpios, pois \u00e9 importante\u00a0 que se cumpra os programas de trabalho e se alcance as metas estabelecidas nos conv\u00eanios, porque para o governador coronel Marcos Rocha, &#8220;as secretarias municipais de agricultura s\u00e3o uma extens\u00e3o da pol\u00edtica agr\u00edcola do Governo do Estado nos munic\u00edpios&#8221;.<\/p>\n<p style=\"text-align: left;\">Na oportunidade o presidente Luciano Brand\u00e3o anunciou que dever\u00e1 encaminhar projeto para amplia\u00e7\u00e3o do quadro de pessoal da Emater-RO, que se encontra defasado, para melhor atender os produtores e apoiar as secretarias municipais,\u00a0 e informou da aquisi\u00e7\u00e3o de 400 barracas de feiras que est\u00e3o sendo adquiridas com recursos de emenda parlamentar do deputado federal Dr Mauro Nazif, para atender alguns munic\u00edpios.<\/p>\n<p style=\"text-align: right;\"><em>Texto: Enoque de Oliveira<\/em><br \/>\n<em>Fotos: Rainer Andrade<\/em><\/p>\n","protected":false},"excerpt":{"rendered":"<p>Na tarde desta segunda feira, 30 de janeiro, os secret\u00e1rios municipais de agricultura de quase todos os munic\u00edpios de Rond\u00f4nia se reuniram na Federa\u00e7\u00e3o da Agricultura (Faperon) com autoridades do [&hellip;]<\/p>\n","protected":false},"author":8,"featured_media":12592,"comment_status":"closed","ping_status":"closed","sticky":false,"template":"","format":"standard","meta":[],"categories":[502,10,9,12],"tags":[],"_links":{"self":[{"href":"http:\/\/www.emater.ro.gov.br\/ematerro\/wp-json\/wp\/v2\/posts\/12590"}],"collection":[{"href":"http:\/\/www.emater.ro.gov.br\/ematerro\/wp-json\/wp\/v2\/posts"}],"about":[{"href":"http:\/\/www.emater.ro.gov.br\/ematerro\/wp-json\/wp\/v2\/types\/post"}],"author":[{"embeddable":true,"href":"http:\/\/www.emater.ro.gov.br\/ematerro\/wp-json\/wp\/v2\/users\/8"}],"replies":[{"embeddable":true,"href":"http:\/\/www.emater.ro.gov.br\/ematerro\/wp-json\/wp\/v2\/comments?post=12590"}],"version-history":[{"count":7,"href":"http:\/\/www.emater.ro.gov.br\/ematerro\/wp-json\/wp\/v2\/posts\/12590\/revisions"}],"predecessor-version":[{"id":12600,"href":"http:\/\/www.emater.ro.gov.br\/ematerro\/wp-json\/wp\/v2\/posts\/12590\/revisions\/12600"}],"wp:featuredmedia":[{"embeddable":true,"href":"http:\/\/www.emater.ro.gov.br\/ematerro\/wp-json\/wp\/v2\/media\/12592"}],"wp:attachment":[{"href":"http:\/\/www.emater.ro.gov.br\/ematerro\/wp-json\/wp\/v2\/media?parent=12590"}],"wp:term":[{"taxonomy":"category","embeddable":true,"href":"http:\/\/www.emater.ro.gov.br\/ematerro\/wp-json\/wp\/v2\/categories?post=12590"},{"taxonomy":"post_tag","embeddable":true,"href":"http:\/\/www.emater.ro.gov.br\/ematerro\/wp-json\/wp\/v2\/tags?post=12590"}],"curies":[{"name":"wp","href":"https:\/\/api.w.org\/{rel}","templated":true}]}}