{"id":12583,"date":"2023-02-01T10:18:32","date_gmt":"2023-02-01T14:18:32","guid":{"rendered":"http:\/\/www.emater.ro.gov.br\/ematerro\/?p=12583"},"modified":"2023-02-01T10:18:32","modified_gmt":"2023-02-01T14:18:32","slug":"produtores-de-rondonia-recebem-incentivos-para-produzir-e-estocar-alimento-para-o-rebanho-e-garantir-a-estabilidade-da-producao-durante-o-periodo-seco","status":"publish","type":"post","link":"http:\/\/www.emater.ro.gov.br\/ematerro\/2023\/02\/01\/produtores-de-rondonia-recebem-incentivos-para-produzir-e-estocar-alimento-para-o-rebanho-e-garantir-a-estabilidade-da-producao-durante-o-periodo-seco\/","title":{"rendered":"Produtores de Rond\u00f4nia recebem incentivos para produzir e estocar alimento para o rebanho e garantir a estabilidade da produ\u00e7\u00e3o durante o per\u00edodo seco."},"content":{"rendered":"<figure id=\"attachment_12587\" aria-describedby=\"caption-attachment-12587\" style=\"width: 1000px\" class=\"wp-caption alignnone\"><img decoding=\"async\" loading=\"lazy\" class=\"wp-image-12587 size-full\" src=\"http:\/\/www.emater.ro.gov.br\/ematerro\/wp-content\/uploads\/2023\/02\/20230201-silagem-no-cocho-irene-mendes-jan-2023.jpg\" alt=\"Silagem-no-cocho-Irene-Mendes-jan-2023\" width=\"1000\" height=\"625\" srcset=\"http:\/\/www.emater.ro.gov.br\/ematerro\/wp-content\/uploads\/2023\/02\/20230201-silagem-no-cocho-irene-mendes-jan-2023.jpg 1000w, http:\/\/www.emater.ro.gov.br\/ematerro\/wp-content\/uploads\/2023\/02\/20230201-silagem-no-cocho-irene-mendes-jan-2023-300x188.jpg 300w, http:\/\/www.emater.ro.gov.br\/ematerro\/wp-content\/uploads\/2023\/02\/20230201-silagem-no-cocho-irene-mendes-jan-2023-768x480.jpg 768w\" sizes=\"(max-width: 1000px) 100vw, 1000px\" \/><figcaption id=\"caption-attachment-12587\" class=\"wp-caption-text\">Fornecimento de silagem no cocho \u00e9 solu\u00e7\u00e3o para escassez de pastagem no per\u00edodo seco<\/figcaption><\/figure>\n<p style=\"text-align: center;\">\n<p>Os agricultores familiares rondonienses atendidos pela Entidade Aut\u00e1rquica de Assist\u00eancia T\u00e9cnica e Extens\u00e3o Rural do Estado de Rond\u00f4nia (Emater-RO), s\u00e3o orientados a aproveitar a abund\u00e2ncia de forragem produzida no per\u00edodo chuvoso para estocar alimentos de alto teor nutritivo para o rebanho, na forma de silagem, para fornecimento aos animais durante o per\u00edodo de escassez de pastagem. Essa pr\u00e1tica agr\u00edcola tem recebido ades\u00e3o de produtores de leite de todo o Estado, desde Cabixi, no cone sul, at\u00e9 o Distrito de Nova Calif\u00f3rnia, na divisa com o estado do Acre.<\/p>\n<p>Varias esp\u00e9cies de gram\u00edneas de porte alto se prestam \u00e0 produ\u00e7\u00e3o de silagem, a Emater-RO tem indicado especialmente a variedade BRS Capia\u00e7u, forrageira desenvolvida pela Empresa Brasileira de Pesquisa Agropecu\u00e1ria ( Embrapa), que produz at\u00e9 100 toneladas de massa verde por corte, e tem possibilidade de produ\u00e7\u00e3o de dois a cinco cortes por ano. Tamb\u00e9m, orienta a pr\u00e1tica tradicional de produ\u00e7\u00e3o da silagem de milho, que tem menor volume de massa, mas possui maior valor nutricional.<\/p>\n<p>No munic\u00edpio de Cabixi, no cone sul rondoniense, o produtor rural Ailton Lopes da Silveira orientado pelo extensionista Eliandro Perini est\u00e1 colhendo tr\u00eas hectares de milho para produ\u00e7\u00e3o de silagem, a expectativa dele \u00e9 produzir 130 toneladas de forragem para alimentar suas 20 vinte vacas leiteiras, e evitar quedas bruscas de produ\u00e7\u00e3o com a chegada do per\u00edodo seco e a escassez de pastagem verde. Com o fornecimento da silagem no cocho, o produtor pode manter est\u00e1vel a produ\u00e7\u00e3o m\u00e9dia de 140 litros de leite dia, durante todo o ano, diz Perini.<\/p>\n<figure id=\"attachment_12586\" aria-describedby=\"caption-attachment-12586\" style=\"width: 309px\" class=\"wp-caption alignright\"><img decoding=\"async\" loading=\"lazy\" class=\"wp-image-12586\" src=\"http:\/\/www.emater.ro.gov.br\/ematerro\/wp-content\/uploads\/2023\/02\/20230201-cipiau-irene-mendes-jan--2023.jpg\" alt=\"Cipia\u00e7u-Irene-Mendes-jan.-2023\" width=\"309\" height=\"193\" srcset=\"http:\/\/www.emater.ro.gov.br\/ematerro\/wp-content\/uploads\/2023\/02\/20230201-cipiau-irene-mendes-jan--2023.jpg 1000w, http:\/\/www.emater.ro.gov.br\/ematerro\/wp-content\/uploads\/2023\/02\/20230201-cipiau-irene-mendes-jan--2023-300x188.jpg 300w, http:\/\/www.emater.ro.gov.br\/ematerro\/wp-content\/uploads\/2023\/02\/20230201-cipiau-irene-mendes-jan--2023-768x480.jpg 768w\" sizes=\"(max-width: 309px) 100vw, 309px\" \/><figcaption id=\"caption-attachment-12586\" class=\"wp-caption-text\">Capia\u00e7u \u00e9 uma gram\u00ednea de crescimento r\u00e1pido que permite at\u00e9 cinco cortes por ano<\/figcaption><\/figure>\n<p>O governo de Rond\u00f4nia tem apoiado os produtores rurais com a\u00e7\u00f5es positivas, atrav\u00e9s do fornecimento de m\u00e1quinas e equipamentos para prefeituras municipais e associa\u00e7\u00f5es de agricultores, entregando os equipamentos em regime de comodato ou atrav\u00e9s de conv\u00eanios para fomentar a produ\u00e7\u00e3o rural, s\u00e3o m\u00e1quinas usadas no preparo do solo, como tratores e implementos, equipamentos para produ\u00e7\u00e3o de forragem, ensilagem e de processamento da produ\u00e7\u00e3o entre outros.<\/p>\n<p>A busca pela efici\u00eancia na produ\u00e7\u00e3o agropecu\u00e1ria n\u00e3o para, todos os anos s\u00e3o lan\u00e7ados novos programas e projetos para dinamizar a atividade. A pecu\u00e1ria leiteira, atividade rural que re\u00fane o maior numero de agricultores familiares no Estado, conta com o Fundo Proleite, mantido com um por cento da receita estadual sobre a produ\u00e7\u00e3o de leite comercializada pelos latic\u00ednios, e fomenta a atividade n\u00e3o apenas com a aquisi\u00e7\u00e3o de equipamentos, mas tamb\u00e9m com capacita\u00e7\u00f5es e a\u00e7\u00f5es de assist\u00eancia \u00e0 produ\u00e7\u00e3o.<\/p>\n<p>Os programas de melhoramento gen\u00e9tico, manejo de pastagens e produ\u00e7\u00e3o de silagem, contribu\u00edram para o aumento da produtividade m\u00e9dia de leite por vaca dia, de um pouco mais de tr\u00eas litros no inicio do Proleite para cinco litros e meio em 2022, segundo relat\u00f3rio da ger\u00eancia de planejamento da Emater-RO. Mesmo com todo esse esfor\u00e7o e bons resultados obtidos ainda \u00e9 necess\u00e1rio muito trabalho para melhorar a renda dos produtores e para isto j\u00e1 est\u00e1 em opera\u00e7\u00e3o o projeto Rufi\u00e3o, que vai melhorar a efici\u00eancia reprodutiva dos rebanhos<\/p>\n<p style=\"text-align: right;\"><em>Texto: Enoque de Oliveira<br \/>\n<\/em><\/p>\n<p style=\"text-align: right;\"><em>Fotos: Rainer Andrade<\/em><\/p>\n<p>&nbsp;<\/p>\n","protected":false},"excerpt":{"rendered":"<p>Os agricultores familiares rondonienses atendidos pela Entidade Aut\u00e1rquica de Assist\u00eancia T\u00e9cnica e Extens\u00e3o Rural do Estado de Rond\u00f4nia (Emater-RO), s\u00e3o orientados a aproveitar a abund\u00e2ncia de forragem produzida no per\u00edodo [&hellip;]<\/p>\n","protected":false},"author":8,"featured_media":12585,"comment_status":"closed","ping_status":"closed","sticky":false,"template":"","format":"standard","meta":[],"categories":[10,9,12],"tags":[184],"_links":{"self":[{"href":"http:\/\/www.emater.ro.gov.br\/ematerro\/wp-json\/wp\/v2\/posts\/12583"}],"collection":[{"href":"http:\/\/www.emater.ro.gov.br\/ematerro\/wp-json\/wp\/v2\/posts"}],"about":[{"href":"http:\/\/www.emater.ro.gov.br\/ematerro\/wp-json\/wp\/v2\/types\/post"}],"author":[{"embeddable":true,"href":"http:\/\/www.emater.ro.gov.br\/ematerro\/wp-json\/wp\/v2\/users\/8"}],"replies":[{"embeddable":true,"href":"http:\/\/www.emater.ro.gov.br\/ematerro\/wp-json\/wp\/v2\/comments?post=12583"}],"version-history":[{"count":3,"href":"http:\/\/www.emater.ro.gov.br\/ematerro\/wp-json\/wp\/v2\/posts\/12583\/revisions"}],"predecessor-version":[{"id":12589,"href":"http:\/\/www.emater.ro.gov.br\/ematerro\/wp-json\/wp\/v2\/posts\/12583\/revisions\/12589"}],"wp:featuredmedia":[{"embeddable":true,"href":"http:\/\/www.emater.ro.gov.br\/ematerro\/wp-json\/wp\/v2\/media\/12585"}],"wp:attachment":[{"href":"http:\/\/www.emater.ro.gov.br\/ematerro\/wp-json\/wp\/v2\/media?parent=12583"}],"wp:term":[{"taxonomy":"category","embeddable":true,"href":"http:\/\/www.emater.ro.gov.br\/ematerro\/wp-json\/wp\/v2\/categories?post=12583"},{"taxonomy":"post_tag","embeddable":true,"href":"http:\/\/www.emater.ro.gov.br\/ematerro\/wp-json\/wp\/v2\/tags?post=12583"}],"curies":[{"name":"wp","href":"https:\/\/api.w.org\/{rel}","templated":true}]}}