{"id":12568,"date":"2023-01-26T12:35:19","date_gmt":"2023-01-26T16:35:19","guid":{"rendered":"http:\/\/www.emater.ro.gov.br\/ematerro\/?p=12568"},"modified":"2023-01-26T12:44:47","modified_gmt":"2023-01-26T16:44:47","slug":"emater-ro-reune-seus-gerentes-alinhar-o-planejamento-para-2023","status":"publish","type":"post","link":"http:\/\/www.emater.ro.gov.br\/ematerro\/2023\/01\/26\/emater-ro-reune-seus-gerentes-alinhar-o-planejamento-para-2023\/","title":{"rendered":"Emater-RO Re\u00fane seus gerentes para alinhar o planejamento  2023"},"content":{"rendered":"<figure id=\"attachment_12570\" aria-describedby=\"caption-attachment-12570\" style=\"width: 1596px\" class=\"wp-caption alignnone\"><img decoding=\"async\" loading=\"lazy\" class=\"wp-image-12570 size-full\" src=\"http:\/\/www.emater.ro.gov.br\/ematerro\/wp-content\/uploads\/2023\/01\/20230126-reunio-gerentes-centrer-jan-2023-rayner-andrade.jpg\" alt=\"reuni\u00e3o gerentes centrer jan 2023 Rayner Andrade\" width=\"1596\" height=\"910\" srcset=\"http:\/\/www.emater.ro.gov.br\/ematerro\/wp-content\/uploads\/2023\/01\/20230126-reunio-gerentes-centrer-jan-2023-rayner-andrade.jpg 1596w, http:\/\/www.emater.ro.gov.br\/ematerro\/wp-content\/uploads\/2023\/01\/20230126-reunio-gerentes-centrer-jan-2023-rayner-andrade-300x171.jpg 300w, http:\/\/www.emater.ro.gov.br\/ematerro\/wp-content\/uploads\/2023\/01\/20230126-reunio-gerentes-centrer-jan-2023-rayner-andrade-768x438.jpg 768w, http:\/\/www.emater.ro.gov.br\/ematerro\/wp-content\/uploads\/2023\/01\/20230126-reunio-gerentes-centrer-jan-2023-rayner-andrade-1024x584.jpg 1024w\" sizes=\"(max-width: 1596px) 100vw, 1596px\" \/><figcaption id=\"caption-attachment-12570\" class=\"wp-caption-text\">Reuni\u00e3o de gerentes e dire\u00e7\u00e3o da Emater-RO para ajustar a\u00e7\u00f5es de assist\u00eancia t\u00e9cnica aos produtores rurais<\/figcaption><\/figure>\n<p style=\"text-align: right;\">A dire\u00e7\u00e3o da Entidade Aut\u00e1rquica de Assist\u00eancia T\u00e9cnica e Extens\u00e3o Rural do Estado de Rond\u00f4nia\u00a0 (Emater-RO) re\u00fane gerentes e supervisores de cada regi\u00e3o administrativa para avaliar resultados e desempenho da institui\u00e7\u00e3o no exerc\u00edcio de 2022 e ao mesmo tempo desenvolver estrat\u00e9gias atrav\u00e9s de metodologia participativa.\u00a0 Nesta quita feira a reuni\u00e3o acontece na regi\u00e3o central do estado no Centro de Treinamento da Autarquia em Ouro Preto do Oeste e tem como prioridade debater a\u00e7\u00f5es que atendam as diretrizes do governo do Estado para as principais cadeias produtivas, sem perder o foco na agricultura familiar.<\/p>\n<p>A dire\u00e7\u00e3o da autarquia e equipes de execu\u00e7\u00e3o das atividades de assist\u00eancia t\u00e9cnica e extens\u00e3o rural no campo, discutem o planejamento proposto para o ano de 2023, Proater 23, a fim de ajusta-lo aos m\u00e9todos e t\u00e9cnicas que melhor atende as determina\u00e7\u00f5es do governo, com o m\u00e1ximo de presen\u00e7a no campo com a\u00e7\u00f5es diretas de assist\u00eancia t\u00e9cnica, mas que tamb\u00e9m contemple atividades metodol\u00f3gicas de grande alcance p\u00fablico, que s\u00e3o t\u00e9cnicas pedag\u00f3gicas chamadas pelos extensionistas de metodologias grupais e ma\u00e7ais, s\u00e3o campanhas, dias de campo, semin\u00e1rios, e outras t\u00e9cnicas de grande alcance da popula\u00e7\u00e3o rural, inclusive o uso de meios digitais.<\/p>\n<p>Nos mesmos moldes desta reuni\u00e3o que acontece na regi\u00e3o central ser\u00e1 tamb\u00e9m realizada nas outras regi\u00f5es do Estado, diz a diretora t\u00e9cnica e de planejamento da Emater-RO Fabiana Bezerra. A Emater-RO adota uma linha de trabalho que prioriza as importantes cadeias produtivas que caracterizam a produ\u00e7\u00e3o rural Rodoniense, na regi\u00e3o central por exemplo dedica-se especial aten\u00e7\u00e3o \u00e0 cafeicultura e bovinocultura de leite, sem jamais esquecer a piscicultura, produ\u00e7\u00e3o de gr\u00e3os, e as produ\u00e7\u00f5es hortifrutigranjeiras.<\/p>\n<p>\u00c9 determina\u00e7\u00e3o do governador Marcos Rocha a manuten\u00e7\u00e3o do servi\u00e7o de assist\u00eancia t\u00e9cnica publico e gratuito, que atenda e capacite, sobretudo os agricultores familiares, que representam mais de noventa por cento dos produtores rurais de Rond\u00f4nia, e s\u00e3o respons\u00e1veis pelo bom desempenho econ\u00f4mico nas diversas cadeias produtivas, que colocam Rond\u00f4nia em destaque nacional, como maior produtor de peixes nativos, maior produtor de leite e queijos na regi\u00e3o norte, e figurar entre os principais exportadores de prote\u00edna animal do Pa\u00eds.<\/p>\n<p><span style=\"color: #0000ff;\">Texto: Enoque de Oliveira<\/span><br \/>\n<span style=\"color: #0000ff;\">Fotos: Rayne Andrade<\/span><br \/>\n<span style=\"color: #0000ff;\">Ascom Emater-RO<\/span><\/p>\n","protected":false},"excerpt":{"rendered":"<p>A dire\u00e7\u00e3o da Entidade Aut\u00e1rquica de Assist\u00eancia T\u00e9cnica e Extens\u00e3o Rural do Estado de Rond\u00f4nia\u00a0 (Emater-RO) re\u00fane gerentes e supervisores de cada regi\u00e3o administrativa para avaliar resultados e desempenho da [&hellip;]<\/p>\n","protected":false},"author":8,"featured_media":12569,"comment_status":"closed","ping_status":"closed","sticky":false,"template":"","format":"standard","meta":[],"categories":[502,10,9,12],"tags":[135],"_links":{"self":[{"href":"http:\/\/www.emater.ro.gov.br\/ematerro\/wp-json\/wp\/v2\/posts\/12568"}],"collection":[{"href":"http:\/\/www.emater.ro.gov.br\/ematerro\/wp-json\/wp\/v2\/posts"}],"about":[{"href":"http:\/\/www.emater.ro.gov.br\/ematerro\/wp-json\/wp\/v2\/types\/post"}],"author":[{"embeddable":true,"href":"http:\/\/www.emater.ro.gov.br\/ematerro\/wp-json\/wp\/v2\/users\/8"}],"replies":[{"embeddable":true,"href":"http:\/\/www.emater.ro.gov.br\/ematerro\/wp-json\/wp\/v2\/comments?post=12568"}],"version-history":[{"count":2,"href":"http:\/\/www.emater.ro.gov.br\/ematerro\/wp-json\/wp\/v2\/posts\/12568\/revisions"}],"predecessor-version":[{"id":12572,"href":"http:\/\/www.emater.ro.gov.br\/ematerro\/wp-json\/wp\/v2\/posts\/12568\/revisions\/12572"}],"wp:featuredmedia":[{"embeddable":true,"href":"http:\/\/www.emater.ro.gov.br\/ematerro\/wp-json\/wp\/v2\/media\/12569"}],"wp:attachment":[{"href":"http:\/\/www.emater.ro.gov.br\/ematerro\/wp-json\/wp\/v2\/media?parent=12568"}],"wp:term":[{"taxonomy":"category","embeddable":true,"href":"http:\/\/www.emater.ro.gov.br\/ematerro\/wp-json\/wp\/v2\/categories?post=12568"},{"taxonomy":"post_tag","embeddable":true,"href":"http:\/\/www.emater.ro.gov.br\/ematerro\/wp-json\/wp\/v2\/tags?post=12568"}],"curies":[{"name":"wp","href":"https:\/\/api.w.org\/{rel}","templated":true}]}}