{"id":12287,"date":"2022-11-04T08:03:06","date_gmt":"2022-11-04T12:03:06","guid":{"rendered":"http:\/\/www.emater.ro.gov.br\/ematerro\/?p=12287"},"modified":"2022-11-18T12:30:51","modified_gmt":"2022-11-18T16:30:51","slug":"setembro-amarelo-destaca-importancia-da-escolha-pela-vida","status":"publish","type":"post","link":"http:\/\/www.emater.ro.gov.br\/ematerro\/2022\/11\/04\/setembro-amarelo-destaca-importancia-da-escolha-pela-vida\/","title":{"rendered":"Setembro amarelo destaca import\u00e2ncia da escolha pela vida"},"content":{"rendered":"<figure id=\"attachment_12288\" aria-describedby=\"caption-attachment-12288\" style=\"width: 500px\" class=\"wp-caption alignleft\"><img decoding=\"async\" loading=\"lazy\" class=\"wp-image-12288\" src=\"http:\/\/www.emater.ro.gov.br\/ematerro\/wp-content\/uploads\/2022\/11\/20221104-palestra-setembro-amarelo.jpeg\" alt=\" A atividade foi realizada por interm\u00e9dio de plataforma virtual.\" width=\"500\" height=\"500\" srcset=\"http:\/\/www.emater.ro.gov.br\/ematerro\/wp-content\/uploads\/2022\/11\/20221104-palestra-setembro-amarelo.jpeg 1280w, http:\/\/www.emater.ro.gov.br\/ematerro\/wp-content\/uploads\/2022\/11\/20221104-palestra-setembro-amarelo-150x150.jpeg 150w, http:\/\/www.emater.ro.gov.br\/ematerro\/wp-content\/uploads\/2022\/11\/20221104-palestra-setembro-amarelo-300x300.jpeg 300w, http:\/\/www.emater.ro.gov.br\/ematerro\/wp-content\/uploads\/2022\/11\/20221104-palestra-setembro-amarelo-768x767.jpeg 768w, http:\/\/www.emater.ro.gov.br\/ematerro\/wp-content\/uploads\/2022\/11\/20221104-palestra-setembro-amarelo-1024x1024.jpeg 1024w\" sizes=\"(max-width: 500px) 100vw, 500px\" \/><figcaption id=\"caption-attachment-12288\" class=\"wp-caption-text\"><em>A atividade foi realizada por interm\u00e9dio de plataforma virtual.<\/em><\/figcaption><\/figure>\n<p>Em tempos de globaliza\u00e7\u00e3o e modernidade, quadros de depress\u00e3o e ansiedade s\u00e3o cada vez mais comuns tanto no meio familiar como no trabalho. A preocupa\u00e7\u00e3o com o bem estar emocional e a oportunidade de discutir um tema t\u00e3o complexo como o suic\u00eddio trouxe a necessidade de incentivar campanhas que valorizem a vida de cada um. E foi nessa perspectiva que a Entidade Aut\u00e1rquica de Assist\u00eancia T\u00e9cnica e Extens\u00e3o Rural (Emater-RO) realizou, neste dia 16, um meeting sobre a campanha Setembro Amarelo.<\/p>\n<p>A atividade foi realizada por interm\u00e9dio de plataforma virtual, a atividade promoveu uma conversa em prol da vida com os extensionistas da Emater-RO. Cerca de 60 pessoas de todo o estado participaram ativamente trocando informa\u00e7\u00f5es e buscando dentro de si, os caminhos que levam ao respeito por si mesmo.<\/p>\n<p>A psic\u00f3loga Elizeth Gon\u00e7alves, da Secretaria de Estado de Obras e Servi\u00e7os (Seosp), que conduziu a atividade, trouxe dados que merecem aten\u00e7\u00e3o. Segundo a especialista, que atua h\u00e1 19 anos na \u00e1rea, a cada 45 minutos a vida de uma pessoa que est\u00e1 em sofrimento psicol\u00f3gico ou passando por transtornos mental, termina. Por ano, s\u00e3o 800 mil vidas, um n\u00famero bastante elevado, e \u201csetembro amarelo\u201d \u00e9 uma grande oportunidade para se falar daquilo d\u00f3i, que incomoda.<\/p>\n<p>Mesmo sendo uma atividade virtual, os extensionistas da Emater-RO conseguiram passar por din\u00e2micas que demonstraram a import\u00e2ncia de se estar atento \u00e0s suas necessidades e \u00e0s necessidades do outro. Atrav\u00e9s de um barco de papel, onde cada participante fez o seu, Elizeth mostrou como o ser humano vai passando pela vida e encontrando situa\u00e7\u00f5es de dor e desespero que tiram sua estabilidade. \u201cQuando as pessoas entendem o que acontece, vai ressignificando suas perdas, e a vida continua&#8221;, explica a psic\u00f3loga, dizendo que a escolha pela vida \u00e9 muito importante.<\/p>\n<p>Com o advento da pandemia do coronav\u00edrus \/(covid-19), os problemas de ansiedade e depress\u00e3o ficaram muito evidentes e muitas pessoas n\u00e3o conseguiram sair dessa situa\u00e7\u00e3o. O alerta \u00e9 muito importante para que as pessoas abram seus olhos e come\u00e7am a enxergar que h\u00e1, sim uma sa\u00edda.<\/p>\n<p>A campanha Setembro Amarelo traz uma reflex\u00e3o sobre os dias de hoje e busca conscientizar a popula\u00e7\u00e3o no combate ao suic\u00eddio. Este ano ela traz a mensagem \u201cA vida \u00e9 a melhor escolha\u201d, buscando uma maior valoriza\u00e7\u00e3o da vida como forma de sair desse buraco, que pra muita gente \u00e9 profundo.<\/p>\n<p>A psic\u00f3loga explica que o que d\u00e1 sentido ao trabalho \u00e9 o que a pessoa \u00e9, fazendo o que faz e n\u00e3o o que ela faz, n\u00e3o \u00e9 a prova de produtividade e efici\u00eancia. \u201cAs pessoas podem ser cru\u00e9is com voc\u00ea, mas ningu\u00e9m ser\u00e1 mais cruel com voc\u00ea do que voc\u00ea mesma\u201d.<\/p>\n<p>Muitas pessoas n\u00e3o conseguem ver isso, n\u00e3o conseguem perceber o que est\u00e1 passando e o setembro amarelo vem para trazer esse alerta e inserir nas pessoas a necessidade de se estar sempre olhando para si mesma e para o colega de trabalho.<\/p>\n<p>O assunto \u201csuic\u00eddio\u201d ainda \u00e9 um assunto envolto a tabus e preconceito, mas \u00e9 preciso sobre o mesmo, pois \u00e9 uma forma de entender quem passa por situa\u00e7\u00f5es que levam \u00e0 essa ideia, identificar quem s\u00e3o essas pessoas e encontrar oportunidades para ajud\u00e1-las.<\/p>\n<h6 style=\"text-align: right;\"><em><span style=\"color: #008080;\">Texto: Wania Ressutti<\/span><\/em><br \/>\n<em><span style=\"color: #008080;\">Jornalista \u2013 MTE-1744\/RO<\/span><\/em><br \/>\n<em><span style=\"color: #008080;\">EMATER-RO<\/span><\/em><\/h6>\n","protected":false},"excerpt":{"rendered":"<p>Em tempos de globaliza\u00e7\u00e3o e modernidade, quadros de depress\u00e3o e ansiedade s\u00e3o cada vez mais comuns tanto no meio familiar como no trabalho. A preocupa\u00e7\u00e3o com o bem estar emocional [&hellip;]<\/p>\n","protected":false},"author":9,"featured_media":12289,"comment_status":"closed","ping_status":"closed","sticky":false,"template":"","format":"standard","meta":[],"categories":[9,12],"tags":[],"_links":{"self":[{"href":"http:\/\/www.emater.ro.gov.br\/ematerro\/wp-json\/wp\/v2\/posts\/12287"}],"collection":[{"href":"http:\/\/www.emater.ro.gov.br\/ematerro\/wp-json\/wp\/v2\/posts"}],"about":[{"href":"http:\/\/www.emater.ro.gov.br\/ematerro\/wp-json\/wp\/v2\/types\/post"}],"author":[{"embeddable":true,"href":"http:\/\/www.emater.ro.gov.br\/ematerro\/wp-json\/wp\/v2\/users\/9"}],"replies":[{"embeddable":true,"href":"http:\/\/www.emater.ro.gov.br\/ematerro\/wp-json\/wp\/v2\/comments?post=12287"}],"version-history":[{"count":2,"href":"http:\/\/www.emater.ro.gov.br\/ematerro\/wp-json\/wp\/v2\/posts\/12287\/revisions"}],"predecessor-version":[{"id":12359,"href":"http:\/\/www.emater.ro.gov.br\/ematerro\/wp-json\/wp\/v2\/posts\/12287\/revisions\/12359"}],"wp:featuredmedia":[{"embeddable":true,"href":"http:\/\/www.emater.ro.gov.br\/ematerro\/wp-json\/wp\/v2\/media\/12289"}],"wp:attachment":[{"href":"http:\/\/www.emater.ro.gov.br\/ematerro\/wp-json\/wp\/v2\/media?parent=12287"}],"wp:term":[{"taxonomy":"category","embeddable":true,"href":"http:\/\/www.emater.ro.gov.br\/ematerro\/wp-json\/wp\/v2\/categories?post=12287"},{"taxonomy":"post_tag","embeddable":true,"href":"http:\/\/www.emater.ro.gov.br\/ematerro\/wp-json\/wp\/v2\/tags?post=12287"}],"curies":[{"name":"wp","href":"https:\/\/api.w.org\/{rel}","templated":true}]}}