{"id":12235,"date":"2022-11-04T07:53:46","date_gmt":"2022-11-04T11:53:46","guid":{"rendered":"http:\/\/www.emater.ro.gov.br\/ematerro\/?p=12235"},"modified":"2022-11-04T07:53:46","modified_gmt":"2022-11-04T11:53:46","slug":"capacitacao-visa-adequacao-a-nr31-e-uso-correto-de-defensivo-agricola","status":"publish","type":"post","link":"http:\/\/www.emater.ro.gov.br\/ematerro\/2022\/11\/04\/capacitacao-visa-adequacao-a-nr31-e-uso-correto-de-defensivo-agricola\/","title":{"rendered":"Capacita\u00e7\u00e3o visa adequa\u00e7\u00e3o \u00e0 NR31 e uso correto de defensivo agr\u00edcola"},"content":{"rendered":"<figure id=\"attachment_12236\" aria-describedby=\"caption-attachment-12236\" style=\"width: 1024px\" class=\"wp-caption aligncenter\"><img decoding=\"async\" loading=\"lazy\" class=\"wp-image-12236 size-large\" src=\"http:\/\/www.emater.ro.gov.br\/ematerro\/wp-content\/uploads\/2022\/07\/20220720-curso-agrotoxico-nr31-centrer-5-15julho2022_robson-paiva-1024x640.jpg\" alt=\"Aplica\u00e7\u00e3o sustent\u00e1vel sem preju\u00edzos ao ser humano e ao meio ambiente.\" width=\"1024\" height=\"640\" srcset=\"http:\/\/www.emater.ro.gov.br\/ematerro\/wp-content\/uploads\/2022\/07\/20220720-curso-agrotoxico-nr31-centrer-5-15julho2022_robson-paiva-1024x640.jpg 1024w, http:\/\/www.emater.ro.gov.br\/ematerro\/wp-content\/uploads\/2022\/07\/20220720-curso-agrotoxico-nr31-centrer-5-15julho2022_robson-paiva-300x188.jpg 300w, http:\/\/www.emater.ro.gov.br\/ematerro\/wp-content\/uploads\/2022\/07\/20220720-curso-agrotoxico-nr31-centrer-5-15julho2022_robson-paiva-768x480.jpg 768w\" sizes=\"(max-width: 1024px) 100vw, 1024px\" \/><figcaption id=\"caption-attachment-12236\" class=\"wp-caption-text\"><em>Aplica\u00e7\u00e3o sustent\u00e1vel sem preju\u00edzos ao ser humano e ao meio ambiente.<\/em><\/figcaption><\/figure>\n<p>Extensionistas rurais de Rond\u00f4nia est\u00e3o sendo capacitados para levarem \u00e0s fam\u00edlias do campo mais seguran\u00e7a na aplica\u00e7\u00e3o de agroqu\u00edmicos.\u00a0 A atividade traz as orienta\u00e7\u00f5es contidas na Norma Regulamentadora 31 ( NR 31), que estabelece regras relacionadas \u00e0 sa\u00fade e seguran\u00e7a em atividades agr\u00edcolas.<\/p>\n<p>O uso de agroqu\u00edmicos, tamb\u00e9m conhecido como defensivos agr\u00edcolas, quando utilizado de forma racional, traz grandes benef\u00edcios para a sa\u00fade da lavoura, controlando as pragas e doen\u00e7as que prejudicam as plantas. Seu uso permite a sustentabilidade da produ\u00e7\u00e3o agr\u00edcola, garantido a qualidade do alimento produzido.<\/p>\n<p>A NR 31, criada em 2005, detalhas as regras que todos os produtores devem seguir\u00a0 a fim de garantir a sua sa\u00fade e seguran\u00e7a que v\u00e3o desde o armazenamento at\u00e9 o uso de equipamentos de prote\u00e7\u00e3o individua (EPI\u2019s), transporte, manipula\u00e7\u00e3o e aplica\u00e7\u00e3o de produtos agroqu\u00edmicos. Dados da Emater-RO apontam que\u00a0 j\u00e1 houve muitos problemas no campo com produtor se contaminado, derramando produto sobre ele e a proposta \u00e9 levar o conhecimento para que eles n\u00e3o se contaminem mais.<\/p>\n<figure id=\"attachment_12238\" aria-describedby=\"caption-attachment-12238\" style=\"width: 450px\" class=\"wp-caption alignleft\"><img decoding=\"async\" loading=\"lazy\" class=\"wp-image-12238\" src=\"http:\/\/www.emater.ro.gov.br\/ematerro\/wp-content\/uploads\/2022\/07\/20220720-curso-agrotoxico-nr31-centrer-9-15julho2022_robson-paiva.jpg\" alt=\"As orienta\u00e7\u00f5es ser\u00e3o repassadas aos agricultores familiares ampliando a seguran\u00e7a no campo com consci\u00eancia, e responsabilidade.\" width=\"450\" height=\"281\" srcset=\"http:\/\/www.emater.ro.gov.br\/ematerro\/wp-content\/uploads\/2022\/07\/20220720-curso-agrotoxico-nr31-centrer-9-15julho2022_robson-paiva.jpg 3447w, http:\/\/www.emater.ro.gov.br\/ematerro\/wp-content\/uploads\/2022\/07\/20220720-curso-agrotoxico-nr31-centrer-9-15julho2022_robson-paiva-300x187.jpg 300w, http:\/\/www.emater.ro.gov.br\/ematerro\/wp-content\/uploads\/2022\/07\/20220720-curso-agrotoxico-nr31-centrer-9-15julho2022_robson-paiva-768x480.jpg 768w, http:\/\/www.emater.ro.gov.br\/ematerro\/wp-content\/uploads\/2022\/07\/20220720-curso-agrotoxico-nr31-centrer-9-15julho2022_robson-paiva-1024x640.jpg 1024w\" sizes=\"(max-width: 450px) 100vw, 450px\" \/><figcaption id=\"caption-attachment-12238\" class=\"wp-caption-text\"><em>As orienta\u00e7\u00f5es ser\u00e3o repassadas aos agricultores familiares ampliando a seguran\u00e7a no campo com consci\u00eancia, e responsabilidade.<\/em><\/figcaption><\/figure>\n<p>A capacita\u00e7\u00e3o realizada no centro de Treinamento da Emater-RO, em Ouro Preto do Oeste, reuniu engenheiros agr\u00f4nomos e profissionais que atuam diretamente com as fam\u00edlias rurais, para adequar as exig\u00eancias da NR 31 \u00e0 realidade de Rond\u00f4nia. Al\u00e9m de atender a NR31, essa capacita\u00e7\u00e3o visa orientar os produtores familiares a fazer uma aplica\u00e7\u00e3o sustent\u00e1vel sem preju\u00edzos ao ser humano e ao meio ambiente, da maneira mais sustent\u00e1vel poss\u00edvel\u201d explica Ednei Leandro da Vit\u00f3ria, professor da Universidade Federal do Esp\u00edrito Santo p\u00f3s-graduado em agricultura tropical voltada para aplica\u00e7\u00e3o de defensivos agr\u00edcolas.<\/p>\n<p>Um dos objetivos da capacita\u00e7\u00e3o \u00e9 discutir a adequa\u00e7\u00e3o das normas estabelecidas na NR 31 voltadas para a lavoura do caf\u00e9, produto com grande representa\u00e7\u00e3o na economia do estado e que vem ganhando cada vez mais a ades\u00e3o de produtores da agricultura familiar. Essa capacita\u00e7\u00e3o vem somar com o desenvolvimento da cultura cafeeira no estado, j\u00e1 que o caf\u00e9 de Rond\u00f4nia possui uma identifica\u00e7\u00e3o geogr\u00e1fica, chamada de IG, que est\u00e1 totalmente ligada a quest\u00e3o da sustentabilidade e o curso focar\u00e1 em no\u00e7\u00f5es de aplica\u00e7\u00e3o consciente e uso respons\u00e1vel de agrot\u00f3xico.<\/p>\n<p>Ap\u00f3s a capacita\u00e7\u00e3o t\u00e9cnica na pr\u00e1tica e adequa\u00e7\u00e3o da NR 31, as orienta\u00e7\u00f5es dever\u00e3o ser repassadas aos agricultores familiares ampliando a seguran\u00e7a no campo com consci\u00eancia, e responsabilidade.<\/p>\n<p style=\"text-align: right;\"><em><span style=\"color: #008000;\">Texto: Wania Ressutti<\/span><\/em><br \/>\n<em> <span style=\"color: #008000;\">Jornalista \u2013 MTE-1744\/RO<\/span><\/em><br \/>\n<em> <span style=\"color: #008000;\">Fotos: Robson Paiva<\/span><\/em><br \/>\n<em> <span style=\"color: #008000;\">Rep\u00f3rter fotogr\u00e1fico \u2013 MTE-1337\/RO<\/span><\/em><br \/>\n<em> <span style=\"color: #008000;\">EMATER-RO<\/span><\/em><\/p>\n","protected":false},"excerpt":{"rendered":"<p>Extensionistas rurais de Rond\u00f4nia est\u00e3o sendo capacitados para levarem \u00e0s fam\u00edlias do campo mais seguran\u00e7a na aplica\u00e7\u00e3o de agroqu\u00edmicos.\u00a0 A atividade traz as orienta\u00e7\u00f5es contidas na Norma Regulamentadora 31 ( [&hellip;]<\/p>\n","protected":false},"author":9,"featured_media":12237,"comment_status":"closed","ping_status":"closed","sticky":false,"template":"","format":"standard","meta":[],"categories":[10,9,12],"tags":[],"_links":{"self":[{"href":"http:\/\/www.emater.ro.gov.br\/ematerro\/wp-json\/wp\/v2\/posts\/12235"}],"collection":[{"href":"http:\/\/www.emater.ro.gov.br\/ematerro\/wp-json\/wp\/v2\/posts"}],"about":[{"href":"http:\/\/www.emater.ro.gov.br\/ematerro\/wp-json\/wp\/v2\/types\/post"}],"author":[{"embeddable":true,"href":"http:\/\/www.emater.ro.gov.br\/ematerro\/wp-json\/wp\/v2\/users\/9"}],"replies":[{"embeddable":true,"href":"http:\/\/www.emater.ro.gov.br\/ematerro\/wp-json\/wp\/v2\/comments?post=12235"}],"version-history":[{"count":3,"href":"http:\/\/www.emater.ro.gov.br\/ematerro\/wp-json\/wp\/v2\/posts\/12235\/revisions"}],"predecessor-version":[{"id":12243,"href":"http:\/\/www.emater.ro.gov.br\/ematerro\/wp-json\/wp\/v2\/posts\/12235\/revisions\/12243"}],"wp:featuredmedia":[{"embeddable":true,"href":"http:\/\/www.emater.ro.gov.br\/ematerro\/wp-json\/wp\/v2\/media\/12237"}],"wp:attachment":[{"href":"http:\/\/www.emater.ro.gov.br\/ematerro\/wp-json\/wp\/v2\/media?parent=12235"}],"wp:term":[{"taxonomy":"category","embeddable":true,"href":"http:\/\/www.emater.ro.gov.br\/ematerro\/wp-json\/wp\/v2\/categories?post=12235"},{"taxonomy":"post_tag","embeddable":true,"href":"http:\/\/www.emater.ro.gov.br\/ematerro\/wp-json\/wp\/v2\/tags?post=12235"}],"curies":[{"name":"wp","href":"https:\/\/api.w.org\/{rel}","templated":true}]}}