{"id":12099,"date":"2022-06-17T10:28:18","date_gmt":"2022-06-17T14:28:18","guid":{"rendered":"http:\/\/www.emater.ro.gov.br\/ematerro\/?p=12099"},"modified":"2022-06-20T10:50:44","modified_gmt":"2022-06-20T14:50:44","slug":"novas-tecnologias-empolgam-cafeicultores-em-alto-paraiso","status":"publish","type":"post","link":"http:\/\/www.emater.ro.gov.br\/ematerro\/2022\/06\/17\/novas-tecnologias-empolgam-cafeicultores-em-alto-paraiso\/","title":{"rendered":"Novas tecnologias incentivam cafeicultores da regi\u00e3o de Alto Para\u00edso"},"content":{"rendered":"<figure id=\"attachment_12100\" aria-describedby=\"caption-attachment-12100\" style=\"width: 1280px\" class=\"wp-caption aligncenter\"><img decoding=\"async\" loading=\"lazy\" class=\"size-full wp-image-12100\" src=\"http:\/\/www.emater.ro.gov.br\/ematerro\/wp-content\/uploads\/2022\/06\/20220617-06jun2022-15-dc-cafe-alto-paraiso-robson-paiva-6.jpg\" alt=\"Empolgado com o resultado obtido com caf\u00e9 clonal, Jos\u00e9 Maria investiu no plantio de mais cinco mil p\u00e9s no ano seguinte e j\u00e1 prepara novos clones.\" width=\"1280\" height=\"800\" srcset=\"http:\/\/www.emater.ro.gov.br\/ematerro\/wp-content\/uploads\/2022\/06\/20220617-06jun2022-15-dc-cafe-alto-paraiso-robson-paiva-6.jpg 1280w, http:\/\/www.emater.ro.gov.br\/ematerro\/wp-content\/uploads\/2022\/06\/20220617-06jun2022-15-dc-cafe-alto-paraiso-robson-paiva-6-300x188.jpg 300w, http:\/\/www.emater.ro.gov.br\/ematerro\/wp-content\/uploads\/2022\/06\/20220617-06jun2022-15-dc-cafe-alto-paraiso-robson-paiva-6-768x480.jpg 768w, http:\/\/www.emater.ro.gov.br\/ematerro\/wp-content\/uploads\/2022\/06\/20220617-06jun2022-15-dc-cafe-alto-paraiso-robson-paiva-6-1024x640.jpg 1024w\" sizes=\"(max-width: 1280px) 100vw, 1280px\" \/><figcaption id=\"caption-attachment-12100\" class=\"wp-caption-text\"><em>Empolgado com o resultado obtido com caf\u00e9 clonal, Jos\u00e9 Maria investiu no plantio de mais cinco mil p\u00e9s no ano seguinte e j\u00e1 prepara novos clones.<\/em><\/figcaption><\/figure>\n<p>Agricultores do munic\u00edpio de Alto Para\u00edso assistidos pela Entidade Aut\u00e1rquica de Assist\u00eancia T\u00e9cnica e Extens\u00e3o Rural de Rond\u00f4nia (Emater-RO) participaram de um dia de campo para conhecer as novas tecnologias introduzidas pelos t\u00e9cnicos na lavoura de caf\u00e9 do agricultor Jos\u00e9 Maria Rodrigues. Ele e sua esposa, Maria Helena, cultivam dez mil plantas de caf\u00e9 clonal e obtiveram resultados excepcionais em rela\u00e7\u00e3o \u00e0 m\u00e9dia de produtividade das lavouras tradicionais da regi\u00e3o. \u201cParte da colheita ainda est\u00e1 no terreiro secando, mas se confirmando na balan\u00e7a, as medidas de volume j\u00e1 realizadas, a produtividade m\u00e9dia passar\u00e1 de 170 sacas de caf\u00e9 beneficiado por hectare\u201d, garante a engenheira agr\u00f4noma da Emater-RO, Rosangela Veiga, respons\u00e1vel t\u00e9cnica pela propriedade.<\/p>\n<p>O casal Rodrigues foi assentado na propriedade em 1977, pelo Instituto de Coloniza\u00e7\u00e3o e Reforma Agr\u00e1ria (Incra), e desde \u00e0quela \u00e9poca se dedica ao cultivo do caf\u00e9. J\u00e1 chegaram a ter mais de cinquenta mil p\u00e9s de caf\u00e9 plantados, mas devido as crises de pre\u00e7o, dificuldades com m\u00e3o de obra e as baixas produtividades acarretadas pela defici\u00eancia de tecnologia, diminu\u00edram a lavoura e estavam a ponto de mudar de ramo quando, em visita \u00e0 propriedade, a extensionista da Emater-RO prop\u00f4s a introdu\u00e7\u00e3o de clones em substitui\u00e7\u00e3o as lavouras convencionais.<\/p>\n<figure id=\"attachment_12102\" aria-describedby=\"caption-attachment-12102\" style=\"width: 400px\" class=\"wp-caption alignleft\"><img decoding=\"async\" loading=\"lazy\" class=\"wp-image-12102\" src=\"http:\/\/www.emater.ro.gov.br\/ematerro\/wp-content\/uploads\/2022\/06\/20220617-06jun2022-15-dc-cafe-alto-paraiso-robson-paiva-3.jpg\" alt=\"Os participantes ficaram empolgados com o resultado obtido ap\u00f3s a aplica\u00e7\u00e3o da tecnologia orientada pelos extensionistas. \" width=\"400\" height=\"250\" srcset=\"http:\/\/www.emater.ro.gov.br\/ematerro\/wp-content\/uploads\/2022\/06\/20220617-06jun2022-15-dc-cafe-alto-paraiso-robson-paiva-3.jpg 1280w, http:\/\/www.emater.ro.gov.br\/ematerro\/wp-content\/uploads\/2022\/06\/20220617-06jun2022-15-dc-cafe-alto-paraiso-robson-paiva-3-300x188.jpg 300w, http:\/\/www.emater.ro.gov.br\/ematerro\/wp-content\/uploads\/2022\/06\/20220617-06jun2022-15-dc-cafe-alto-paraiso-robson-paiva-3-768x480.jpg 768w, http:\/\/www.emater.ro.gov.br\/ematerro\/wp-content\/uploads\/2022\/06\/20220617-06jun2022-15-dc-cafe-alto-paraiso-robson-paiva-3-1024x640.jpg 1024w\" sizes=\"(max-width: 400px) 100vw, 400px\" \/><figcaption id=\"caption-attachment-12102\" class=\"wp-caption-text\"><em>Os participantes ficaram empolgados com o resultado obtido ap\u00f3s a aplica\u00e7\u00e3o da tecnologia orientada pelos extensionistas.<\/em><\/figcaption><\/figure>\n<p>O casal aceitou o desafio e plantou as primeiras cinco mil plantas origin\u00e1rias de clones que foram conduzidas com todos os tratos culturais orientados pela agr\u00f4noma, inclusive irriga\u00e7\u00e3o por micro jato dirigido. O resultado no crescimento das plantas foi t\u00e3o bom que resolveram plantar mais cinco mil p\u00e9s de caf\u00e9 clonal j\u00e1 no ano seguinte.<\/p>\n<p>A fam\u00edlia ainda possui 15 mil plantas de caf\u00e9 em cultivo convencional que, segundo Jos\u00e9 Maria, s\u00f3 n\u00e3o foi erradicada porque ele ainda est\u00e1 selecionando as plantas mais produtivas e resistentes para fazer novos clones. A satisfa\u00e7\u00e3o do agricultor pode ser percebida quando ele diz ter certeza de uma coisa: vai continuar produzindo caf\u00e9, mas \u201cdoravante s\u00f3 com tecnologia e assist\u00eancia da Emater-RO\u201d. afirma.<\/p>\n<p>O dia de campo contou com a presen\u00e7a de, aproximadamente, 90 agricultores familiares da vizinhan\u00e7a e linha circunvizinhas, que ficaram empolgados com o resultado obtido ap\u00f3s a aplica\u00e7\u00e3o da tecnologia orientada pelos extensionistas.<\/p>\n<p>Tamb\u00e9m participaram do evento autoridades locais que elogiaram o trabalho e agradeceram aos t\u00e9cnicos dos diferentes \u00f3rg\u00e3os que atuam no munic\u00edpio, como: Prefeitura de Alto Para\u00edso, por meio da Secretaria Municipal de Agricultura, e governo estadual, por meio da Secretaria de Estado da Agricultura (Seagri) e Emater-RO.<\/p>\n<p>A atividade contou ainda com o apoio de empresas parceiras e fornecedores de insumo da regi\u00e3o que patrocinaram os brindes que inclu\u00edam sacas de adubos e at\u00e9 projetos de outorga de \u00e1gua para irriga\u00e7\u00e3o junto ao \u00f3rg\u00e3o ambiental, sorteados entre os participantes.<\/p>\n<p>O evento foi encerrado com um almo\u00e7o oferecido pela dona da casa a todos que se fizeram presentes.<\/p>\n<p style=\"text-align: right;\"><span style=\"color: #008000;\"><em>Texto: Enoque de Oliveira<\/em><\/span><br \/>\n<span style=\"color: #008000;\"><em>Fotos: Robson Paiva<\/em><\/span><br \/>\n<span style=\"color: #008000;\"><em>EMATER-RO<\/em><\/span><\/p>\n","protected":false},"excerpt":{"rendered":"<p>Agricultores do munic\u00edpio de Alto Para\u00edso assistidos pela Entidade Aut\u00e1rquica de Assist\u00eancia T\u00e9cnica e Extens\u00e3o Rural de Rond\u00f4nia (Emater-RO) participaram de um dia de campo para conhecer as novas tecnologias [&hellip;]<\/p>\n","protected":false},"author":9,"featured_media":12101,"comment_status":"closed","ping_status":"closed","sticky":false,"template":"","format":"standard","meta":[],"categories":[10,9,12],"tags":[151,65,176,45],"_links":{"self":[{"href":"http:\/\/www.emater.ro.gov.br\/ematerro\/wp-json\/wp\/v2\/posts\/12099"}],"collection":[{"href":"http:\/\/www.emater.ro.gov.br\/ematerro\/wp-json\/wp\/v2\/posts"}],"about":[{"href":"http:\/\/www.emater.ro.gov.br\/ematerro\/wp-json\/wp\/v2\/types\/post"}],"author":[{"embeddable":true,"href":"http:\/\/www.emater.ro.gov.br\/ematerro\/wp-json\/wp\/v2\/users\/9"}],"replies":[{"embeddable":true,"href":"http:\/\/www.emater.ro.gov.br\/ematerro\/wp-json\/wp\/v2\/comments?post=12099"}],"version-history":[{"count":2,"href":"http:\/\/www.emater.ro.gov.br\/ematerro\/wp-json\/wp\/v2\/posts\/12099\/revisions"}],"predecessor-version":[{"id":12104,"href":"http:\/\/www.emater.ro.gov.br\/ematerro\/wp-json\/wp\/v2\/posts\/12099\/revisions\/12104"}],"wp:featuredmedia":[{"embeddable":true,"href":"http:\/\/www.emater.ro.gov.br\/ematerro\/wp-json\/wp\/v2\/media\/12101"}],"wp:attachment":[{"href":"http:\/\/www.emater.ro.gov.br\/ematerro\/wp-json\/wp\/v2\/media?parent=12099"}],"wp:term":[{"taxonomy":"category","embeddable":true,"href":"http:\/\/www.emater.ro.gov.br\/ematerro\/wp-json\/wp\/v2\/categories?post=12099"},{"taxonomy":"post_tag","embeddable":true,"href":"http:\/\/www.emater.ro.gov.br\/ematerro\/wp-json\/wp\/v2\/tags?post=12099"}],"curies":[{"name":"wp","href":"https:\/\/api.w.org\/{rel}","templated":true}]}}