{"id":12088,"date":"2022-06-14T11:43:09","date_gmt":"2022-06-14T15:43:09","guid":{"rendered":"http:\/\/www.emater.ro.gov.br\/ematerro\/?p=12088"},"modified":"2022-06-14T11:43:35","modified_gmt":"2022-06-14T15:43:35","slug":"podcast","status":"publish","type":"post","link":"http:\/\/www.emater.ro.gov.br\/ematerro\/2022\/06\/14\/podcast\/","title":{"rendered":"PodCast#098-Produ\u00e7\u00e3o de Queijo em Rond\u00f4nia"},"content":{"rendered":"<p>&nbsp;<\/p>\n<!--[if lt IE 9]><script>document.createElement('audio');<\/script><![endif]-->\n<audio class=\"wp-audio-shortcode\" id=\"audio-12088-1\" preload=\"none\" style=\"width: 100%;\" controls=\"controls\"><source type=\"audio\/mpeg\" src=\"http:\/\/www.emater.ro.gov.br\/ematerro\/wp-content\/uploads\/2022\/06\/20220614-podcast098-producao-de-queijo-em-rondonia.mp3?_=1\" \/><a href=\"http:\/\/www.emater.ro.gov.br\/ematerro\/wp-content\/uploads\/2022\/06\/20220614-podcast098-producao-de-queijo-em-rondonia.mp3\">http:\/\/www.emater.ro.gov.br\/ematerro\/wp-content\/uploads\/2022\/06\/20220614-podcast098-producao-de-queijo-em-rondonia.mp3<\/a><\/audio>\n<p><a href=\"https:\/\/youtu.be\/waZ9_TkLz5s\"><img decoding=\"async\" loading=\"lazy\" class=\"size-full wp-image-12091 aligncenter\" src=\"http:\/\/www.emater.ro.gov.br\/ematerro\/wp-content\/uploads\/2022\/06\/20220614-podcast098-producao-de-queijo-em-rondonia.jpg\" alt=\"PodCast#098-Producao de Queijo em Rondonia\" width=\"2366\" height=\"1602\" srcset=\"http:\/\/www.emater.ro.gov.br\/ematerro\/wp-content\/uploads\/2022\/06\/20220614-podcast098-producao-de-queijo-em-rondonia.jpg 2366w, http:\/\/www.emater.ro.gov.br\/ematerro\/wp-content\/uploads\/2022\/06\/20220614-podcast098-producao-de-queijo-em-rondonia-300x203.jpg 300w, http:\/\/www.emater.ro.gov.br\/ematerro\/wp-content\/uploads\/2022\/06\/20220614-podcast098-producao-de-queijo-em-rondonia-768x520.jpg 768w, http:\/\/www.emater.ro.gov.br\/ematerro\/wp-content\/uploads\/2022\/06\/20220614-podcast098-producao-de-queijo-em-rondonia-1024x693.jpg 1024w\" sizes=\"(max-width: 2366px) 100vw, 2366px\" \/><\/a><\/p>\n","protected":false},"excerpt":{"rendered":"<p>&nbsp;<\/p>\n","protected":false},"author":9,"featured_media":12091,"comment_status":"closed","ping_status":"closed","sticky":false,"template":"","format":"standard","meta":[],"categories":[15],"tags":[],"_links":{"self":[{"href":"http:\/\/www.emater.ro.gov.br\/ematerro\/wp-json\/wp\/v2\/posts\/12088"}],"collection":[{"href":"http:\/\/www.emater.ro.gov.br\/ematerro\/wp-json\/wp\/v2\/posts"}],"about":[{"href":"http:\/\/www.emater.ro.gov.br\/ematerro\/wp-json\/wp\/v2\/types\/post"}],"author":[{"embeddable":true,"href":"http:\/\/www.emater.ro.gov.br\/ematerro\/wp-json\/wp\/v2\/users\/9"}],"replies":[{"embeddable":true,"href":"http:\/\/www.emater.ro.gov.br\/ematerro\/wp-json\/wp\/v2\/comments?post=12088"}],"version-history":[{"count":2,"href":"http:\/\/www.emater.ro.gov.br\/ematerro\/wp-json\/wp\/v2\/posts\/12088\/revisions"}],"predecessor-version":[{"id":12094,"href":"http:\/\/www.emater.ro.gov.br\/ematerro\/wp-json\/wp\/v2\/posts\/12088\/revisions\/12094"}],"wp:featuredmedia":[{"embeddable":true,"href":"http:\/\/www.emater.ro.gov.br\/ematerro\/wp-json\/wp\/v2\/media\/12091"}],"wp:attachment":[{"href":"http:\/\/www.emater.ro.gov.br\/ematerro\/wp-json\/wp\/v2\/media?parent=12088"}],"wp:term":[{"taxonomy":"category","embeddable":true,"href":"http:\/\/www.emater.ro.gov.br\/ematerro\/wp-json\/wp\/v2\/categories?post=12088"},{"taxonomy":"post_tag","embeddable":true,"href":"http:\/\/www.emater.ro.gov.br\/ematerro\/wp-json\/wp\/v2\/tags?post=12088"}],"curies":[{"name":"wp","href":"https:\/\/api.w.org\/{rel}","templated":true}]}}