{"id":12022,"date":"2022-05-20T09:33:56","date_gmt":"2022-05-20T13:33:56","guid":{"rendered":"http:\/\/www.emater.ro.gov.br\/ematerro\/?p=12022"},"modified":"2022-05-20T10:22:02","modified_gmt":"2022-05-20T14:22:02","slug":"rodadas-de-negocio-na-429-antecipam-projetos-para-rr-show","status":"publish","type":"post","link":"http:\/\/www.emater.ro.gov.br\/ematerro\/2022\/05\/20\/rodadas-de-negocio-na-429-antecipam-projetos-para-rr-show\/","title":{"rendered":"Rodadas de neg\u00f3cio na 429 antecipam projetos para RR Show"},"content":{"rendered":"<figure id=\"attachment_12024\" aria-describedby=\"caption-attachment-12024\" style=\"width: 994px\" class=\"wp-caption aligncenter\"><img decoding=\"async\" loading=\"lazy\" class=\"wp-image-12024\" src=\"http:\/\/www.emater.ro.gov.br\/ematerro\/wp-content\/uploads\/2022\/05\/20220520-rodada-de-negocio-2022-jaqueline-rosa-1.jpg\" alt=\"rodada de negocio 2022 Jaqueline Rosa 1\" width=\"994\" height=\"621\" srcset=\"http:\/\/www.emater.ro.gov.br\/ematerro\/wp-content\/uploads\/2022\/05\/20220520-rodada-de-negocio-2022-jaqueline-rosa-1.jpg 1000w, http:\/\/www.emater.ro.gov.br\/ematerro\/wp-content\/uploads\/2022\/05\/20220520-rodada-de-negocio-2022-jaqueline-rosa-1-300x188.jpg 300w, http:\/\/www.emater.ro.gov.br\/ematerro\/wp-content\/uploads\/2022\/05\/20220520-rodada-de-negocio-2022-jaqueline-rosa-1-768x480.jpg 768w\" sizes=\"(max-width: 994px) 100vw, 994px\" \/><figcaption id=\"caption-attachment-12024\" class=\"wp-caption-text\">Propostas de cr\u00e9dito apresentadas nas rodadas de neg\u00f3cio podem contratadas durante a RR SHOW<\/figcaption><\/figure>\n<p>Agricultores familiares dos munic\u00edpios localizados no eixo da rodovia BR 429 t\u00eam a oportunidade de participar de eventos pr\u00e9vios \u00e0 grande feira do agroneg\u00f3cio, Rond\u00f4nia Rural Show 2022, que se realiza no per\u00edodo de 22 a 28 maio. Para adiantar e facilitar a apresenta\u00e7\u00e3o de propostas e a elabora\u00e7\u00e3o de projetos de cr\u00e9dito rural para a compra de m\u00e1quinas e equipamentos ou animais que ser\u00e3o expostos durante a feira, em JI-Paran\u00e1, a Entidade Aut\u00e1rquica de Assist\u00eancia T\u00e9cnica e Extens\u00e3o Rural de Rond\u00f4nia Emater-RO, est\u00e1 realizando durante toda esta semana Rodadas de neg\u00f3cios entre agricultores, agentes financeiros e expositores.<\/p>\n<p>Nas rodadas de neg\u00f3cios dos munic\u00edpios de Alvorada do Oeste e S\u00e3o Miguel do Guapor\u00e9 j\u00e1 foram agendados neg\u00f3cios da ordem de mais de um milh\u00e3o de reais e na quinta e sexta feira os produtores de S\u00e3o Francisco do Guapor\u00e9 e Costa marques t\u00eam a oportunidade de internalizar suas propostas junto aos agentes financeiros ou apresenta-las \u00e0 Emater-RO.<\/p>\n<p>As rodadas de neg\u00f3cios, como eventos pr\u00e9vios \u00e0 Rond\u00f4nia Rural Show, foram planejados para ajudar a divulgar a grande feira e facilitar o trabalho dos t\u00e9cnicos na recep\u00e7\u00e3o das propostas e ela<\/p>\n<figure id=\"attachment_12027\" aria-describedby=\"caption-attachment-12027\" style=\"width: 504px\" class=\"wp-caption alignleft\"><img decoding=\"async\" loading=\"lazy\" class=\"wp-image-12027\" src=\"http:\/\/www.emater.ro.gov.br\/ematerro\/wp-content\/uploads\/2022\/05\/20220520-rodada-de-negocios-maio-de-2022-jaqueli-rosa.jpg\" alt=\"rodada de negocios maio de 2022 Jaqueli Rosa\" width=\"504\" height=\"315\" srcset=\"http:\/\/www.emater.ro.gov.br\/ematerro\/wp-content\/uploads\/2022\/05\/20220520-rodada-de-negocios-maio-de-2022-jaqueli-rosa.jpg 1000w, http:\/\/www.emater.ro.gov.br\/ematerro\/wp-content\/uploads\/2022\/05\/20220520-rodada-de-negocios-maio-de-2022-jaqueli-rosa-300x188.jpg 300w, http:\/\/www.emater.ro.gov.br\/ematerro\/wp-content\/uploads\/2022\/05\/20220520-rodada-de-negocios-maio-de-2022-jaqueli-rosa-768x480.jpg 768w\" sizes=\"(max-width: 504px) 100vw, 504px\" \/><figcaption id=\"caption-attachment-12027\" class=\"wp-caption-text\">produtores tiram d\u00favidas para o dimensionamento dos produtos a adquirir<\/figcaption><\/figure>\n<p>bora\u00e7\u00e3o dos projetos de financiamento, e como efeito secund\u00e1rio, se observa que as rodadas de neg\u00f3cios estimulam o comercio dos munic\u00edpios onde s\u00e3o realizadas porque as empresas expositoras promovem amostras dos produtos, divulgam ofertas e isto tem estimulado os produtores anteciparem suas compras.<\/p>\n<p>Em muitos casos agricultores que nem pretendiam ir \u00e0 feira, percebem a oportunidade de adquirir um equipamento de sua necessidade e decide compra-lo ali mesmo na rodada de neg\u00f3cios, \u00e0s vezes at\u00e9 sem a necessidade de financiamento. O diretor vice presidente a Emater-RO Anderson kull que tem participado dessas rodadas de neg\u00f3cios contou que observou um episodio onde um agricultor chegou e foi direto a um expositor, que havia trazido amostras de seus produtos para divulgar na rodada de neg\u00f3cios, \u201cfez poucas perguntas e fechou neg\u00f3cio numa grade aradora, pagou a vista, montou em sua moto e foi esperar a entrega do equipamento em casa, disse o vice presidente.<\/p>\n<p>A expectativa dos t\u00e9cnicos da Emater-RO e dos bancos participantes desses eventos pr\u00e9vios \u00e9 chegar na Rond\u00f4nia Rural Show com um grande volume de neg\u00f3cios adiantados para serem consolidados com a assinatura dos contratos em ji-Paran\u00e1.<\/p>\n<p>&nbsp;<\/p>\n<p style=\"text-align: right;\">Texto: Enoque de Oliveria<br \/>\nFoto: Jaqueline Rosa<br \/>\nAscom\/ Emater-RO<\/p>\n","protected":false},"excerpt":{"rendered":"<p>Agricultores familiares dos munic\u00edpios localizados no eixo da rodovia BR 429 t\u00eam a oportunidade de participar de eventos pr\u00e9vios \u00e0 grande feira do agroneg\u00f3cio, Rond\u00f4nia Rural Show 2022, que se [&hellip;]<\/p>\n","protected":false},"author":8,"featured_media":12024,"comment_status":"closed","ping_status":"closed","sticky":false,"template":"","format":"standard","meta":[],"categories":[10,9,12],"tags":[696],"_links":{"self":[{"href":"http:\/\/www.emater.ro.gov.br\/ematerro\/wp-json\/wp\/v2\/posts\/12022"}],"collection":[{"href":"http:\/\/www.emater.ro.gov.br\/ematerro\/wp-json\/wp\/v2\/posts"}],"about":[{"href":"http:\/\/www.emater.ro.gov.br\/ematerro\/wp-json\/wp\/v2\/types\/post"}],"author":[{"embeddable":true,"href":"http:\/\/www.emater.ro.gov.br\/ematerro\/wp-json\/wp\/v2\/users\/8"}],"replies":[{"embeddable":true,"href":"http:\/\/www.emater.ro.gov.br\/ematerro\/wp-json\/wp\/v2\/comments?post=12022"}],"version-history":[{"count":2,"href":"http:\/\/www.emater.ro.gov.br\/ematerro\/wp-json\/wp\/v2\/posts\/12022\/revisions"}],"predecessor-version":[{"id":12029,"href":"http:\/\/www.emater.ro.gov.br\/ematerro\/wp-json\/wp\/v2\/posts\/12022\/revisions\/12029"}],"wp:featuredmedia":[{"embeddable":true,"href":"http:\/\/www.emater.ro.gov.br\/ematerro\/wp-json\/wp\/v2\/media\/12024"}],"wp:attachment":[{"href":"http:\/\/www.emater.ro.gov.br\/ematerro\/wp-json\/wp\/v2\/media?parent=12022"}],"wp:term":[{"taxonomy":"category","embeddable":true,"href":"http:\/\/www.emater.ro.gov.br\/ematerro\/wp-json\/wp\/v2\/categories?post=12022"},{"taxonomy":"post_tag","embeddable":true,"href":"http:\/\/www.emater.ro.gov.br\/ematerro\/wp-json\/wp\/v2\/tags?post=12022"}],"curies":[{"name":"wp","href":"https:\/\/api.w.org\/{rel}","templated":true}]}}