{"id":12001,"date":"2022-05-16T12:31:42","date_gmt":"2022-05-16T16:31:42","guid":{"rendered":"http:\/\/www.emater.ro.gov.br\/ematerro\/?p=12001"},"modified":"2022-05-17T09:57:14","modified_gmt":"2022-05-17T13:57:14","slug":"zooctenistas-da-emater-ro-comemoram-trabalhando-os-54-anos-de-regulamentacao-da-profissao-no-brasil","status":"publish","type":"post","link":"http:\/\/www.emater.ro.gov.br\/ematerro\/2022\/05\/16\/zooctenistas-da-emater-ro-comemoram-trabalhando-os-54-anos-de-regulamentacao-da-profissao-no-brasil\/","title":{"rendered":"Zooctenistas da Emater-RO comemoram  54 anos de regulamenta\u00e7\u00e3o da profiss\u00e3o no Brasil"},"content":{"rendered":"<p><img decoding=\"async\" loading=\"lazy\" class=\"size-full wp-image-12009 aligncenter\" src=\"http:\/\/www.emater.ro.gov.br\/ematerro\/wp-content\/uploads\/2022\/05\/20220516-inseminaao-artificial-maio-2022-robson-paiva.jpg\" alt=\"insemina\u00e7ao artificial maio 2022 Robson Paiva\" width=\"1000\" height=\"625\" srcset=\"http:\/\/www.emater.ro.gov.br\/ematerro\/wp-content\/uploads\/2022\/05\/20220516-inseminaao-artificial-maio-2022-robson-paiva.jpg 1000w, http:\/\/www.emater.ro.gov.br\/ematerro\/wp-content\/uploads\/2022\/05\/20220516-inseminaao-artificial-maio-2022-robson-paiva-300x188.jpg 300w, http:\/\/www.emater.ro.gov.br\/ematerro\/wp-content\/uploads\/2022\/05\/20220516-inseminaao-artificial-maio-2022-robson-paiva-768x480.jpg 768w\" sizes=\"(max-width: 1000px) 100vw, 1000px\" \/><\/p>\n<p>Neste m\u00eas de maio os zootecnistas comemoram 54 anos do estabelecimento\u00a0 da profiss\u00e3o no Brasil, regulamentada pela lei 5.550 4 de dezembro 1968, entre as atribui\u00e7\u00f5es do zootecnista est\u00e1 o desenvolvimento gen\u00e9tico dos rebanhos comerciais atrav\u00e9s das mais variadas t\u00e9cnicas de cruzamentos entre ra\u00e7as e indiv\u00edduos com caracter\u00edsticas melhoradoras, al\u00e9m disso, o zootecnista \u00e9 o profissional respons\u00e1vel pelo desenvolvimento da nutri\u00e7\u00e3o animal. Somente estes dois itens j\u00e1 seriam suficientes para fazer da zootecnia a ci\u00eancia mais importante para o crescimento produ\u00e7\u00e3o carne, ovos e outros produtos de origem animal no Brasil e no mundo.<\/p>\n<p>O <img decoding=\"async\" loading=\"lazy\" class=\" wp-image-12010 alignleft\" src=\"http:\/\/www.emater.ro.gov.br\/ematerro\/wp-content\/uploads\/2022\/05\/20220516-inseminaao-artificial-maio-2022-robson-paiva-1.jpg\" alt=\"insemina\u00e7ao artificial maio 2022 Robson Paiva\" width=\"273\" height=\"390\" srcset=\"http:\/\/www.emater.ro.gov.br\/ematerro\/wp-content\/uploads\/2022\/05\/20220516-inseminaao-artificial-maio-2022-robson-paiva-1.jpg 1060w, http:\/\/www.emater.ro.gov.br\/ematerro\/wp-content\/uploads\/2022\/05\/20220516-inseminaao-artificial-maio-2022-robson-paiva-1-210x300.jpg 210w, http:\/\/www.emater.ro.gov.br\/ematerro\/wp-content\/uploads\/2022\/05\/20220516-inseminaao-artificial-maio-2022-robson-paiva-1-768x1097.jpg 768w, http:\/\/www.emater.ro.gov.br\/ematerro\/wp-content\/uploads\/2022\/05\/20220516-inseminaao-artificial-maio-2022-robson-paiva-1-717x1024.jpg 717w\" sizes=\"(max-width: 273px) 100vw, 273px\" \/>desenvolvimento da pecu\u00e1ria em Rond\u00f4nia coincide com a instala\u00e7\u00e3o do servi\u00e7o executado pela Entidade Aut\u00e1rquica de Assist\u00eancia T\u00e9cnica e Extens\u00e3o Rural de Rond\u00f4nia, Emater-RO, que desde os primeiros anos, na d\u00e9cada de setenta, trouxe profissionais para o Estado, e deu inicio a programas de introdu\u00e7\u00e3o e desenvolvimento dos rebanhos, em especial do gado bovino, cultura agropecu\u00e1ria de maior import\u00e2ncia econ\u00f4mica para o estado.<\/p>\n<p>O trabalho coordenado por profissionais zootecnistas e com a contribui\u00e7\u00e3o de outros profissionais das ci\u00eancias agrarias possibilitou o estado de Rond\u00f4nia\u00a0 alcan\u00e7ar n\u00fameros extraordin\u00e1rios, como 16 milh\u00f5es de cabe\u00e7as de gado bovino, o primeiro lugar em produ\u00e7\u00e3o leiteira, na regi\u00e3o norte do pa\u00eds, e os status de estado exportador de carne e livre da aftosa sem vacina\u00e7\u00e3o.<\/p>\n<p>\u00c9 ineg\u00e1vel a contribui\u00e7\u00e3o dos programas p\u00fablicos de incentivo a produ\u00e7\u00e3o animal, tanto no que se refere ao tamanho do rebanho quanto no perfil produtivo. O rebanho de corte teve seu crescimento apoiado nos programas e projetos de cr\u00e9dito rural, e de manejo planejados e executados pelo governo do estado, bancos oficiais e Emater-RO.<br \/>\nMais recentemente o rebanho leiteiro se desenvolveu possibilitando a cria\u00e7\u00e3o no estado de um parque industrial no setor de latic\u00ednios. No caso especifico do rebanho leiteiro foi fundamental a contribui\u00e7\u00e3o dos profissionais zootecnistas e veterin\u00e1rios na elabora\u00e7\u00e3o do programa\u00a0 inseminar que facilitou a mudan\u00e7a no perfil do gado leiteiro,\u00a0 que mais que\u00a0 dobrou a media de produ\u00e7\u00e3o leiteira por vaca dia, atrav\u00e9s da introdu\u00e7\u00e3o insemina\u00e7\u00e3o artificial e mudan\u00e7as na alimenta\u00e7\u00e3o e nutri\u00e7\u00e3o dos animais.<\/p>\n<p>Em vez de festa no dia do zootecnista o que se encontrou em Porto Velho, na \u00e1rea rural,\u00a0 foi um curso de insemina\u00e7\u00e3o artificial ministrado por t\u00e9cnicos do escrit\u00f3rio local da Emater-RO, para produtores rurais e estudantes da capital. Foi assim com a m\u00e3o na massa que o zootecnista Jos\u00e9 Renato do escrit\u00f3rio local da Emater-RO em Porto Velho recebeu as felicita\u00e7\u00f5es pelo dia dedicado a sua profiss\u00e3o.<\/p>\n<p style=\"text-align: right;\">Texto: Enoque de Oliveira<br \/>\nFotos: Robson Paiva<br \/>\nEMATER-RO<\/p>\n","protected":false},"excerpt":{"rendered":"<p>Neste m\u00eas de maio os zootecnistas comemoram 54 anos do estabelecimento\u00a0 da profiss\u00e3o no Brasil, regulamentada pela lei 5.550 4 de dezembro 1968, entre as atribui\u00e7\u00f5es do zootecnista est\u00e1 o [&hellip;]<\/p>\n","protected":false},"author":8,"featured_media":12020,"comment_status":"closed","ping_status":"closed","sticky":false,"template":"","format":"standard","meta":[],"categories":[10,9,24,12],"tags":[290],"_links":{"self":[{"href":"http:\/\/www.emater.ro.gov.br\/ematerro\/wp-json\/wp\/v2\/posts\/12001"}],"collection":[{"href":"http:\/\/www.emater.ro.gov.br\/ematerro\/wp-json\/wp\/v2\/posts"}],"about":[{"href":"http:\/\/www.emater.ro.gov.br\/ematerro\/wp-json\/wp\/v2\/types\/post"}],"author":[{"embeddable":true,"href":"http:\/\/www.emater.ro.gov.br\/ematerro\/wp-json\/wp\/v2\/users\/8"}],"replies":[{"embeddable":true,"href":"http:\/\/www.emater.ro.gov.br\/ematerro\/wp-json\/wp\/v2\/comments?post=12001"}],"version-history":[{"count":5,"href":"http:\/\/www.emater.ro.gov.br\/ematerro\/wp-json\/wp\/v2\/posts\/12001\/revisions"}],"predecessor-version":[{"id":12015,"href":"http:\/\/www.emater.ro.gov.br\/ematerro\/wp-json\/wp\/v2\/posts\/12001\/revisions\/12015"}],"wp:featuredmedia":[{"embeddable":true,"href":"http:\/\/www.emater.ro.gov.br\/ematerro\/wp-json\/wp\/v2\/media\/12020"}],"wp:attachment":[{"href":"http:\/\/www.emater.ro.gov.br\/ematerro\/wp-json\/wp\/v2\/media?parent=12001"}],"wp:term":[{"taxonomy":"category","embeddable":true,"href":"http:\/\/www.emater.ro.gov.br\/ematerro\/wp-json\/wp\/v2\/categories?post=12001"},{"taxonomy":"post_tag","embeddable":true,"href":"http:\/\/www.emater.ro.gov.br\/ematerro\/wp-json\/wp\/v2\/tags?post=12001"}],"curies":[{"name":"wp","href":"https:\/\/api.w.org\/{rel}","templated":true}]}}