{"id":11973,"date":"2022-05-09T11:02:23","date_gmt":"2022-05-09T15:02:23","guid":{"rendered":"http:\/\/www.emater.ro.gov.br\/ematerro\/?p=11973"},"modified":"2022-05-09T11:02:23","modified_gmt":"2022-05-09T15:02:23","slug":"empregados-da-emater-ro-sao-orientados-sobre-protecao-de-dados-pessoais","status":"publish","type":"post","link":"http:\/\/www.emater.ro.gov.br\/ematerro\/2022\/05\/09\/empregados-da-emater-ro-sao-orientados-sobre-protecao-de-dados-pessoais\/","title":{"rendered":"Empregados da Emater-RO s\u00e3o orientados sobre Prote\u00e7\u00e3o de Dados Pessoais"},"content":{"rendered":"<figure id=\"attachment_11974\" aria-describedby=\"caption-attachment-11974\" style=\"width: 1128px\" class=\"wp-caption aligncenter\"><img decoding=\"async\" loading=\"lazy\" class=\"size-full wp-image-11974\" src=\"http:\/\/www.emater.ro.gov.br\/ematerro\/wp-content\/uploads\/2022\/05\/20220509-treinamento-lgpd_001-02mai2022-irene-mendes.jpg\" alt=\"A Lei Geral de Prote\u00e7\u00e3o de Dados Pessoais trouxe fundamentos importantes para o tratamento de dados.\" width=\"1128\" height=\"709\" srcset=\"http:\/\/www.emater.ro.gov.br\/ematerro\/wp-content\/uploads\/2022\/05\/20220509-treinamento-lgpd_001-02mai2022-irene-mendes.jpg 1128w, http:\/\/www.emater.ro.gov.br\/ematerro\/wp-content\/uploads\/2022\/05\/20220509-treinamento-lgpd_001-02mai2022-irene-mendes-300x189.jpg 300w, http:\/\/www.emater.ro.gov.br\/ematerro\/wp-content\/uploads\/2022\/05\/20220509-treinamento-lgpd_001-02mai2022-irene-mendes-768x483.jpg 768w, http:\/\/www.emater.ro.gov.br\/ematerro\/wp-content\/uploads\/2022\/05\/20220509-treinamento-lgpd_001-02mai2022-irene-mendes-1024x644.jpg 1024w\" sizes=\"(max-width: 1128px) 100vw, 1128px\" \/><figcaption id=\"caption-attachment-11974\" class=\"wp-caption-text\"><em>A Lei Geral de Prote\u00e7\u00e3o de Dados Pessoais trouxe fundamentos importantes para o tratamento de dados.<\/em><\/figcaption><\/figure>\n<p>Empregados da Entidade Aut\u00e1rquica de Assist\u00eancia T\u00e9cnica e Extens\u00e3o Rural (Emater-RO) foram convocados para participar de palestra abordando os temas \u201cC\u00f3digo de \u00e9tica\u201d e \u201cLei geral de prote\u00e7\u00e3o de Dados Pessoais \u2013 LGPD\u201d. Em Porto Velho as palestras foram ministradas no audit\u00f3rio da Escola de Governo, no pr\u00e9dio do edif\u00edcio Jamary do Centro Politico Administrativo, e no interior, no Centro de Treinamento da Emater, na cidade de Ouro Preto do Oeste.<\/p>\n<p>Ministrada por Jos\u00e9 Tarc\u00edsio Batista Mendes, ouvidor da Emater-RO encarregado pelo tratamento de dados pessoais, a palestra ressaltou a import\u00e2ncia do cumprimento do C\u00f3digo de \u00c9tica funcional do servidor p\u00fablico do estado de Rond\u00f4nia, previsto no Decreto n\u00ba 20.786 de 25 de abril de 2016. \u201cTodo servidor tem deveres \u00e9ticos, os quais deve se ater\u201d, diz Jos\u00e9 Tarc\u00edsio.<\/p>\n<figure id=\"attachment_11976\" aria-describedby=\"caption-attachment-11976\" style=\"width: 500px\" class=\"wp-caption alignright\"><img decoding=\"async\" loading=\"lazy\" class=\"wp-image-11976\" src=\"http:\/\/www.emater.ro.gov.br\/ematerro\/wp-content\/uploads\/2022\/05\/20220509-treinamento-lgpd_004-02mai2022-irene-mendes.jpg\" width=\"500\" height=\"314\" srcset=\"http:\/\/www.emater.ro.gov.br\/ematerro\/wp-content\/uploads\/2022\/05\/20220509-treinamento-lgpd_004-02mai2022-irene-mendes.jpg 1128w, http:\/\/www.emater.ro.gov.br\/ematerro\/wp-content\/uploads\/2022\/05\/20220509-treinamento-lgpd_004-02mai2022-irene-mendes-300x189.jpg 300w, http:\/\/www.emater.ro.gov.br\/ematerro\/wp-content\/uploads\/2022\/05\/20220509-treinamento-lgpd_004-02mai2022-irene-mendes-768x483.jpg 768w, http:\/\/www.emater.ro.gov.br\/ematerro\/wp-content\/uploads\/2022\/05\/20220509-treinamento-lgpd_004-02mai2022-irene-mendes-1024x644.jpg 1024w\" sizes=\"(max-width: 500px) 100vw, 500px\" \/><figcaption id=\"caption-attachment-11976\" class=\"wp-caption-text\"><em>O funcion\u00e1rio p\u00fablico precisa estar atento aos princ\u00edpios da administra\u00e7\u00e3o p\u00fablica.<\/em><\/figcaption><\/figure>\n<p>Ao assumir uma fun\u00e7\u00e3o p\u00fablica, o servidor p\u00fablico, seja ele da administra\u00e7\u00e3o direta ou indireta, precisa estar atento aos princ\u00edpios da administra\u00e7\u00e3o p\u00fablica como: cortesia, razoabilidade, finalidade, interesse p\u00fablico, efici\u00eancia e motiva\u00e7\u00e3o, al\u00e9m de zelar pelos bens ou recursos p\u00fablicos humanos ou materiais, que lhe s\u00e3o conferidos para realiza\u00e7\u00e3o de suas tarefas.<\/p>\n<p>Rec\u00e9m integrados \u00e0 administra\u00e7\u00e3o p\u00fablica, por meio da mudan\u00e7a da natureza jur\u00eddica da Emater-RO para entidade aut\u00e1rquica, os participantes tiveram a oportunidade ainda de melhor compreender os cuidados a serem tomados mediante a posse de dados pessoais de seu p\u00fablico interno ou trabalhado. A Lei geral de Prote\u00e7\u00e3o de Dados Pessoais, institu\u00edda por meio da Lei n\u00ba 13.709 de 14 de agosto de 2018, trouxe fundamentos importantes para o tratamento de dados pessoais com o objetivo de proteger os direitos fundamentais de liberdade e de privacidade e o livre desenvolvimento da personalidade da pessoa natural.<\/p>\n<p>Tarc\u00edsio explica que a Emater-RO est\u00e1 em fase de adequa\u00e7\u00e3o e levar aos empregados a necessidade de se atentar aos cuidados que se deve ter no tratamento de dados pessoais, faz parte desse processo. \u201c\u00c9 preciso que todos tenham a compreens\u00e3o que esses dados precisam ser protegidos.\u201d.<\/p>\n<p>O portal da Emater-RO, na aba \u201cAcesso \u00e0 informa\u00e7\u00e3o\u201d, cont\u00e9m detalhes para quem quiser obter mais informa\u00e7\u00f5es sobre a LGPD.<\/p>\n<h6 style=\"text-align: right;\">\n<em><span style=\"color: #008000;\">Texto: Wania Ressutti<\/span><\/em><br \/>\n<em><span style=\"color: #008000;\">Jornalista \u2013 MTE-1744\/RO<\/span><\/em><br \/>\n<em><span style=\"color: #008000;\">Fotos: Irene Mendes<\/span><\/em><br \/>\n<em><span style=\"color: #008000;\">Rep\u00f3rter fotogr\u00e1fica \u2013 MTE-368\/RO<\/span><\/em><br \/>\n<em><span style=\"color: #008000;\">EMATER-RO<\/span><\/em><\/h6>\n","protected":false},"excerpt":{"rendered":"<p>Empregados da Entidade Aut\u00e1rquica de Assist\u00eancia T\u00e9cnica e Extens\u00e3o Rural (Emater-RO) foram convocados para participar de palestra abordando os temas \u201cC\u00f3digo de \u00e9tica\u201d e \u201cLei geral de prote\u00e7\u00e3o de Dados [&hellip;]<\/p>\n","protected":false},"author":9,"featured_media":11975,"comment_status":"closed","ping_status":"closed","sticky":false,"template":"","format":"standard","meta":[],"categories":[10,9,12],"tags":[692,664,691],"_links":{"self":[{"href":"http:\/\/www.emater.ro.gov.br\/ematerro\/wp-json\/wp\/v2\/posts\/11973"}],"collection":[{"href":"http:\/\/www.emater.ro.gov.br\/ematerro\/wp-json\/wp\/v2\/posts"}],"about":[{"href":"http:\/\/www.emater.ro.gov.br\/ematerro\/wp-json\/wp\/v2\/types\/post"}],"author":[{"embeddable":true,"href":"http:\/\/www.emater.ro.gov.br\/ematerro\/wp-json\/wp\/v2\/users\/9"}],"replies":[{"embeddable":true,"href":"http:\/\/www.emater.ro.gov.br\/ematerro\/wp-json\/wp\/v2\/comments?post=11973"}],"version-history":[{"count":4,"href":"http:\/\/www.emater.ro.gov.br\/ematerro\/wp-json\/wp\/v2\/posts\/11973\/revisions"}],"predecessor-version":[{"id":12244,"href":"http:\/\/www.emater.ro.gov.br\/ematerro\/wp-json\/wp\/v2\/posts\/11973\/revisions\/12244"}],"wp:featuredmedia":[{"embeddable":true,"href":"http:\/\/www.emater.ro.gov.br\/ematerro\/wp-json\/wp\/v2\/media\/11975"}],"wp:attachment":[{"href":"http:\/\/www.emater.ro.gov.br\/ematerro\/wp-json\/wp\/v2\/media?parent=11973"}],"wp:term":[{"taxonomy":"category","embeddable":true,"href":"http:\/\/www.emater.ro.gov.br\/ematerro\/wp-json\/wp\/v2\/categories?post=11973"},{"taxonomy":"post_tag","embeddable":true,"href":"http:\/\/www.emater.ro.gov.br\/ematerro\/wp-json\/wp\/v2\/tags?post=11973"}],"curies":[{"name":"wp","href":"https:\/\/api.w.org\/{rel}","templated":true}]}}