{"id":11959,"date":"2022-05-03T10:37:44","date_gmt":"2022-05-03T14:37:44","guid":{"rendered":"http:\/\/www.emater.ro.gov.br\/ematerro\/?p=11959"},"modified":"2022-05-03T11:34:36","modified_gmt":"2022-05-03T15:34:36","slug":"rondonia-e-eleita-representante-das-entidades-de-extensao-rural-da-regiao-norte-em-encontro-que-debateu-o-futuro-da-ater","status":"publish","type":"post","link":"http:\/\/www.emater.ro.gov.br\/ematerro\/2022\/05\/03\/rondonia-e-eleita-representante-das-entidades-de-extensao-rural-da-regiao-norte-em-encontro-que-debateu-o-futuro-da-ater\/","title":{"rendered":"Rond\u00f4nia \u00e9 eleita representante das entidades de extens\u00e3o rural da regi\u00e3o Norte em encontro que debateu o futuro da Ater"},"content":{"rendered":"<figure id=\"attachment_11960\" aria-describedby=\"caption-attachment-11960\" style=\"width: 1024px\" class=\"wp-caption aligncenter\"><img decoding=\"async\" loading=\"lazy\" class=\"wp-image-11960 size-full\" src=\"http:\/\/www.emater.ro.gov.br\/ematerro\/wp-content\/uploads\/2022\/05\/20220503-ago-asbraer-em-go_001-foto-juliana-silva_asbraer.jpg\" alt=\"Inova\u00e7\u00e3o e novas perspectivas para a extens\u00e3o rural.\" width=\"1024\" height=\"640\" srcset=\"http:\/\/www.emater.ro.gov.br\/ematerro\/wp-content\/uploads\/2022\/05\/20220503-ago-asbraer-em-go_001-foto-juliana-silva_asbraer.jpg 1024w, http:\/\/www.emater.ro.gov.br\/ematerro\/wp-content\/uploads\/2022\/05\/20220503-ago-asbraer-em-go_001-foto-juliana-silva_asbraer-300x188.jpg 300w, http:\/\/www.emater.ro.gov.br\/ematerro\/wp-content\/uploads\/2022\/05\/20220503-ago-asbraer-em-go_001-foto-juliana-silva_asbraer-768x480.jpg 768w\" sizes=\"(max-width: 1024px) 100vw, 1024px\" \/><figcaption id=\"caption-attachment-11960\" class=\"wp-caption-text\"><em>Inova\u00e7\u00e3o e novas perspectivas para os servi\u00e7os de assist\u00eancia t\u00e9cnica e extens\u00e3o rural.<\/em><\/figcaption><\/figure>\n<p>A 61\u00aa Assembleia Geral Ordin\u00e1ria da Associa\u00e7\u00e3o Brasileira das Entidades Estaduais de Assist\u00eancia T\u00e9cnica e Extens\u00e3o Rural (Asbraer) reuniu 25 entes federativos para debater tema de relevante import\u00e2ncia para o futuro do desenvolvimento agropecu\u00e1rio no pa\u00eds. Realizado na sede da Ag\u00eancia Goiana de Assist\u00eancia T\u00e9cnica, Extens\u00e3o Rural e Pesquisa Agropecu\u00e1ria (Emater-GO) nos dias 28 e 29 de abril, o evento tamb\u00e9m elegeu novos membros para a diretoria e apresentou propostas inovadoras para o fortalecimento das entidades de Ater.<\/p>\n<p>O diretor-presidente da Entidade Aut\u00e1rquica de Assist\u00eancia T\u00e9cnica e Extens\u00e3o Rural (Emater-RO), Jos\u00e9 de Arimateia da Silva, esteve presente nos dois dias do encontro e voltou animado com as perspectivas para o setor. Segundo Arimateia, a Asbraer trouxe a nova proposta de Ater p\u00fablica que inclui a cria\u00e7\u00e3o de um fundo para custear os servi\u00e7os p\u00fablicos de assist\u00eancia t\u00e9cnica e extens\u00e3o rural (Ater). \u201cEssa \u00e9 uma proposta inovadora e est\u00e1 sendo entregue a todos os presidenci\u00e1veis a fim de garantir recursos para os servi\u00e7os da Ater p\u00fablica\u201d, explica o presidente.<\/p>\n<p><strong>INOVA\u00c7\u00c3O E DESBUROCRATIZA\u00c7\u00c3O<\/strong><br \/>\nO fortalecimento da Asbraer, enquanto entidade que abra\u00e7a todas as emateres do pa\u00eds tamb\u00e9m foi tema de discuss\u00e3o. A proposta levada em pauta foi uma abertura para que entidades de pesquisa e regulariza\u00e7\u00e3o fundi\u00e1ria possam ser inseridas na associa\u00e7\u00e3o. \u201cDas 27 entidades federativas existentes no pa\u00eds, 11 j\u00e1 atuam e tem em sua nomenclatura a pesquisa e extens\u00e3o rural, e tr\u00eas ainda incluem a regulariza\u00e7\u00e3o fundi\u00e1ria\u201d, diz Jos\u00e9 de Arimateia.<\/p>\n<figure id=\"attachment_11962\" aria-describedby=\"caption-attachment-11962\" style=\"width: 450px\" class=\"wp-caption alignleft\"><img decoding=\"async\" loading=\"lazy\" class=\"wp-image-11962\" src=\"http:\/\/www.emater.ro.gov.br\/ematerro\/wp-content\/uploads\/2022\/05\/20220503-ago-asbraer-em-go_003-foto-juliana-silva_asbraer.jpg\" alt=\"Rond\u00f4nia representa as entidades de Ater da regi\u00e3o Norte.\" width=\"450\" height=\"281\" srcset=\"http:\/\/www.emater.ro.gov.br\/ematerro\/wp-content\/uploads\/2022\/05\/20220503-ago-asbraer-em-go_003-foto-juliana-silva_asbraer.jpg 1280w, http:\/\/www.emater.ro.gov.br\/ematerro\/wp-content\/uploads\/2022\/05\/20220503-ago-asbraer-em-go_003-foto-juliana-silva_asbraer-300x188.jpg 300w, http:\/\/www.emater.ro.gov.br\/ematerro\/wp-content\/uploads\/2022\/05\/20220503-ago-asbraer-em-go_003-foto-juliana-silva_asbraer-768x480.jpg 768w, http:\/\/www.emater.ro.gov.br\/ematerro\/wp-content\/uploads\/2022\/05\/20220503-ago-asbraer-em-go_003-foto-juliana-silva_asbraer-1024x640.jpg 1024w\" sizes=\"(max-width: 450px) 100vw, 450px\" \/><figcaption id=\"caption-attachment-11962\" class=\"wp-caption-text\"><em>Rond\u00f4nia representa as entidades de Ater da regi\u00e3o Norte.<\/em><\/figcaption><\/figure>\n<p>Pesquisa, assist\u00eancia t\u00e9cnica, extens\u00e3o rural e regulariza\u00e7\u00e3o fundi\u00e1ria t\u00eam que caminhar juntas para melhor atender aos anseios da fam\u00edlia rural. Com essa perspectiva, foi apresentado o programa \u201cProduzir Brasil\u201d, que visa apoiar o setor p\u00fablico no desenvolvimento do agroneg\u00f3cio e na melhoria da qualidade de vida do produtor familiar em projetos de assentamentos, e a desburocratiza\u00e7\u00e3o do programa \u201cTerra Brasil\u201d, de cr\u00e9dito fundi\u00e1rio, que proporciona aos agricultores sem acesso \u00e0 terra ou com pouca terra a compra de im\u00f3vel rural.<\/p>\n<p>Ainda com rela\u00e7\u00e3o ao cr\u00e9dito rural, a Asbraer levantou a proposta de amplia\u00e7\u00e3o das linhas de cr\u00e9dito do programa Nacional de Fortalecimento da Agricultura Familiar (Pronaf) por meio da Caixa Econ\u00f4mica Federal. \u201cA ideia \u00e9 ampliar o leque de oportunidades ao produtor familiar oferecendo o financiamento tamb\u00e9m atrav\u00e9s da Caixa\u201d, ressalta o presidente da Emater-RO, complementando que O superintendente nacional da Caixa Econ\u00f4mica Federal, Jaime Daniel da Silva, que esteve presente no evento, levantou o desejo de atingir a meta de R$ 35 bilh\u00f5es de carteira para o desenvolvimento do produtor rural no pa\u00eds.<\/p>\n<p>Durante a assembleia foi realizada ainda, a elei\u00e7\u00e3o para preenchimento de vaga na diretora da Asbraer. Na oportunidade, o diretor-presidente da Emater-RO, Jos\u00e9 de Arimateia da Silva, foi convidado para representar as entidades federativas da regi\u00e3o Norte. \u201cPara n\u00f3s, as propostas apresentadas representam um avan\u00e7o muito grande com rela\u00e7\u00e3o \u00e0s perspectivas futuras\u201d, diz o presidente, lembrando que a Emater-RO tem se empenhado muito e continua trabalhando para acelerar o processo de implanta\u00e7\u00e3o da Ater digital no estado. \u201cj\u00e1 implantamos nosso sistema de gerenciamento de Ater, o Sigater, e temos estruturado a Emater com aquisi\u00e7\u00e3o de ve\u00edculos, computadores e tabletes para que nossos extensionistas possam estar sempre l\u00e1 na ponta, prestando a assist\u00eancia necess\u00e1ria \u00e0s fam\u00edlias rurais.\u201d<\/p>\n<p style=\"text-align: right;\"><span style=\"color: #008000;\"><em>Texto: Wania Ressutti<\/em><\/span><br \/>\n<span style=\"color: #008000;\"><em>Jornalista \u2013 MTE-1744\/RO<\/em><\/span><br \/>\n<span style=\"color: #008000;\"><em>Fotos: Juliana Silva\/Asbraer<\/em><\/span><br \/>\n<span style=\"color: #008000;\"><em>EMATER-RO<\/em><\/span><\/p>\n","protected":false},"excerpt":{"rendered":"<p>A 61\u00aa Assembleia Geral Ordin\u00e1ria da Associa\u00e7\u00e3o Brasileira das Entidades Estaduais de Assist\u00eancia T\u00e9cnica e Extens\u00e3o Rural (Asbraer) reuniu 25 entes federativos para debater tema de relevante import\u00e2ncia para o [&hellip;]<\/p>\n","protected":false},"author":9,"featured_media":11961,"comment_status":"closed","ping_status":"closed","sticky":false,"template":"","format":"standard","meta":[],"categories":[10,9,12],"tags":[28,221,45,113,289],"_links":{"self":[{"href":"http:\/\/www.emater.ro.gov.br\/ematerro\/wp-json\/wp\/v2\/posts\/11959"}],"collection":[{"href":"http:\/\/www.emater.ro.gov.br\/ematerro\/wp-json\/wp\/v2\/posts"}],"about":[{"href":"http:\/\/www.emater.ro.gov.br\/ematerro\/wp-json\/wp\/v2\/types\/post"}],"author":[{"embeddable":true,"href":"http:\/\/www.emater.ro.gov.br\/ematerro\/wp-json\/wp\/v2\/users\/9"}],"replies":[{"embeddable":true,"href":"http:\/\/www.emater.ro.gov.br\/ematerro\/wp-json\/wp\/v2\/comments?post=11959"}],"version-history":[{"count":2,"href":"http:\/\/www.emater.ro.gov.br\/ematerro\/wp-json\/wp\/v2\/posts\/11959\/revisions"}],"predecessor-version":[{"id":11964,"href":"http:\/\/www.emater.ro.gov.br\/ematerro\/wp-json\/wp\/v2\/posts\/11959\/revisions\/11964"}],"wp:featuredmedia":[{"embeddable":true,"href":"http:\/\/www.emater.ro.gov.br\/ematerro\/wp-json\/wp\/v2\/media\/11961"}],"wp:attachment":[{"href":"http:\/\/www.emater.ro.gov.br\/ematerro\/wp-json\/wp\/v2\/media?parent=11959"}],"wp:term":[{"taxonomy":"category","embeddable":true,"href":"http:\/\/www.emater.ro.gov.br\/ematerro\/wp-json\/wp\/v2\/categories?post=11959"},{"taxonomy":"post_tag","embeddable":true,"href":"http:\/\/www.emater.ro.gov.br\/ematerro\/wp-json\/wp\/v2\/tags?post=11959"}],"curies":[{"name":"wp","href":"https:\/\/api.w.org\/{rel}","templated":true}]}}