{"id":11932,"date":"2022-04-26T12:33:47","date_gmt":"2022-04-26T16:33:47","guid":{"rendered":"http:\/\/www.emater.ro.gov.br\/ematerro\/?p=11932"},"modified":"2022-04-27T10:44:20","modified_gmt":"2022-04-27T14:44:20","slug":"agricultores-de-volta-aos-grandes-eventos-da-assistencia-tecnica","status":"publish","type":"post","link":"http:\/\/www.emater.ro.gov.br\/ematerro\/2022\/04\/26\/agricultores-de-volta-aos-grandes-eventos-da-assistencia-tecnica\/","title":{"rendered":"Agricultores retornam aos grandes eventos da Assist\u00eancia T\u00e9cnica"},"content":{"rendered":"<figure id=\"attachment_11934\" aria-describedby=\"caption-attachment-11934\" style=\"width: 1000px\" class=\"wp-caption aligncenter\"><img decoding=\"async\" loading=\"lazy\" class=\"wp-image-11934\" src=\"http:\/\/www.emater.ro.gov.br\/ematerro\/wp-content\/uploads\/2022\/04\/20220426-dia-de-cmpo-caf-alto-alegre-dez-2021irene-mendes.jpg\" width=\"1000\" height=\"625\" srcset=\"http:\/\/www.emater.ro.gov.br\/ematerro\/wp-content\/uploads\/2022\/04\/20220426-dia-de-cmpo-caf-alto-alegre-dez-2021irene-mendes.jpg 1000w, http:\/\/www.emater.ro.gov.br\/ematerro\/wp-content\/uploads\/2022\/04\/20220426-dia-de-cmpo-caf-alto-alegre-dez-2021irene-mendes-300x188.jpg 300w, http:\/\/www.emater.ro.gov.br\/ematerro\/wp-content\/uploads\/2022\/04\/20220426-dia-de-cmpo-caf-alto-alegre-dez-2021irene-mendes-768x480.jpg 768w\" sizes=\"(max-width: 1000px) 100vw, 1000px\" \/><figcaption id=\"caption-attachment-11934\" class=\"wp-caption-text\"><em>Agricultores visitam lavoura de caf\u00e9 em dia de campo da Emater-RO.<\/em><\/figcaption><\/figure>\n<p style=\"text-align: left;\">Depois de dois anos sem poder reunir muitos agricultores em grandes eventos educativos, a Entidade Aut\u00e1rquica de Assist\u00eancia T\u00e9cnica e Extens\u00e3o Rural de Rond\u00f4nia (Emater-RO) iniciou o atendimento dos produtores rurais em eventos com a presen\u00e7a de p\u00fablico, e agora\u00a0 intensifica as atividades de assist\u00eancia t\u00e9cnica para agricultores familiares atrav\u00e9s de metodologias grupais e massais, com a realiza\u00e7\u00e3o de grandes eventos, entre eles a realiza\u00e7\u00e3o da Rond\u00f4nia Rural Show na \u00faltima semana de maio.<\/p>\n<p style=\"text-align: left;\">Somente no m\u00eas de abril est\u00e3o sendo executados 17 dias especiais e dias de campo, que s\u00e3o m\u00e9todos educativos, que re\u00fanem centenas de agricultores. Estes eventos s\u00e3o utilizados pela extens\u00e3o rural para divulgar ou transmitir aos agricultores\u00a0 pr\u00e1ticas tecnol\u00f3gicas, com o fim de aumentar ou melhorar a produ\u00e7\u00e3o e produtividade de determinada cultura ou cria\u00e7\u00e3o.<\/p>\n<figure id=\"attachment_11935\" aria-describedby=\"caption-attachment-11935\" style=\"width: 497px\" class=\"wp-caption alignleft\"><img decoding=\"async\" loading=\"lazy\" class=\"wp-image-11935\" src=\"http:\/\/www.emater.ro.gov.br\/ematerro\/wp-content\/uploads\/2022\/04\/20220426-rondonia-rural-show-2017-publico-_-4.jpg\" alt=\"Rondonia Rural Show 2017 - Publico._-4\" width=\"497\" height=\"311\" srcset=\"http:\/\/www.emater.ro.gov.br\/ematerro\/wp-content\/uploads\/2022\/04\/20220426-rondonia-rural-show-2017-publico-_-4.jpg 1000w, http:\/\/www.emater.ro.gov.br\/ematerro\/wp-content\/uploads\/2022\/04\/20220426-rondonia-rural-show-2017-publico-_-4-300x188.jpg 300w, http:\/\/www.emater.ro.gov.br\/ematerro\/wp-content\/uploads\/2022\/04\/20220426-rondonia-rural-show-2017-publico-_-4-768x480.jpg 768w\" sizes=\"(max-width: 497px) 100vw, 497px\" \/><figcaption id=\"caption-attachment-11935\" class=\"wp-caption-text\"><em>Rond\u00f4nia Rural Show \u00e9 sin\u00f4nimo de oportunidades para agricultores e comerciantes do agroneg\u00f3cio.<\/em><\/figcaption><\/figure>\n<p>O dia especial realizado em Ji-Paran\u00e1 no dia 26, discutiu\u00a0 temas como associativismo e cooperativismo. Mais cinco eventos ser\u00e3o realizados nos munic\u00edpios de Costa Marques (distrito de S\u00e3o Domingos), Jaru (distrito de Taril\u00e2ndia), Espig\u00e3o do Oeste, Parecis e Vilhena. Em quase todos, o tema trabalhado \u00e9 a cultura do caf\u00e9, com exce\u00e7\u00e3o do evento do munic\u00edpio de Vilhena que abordar\u00e1 o cultivo de plantas oler\u00edcolas ou simplesmente hortali\u00e7as. E fechando o m\u00eas de abril, mais quatro eventos ser\u00e3o realizados nos munic\u00edpios de Itapu\u00e3 do Oeste, Theobroma, Rolim de Moura e Monte Negro.<\/p>\n<p>Para o m\u00eas de maio j\u00e1 est\u00e3o programados <span style=\"color: #0000ff;\"><a style=\"color: #0000ff;\" href=\"https:\/\/www.facebook.com\/emater.rondonia.oficial\/upcoming_hosted_events\" target=\"_blank\">grandes eventos<\/a><\/span> com agricultores de todas as regi\u00f5es do estado, enfocando principalmente a lavoura da \u00e9poca, que \u00e9 a cultura do caf\u00e9, mas h\u00e1 grande expectativa\u00a0 em rela\u00e7\u00e3o a Rond\u00f4nia Rural Show, maior evento do setor rural na regi\u00e3o norte do Brasil, que acontecer\u00e1 nos dias 23 a 28 de maio em Ji-Paran\u00e1, onde se espera uma popula\u00e7\u00e3o flutuante a cada dia da feira, superior a cinco mil visitantes, fazendo neg\u00f3cios com os 600 expositores l\u00e1 instalados.<\/p>\n<p>Durante a 9\u00aa Rond\u00f4nia Rural Show, a Emater-RO estar\u00e1 presente atendendo os agricultores\u00a0 que desejarem apresentar propostas de financiamento aos bancos ou elaborar projetos t\u00e9cnicos, para aquisi\u00e7\u00e3o de m\u00e1quinas, equipamentos, insumos ou animais expostos na feira, al\u00e9m da exposi\u00e7\u00e3o de tecnologias de cultivo nas vitrines tecnol\u00f3gicas.<\/p>\n<p style=\"text-align: right;\"><em>Texto: Enoque de Oliveira<br \/>\nFotos: Irene Mendes e Robson Paiva<br \/>\nEMATER-RO<br \/>\n<\/em><\/p>\n","protected":false},"excerpt":{"rendered":"<p>Depois de dois anos sem poder reunir muitos agricultores em grandes eventos educativos, a Entidade Aut\u00e1rquica de Assist\u00eancia T\u00e9cnica e Extens\u00e3o Rural de Rond\u00f4nia (Emater-RO) iniciou o atendimento dos produtores [&hellip;]<\/p>\n","protected":false},"author":8,"featured_media":11933,"comment_status":"closed","ping_status":"closed","sticky":false,"template":"","format":"standard","meta":[],"categories":[10,9,12],"tags":[689],"_links":{"self":[{"href":"http:\/\/www.emater.ro.gov.br\/ematerro\/wp-json\/wp\/v2\/posts\/11932"}],"collection":[{"href":"http:\/\/www.emater.ro.gov.br\/ematerro\/wp-json\/wp\/v2\/posts"}],"about":[{"href":"http:\/\/www.emater.ro.gov.br\/ematerro\/wp-json\/wp\/v2\/types\/post"}],"author":[{"embeddable":true,"href":"http:\/\/www.emater.ro.gov.br\/ematerro\/wp-json\/wp\/v2\/users\/8"}],"replies":[{"embeddable":true,"href":"http:\/\/www.emater.ro.gov.br\/ematerro\/wp-json\/wp\/v2\/comments?post=11932"}],"version-history":[{"count":7,"href":"http:\/\/www.emater.ro.gov.br\/ematerro\/wp-json\/wp\/v2\/posts\/11932\/revisions"}],"predecessor-version":[{"id":11942,"href":"http:\/\/www.emater.ro.gov.br\/ematerro\/wp-json\/wp\/v2\/posts\/11932\/revisions\/11942"}],"wp:featuredmedia":[{"embeddable":true,"href":"http:\/\/www.emater.ro.gov.br\/ematerro\/wp-json\/wp\/v2\/media\/11933"}],"wp:attachment":[{"href":"http:\/\/www.emater.ro.gov.br\/ematerro\/wp-json\/wp\/v2\/media?parent=11932"}],"wp:term":[{"taxonomy":"category","embeddable":true,"href":"http:\/\/www.emater.ro.gov.br\/ematerro\/wp-json\/wp\/v2\/categories?post=11932"},{"taxonomy":"post_tag","embeddable":true,"href":"http:\/\/www.emater.ro.gov.br\/ematerro\/wp-json\/wp\/v2\/tags?post=11932"}],"curies":[{"name":"wp","href":"https:\/\/api.w.org\/{rel}","templated":true}]}}