{"id":11889,"date":"2022-04-19T11:41:00","date_gmt":"2022-04-19T15:41:00","guid":{"rendered":"http:\/\/www.emater.ro.gov.br\/ematerro\/?p=11889"},"modified":"2022-04-19T11:41:00","modified_gmt":"2022-04-19T15:41:00","slug":"indigenas-de-rondonia-se-destacam-na-producao-de-cafe-agroecologico","status":"publish","type":"post","link":"http:\/\/www.emater.ro.gov.br\/ematerro\/2022\/04\/19\/indigenas-de-rondonia-se-destacam-na-producao-de-cafe-agroecologico\/","title":{"rendered":"Ind\u00edgenas de Rond\u00f4nia se destacam na produ\u00e7\u00e3o de caf\u00e9 agroecol\u00f3gico"},"content":{"rendered":"<p>&nbsp;<\/p>\n<figure id=\"attachment_11891\" aria-describedby=\"caption-attachment-11891\" style=\"width: 1222px\" class=\"wp-caption aligncenter\"><img decoding=\"async\" loading=\"lazy\" class=\"wp-image-11891 size-full\" src=\"http:\/\/www.emater.ro.gov.br\/ematerro\/wp-content\/uploads\/2022\/04\/20220419-indigenas-suru-cacoal-robson-paiva-2022.jpg\" alt=\"indigenas suru\u00ed cacoal Robson Paiva 2022\" width=\"1222\" height=\"764\" srcset=\"http:\/\/www.emater.ro.gov.br\/ematerro\/wp-content\/uploads\/2022\/04\/20220419-indigenas-suru-cacoal-robson-paiva-2022.jpg 1222w, http:\/\/www.emater.ro.gov.br\/ematerro\/wp-content\/uploads\/2022\/04\/20220419-indigenas-suru-cacoal-robson-paiva-2022-300x188.jpg 300w, http:\/\/www.emater.ro.gov.br\/ematerro\/wp-content\/uploads\/2022\/04\/20220419-indigenas-suru-cacoal-robson-paiva-2022-768x480.jpg 768w, http:\/\/www.emater.ro.gov.br\/ematerro\/wp-content\/uploads\/2022\/04\/20220419-indigenas-suru-cacoal-robson-paiva-2022-1024x640.jpg 1024w\" sizes=\"(max-width: 1222px) 100vw, 1222px\" \/><figcaption id=\"caption-attachment-11891\" class=\"wp-caption-text\">Agricultores ind\u00edgenas do povo suru\u00ed s\u00e3o atendidos pela Emater-RO em Cacoal<\/figcaption><\/figure>\n<p>O crescimento da atividade rural Em Rond\u00f4nia est\u00e1 diretamente ligado \u00e0s iniciativas da agricultura familiar. Incialmente impulsionada a pela for\u00e7a dos migrantes que colonizaram o estado. E tamb\u00e9m pelo engajamento das popula\u00e7\u00f5es tradicionais, ribeirinhos e seringueiros \u00a0que mudaram de atividade, deixando o extrativismo para priorizar a agricultura. Hoje temos tamb\u00e9m popula\u00e7\u00f5es ind\u00edgenas envolvidas na produ\u00e7\u00e3o agr\u00edcola de escala econ\u00f4mica, inclusive ganhando pr\u00eamios de qualidade na produ\u00e7\u00e3o.<\/p>\n<p>Na pecu\u00e1ria o estado cresceu e j\u00e1 possui um grande rebanho, que atende todos os requisitos para a exporta\u00e7\u00e3o, uma lavoura cafeeira que tem se destacado em concursos nacionais e internacionais, tanto pela qualidade do produto quanto pelo cuidado agroecol\u00f3gico das lavouras.<\/p>\n<p>Muitas propriedades j\u00e1 podem ostentar o titulo de produ\u00e7\u00e3o sustent\u00e1vel na cultura do caf\u00e9, al\u00e9m da produ\u00e7\u00e3o de cacau, cria\u00e7\u00e3o de peixes, e ainda contar com a produ\u00e7\u00e3o de gr\u00e3os e outras culturas de menor escala.<\/p>\n<p>Todo esse desenvolvimento se deve a aceita\u00e7\u00e3o da tecnologia por parte dos agricultores, e neste ponto cabe destacar os agricultores ind\u00edgenas, que conservam suas tradi\u00e7\u00f5es, mas n\u00e3o deixam de buscar informa\u00e7\u00f5es na Entidade Aut\u00e1rquica de Assistencia T\u00e9cnica e Extens\u00e3o Rural de Rond\u00f4nia (Emater-RO), para melhorar suas lavouras, \u00a0principalmente para o cultivo do caf\u00e9 clonal.<\/p>\n<figure id=\"attachment_11898\" aria-describedby=\"caption-attachment-11898\" style=\"width: 542px\" class=\"wp-caption alignleft\"><img decoding=\"async\" loading=\"lazy\" class=\"wp-image-11898 size-full\" src=\"http:\/\/www.emater.ro.gov.br\/ematerro\/wp-content\/uploads\/2022\/04\/20220419-indigena-nova-colina-2022-robson-paiva-1.jpg\" alt=\"indigena nova colina 2022 Robson Paiva\" width=\"542\" height=\"339\" srcset=\"http:\/\/www.emater.ro.gov.br\/ematerro\/wp-content\/uploads\/2022\/04\/20220419-indigena-nova-colina-2022-robson-paiva-1.jpg 542w, http:\/\/www.emater.ro.gov.br\/ematerro\/wp-content\/uploads\/2022\/04\/20220419-indigena-nova-colina-2022-robson-paiva-1-300x188.jpg 300w\" sizes=\"(max-width: 542px) 100vw, 542px\" \/><figcaption id=\"caption-attachment-11898\" class=\"wp-caption-text\">Recrea\u00e7\u00e3o com crian\u00e7as ind\u00edgenas<\/figcaption><\/figure>\n<p>Orientados pelos t\u00e9cnicos da extens\u00e3o rural publica os ind\u00edgenas plantaram suas lavouras seguindo os princ\u00edpios da agroecologia, e pelo segundo ano consecutivo(2020 e 2021), o caf\u00e9 produzido pelo cacique Valdir Aru\u00e1, consegue 3\u00ba e 2\u00ba lugares na classifica\u00e7\u00e3o geral do concurso concaf\u00e9, na prova qualidade de bebida.<\/p>\n<p>A lavoura do caf\u00e9 entrou para o cabedal de cultura dos povos ind\u00edgenas e praticamente em todas as etnias mais populosas de Rond\u00f4nia tem agricultores ind\u00edgenas plantando caf\u00e9. O escrit\u00f3rio local da Emater-RO em Nova Colina, munic\u00edpio de Ji-Paran\u00e1, assiste varias fam\u00edlias ind\u00edgenas, dos povos Gavi\u00e3o e Arara, no cultivo do caf\u00e9.<\/p>\n<p>Em Cacoal, h\u00e1 muitos anos agricultores da tribo Suru\u00ed que tamb\u00e9m cultivam caf\u00e9, com orienta\u00e7\u00e3o da Emater-RO. \u00a0Nos \u00faltimos anos o cacique Valdir Aru\u00e1, da Terra Ind\u00edgena Rio Branco no munic\u00edpio de Alta Floresta, tem roubado a cena nos concursos\u00a0 Concaf\u00e9, realizado pela Secretaria de Agricultura do Estado de Rond\u00f4nia, e tamb\u00e9m na Semana Internacional\u00a0 do Caf\u00e9, que se realiza anualmente em Belo Horizonte MG, com seu caf\u00e9 de bebida especial cultivado segundo os princ\u00edpios da agroecologia.<\/p>\n<p style=\"text-align: right;\">Texto : Enoque de Oliveira<br \/>\nFotos: Robson Paiva<br \/>\nEMATER-RO<\/p>\n<p>&nbsp;<\/p>\n","protected":false},"excerpt":{"rendered":"<p>&nbsp; O crescimento da atividade rural Em Rond\u00f4nia est\u00e1 diretamente ligado \u00e0s iniciativas da agricultura familiar. Incialmente impulsionada a pela for\u00e7a dos migrantes que colonizaram o estado. E tamb\u00e9m pelo [&hellip;]<\/p>\n","protected":false},"author":8,"featured_media":11893,"comment_status":"closed","ping_status":"closed","sticky":false,"template":"","format":"standard","meta":[],"categories":[10,9,12],"tags":[660],"_links":{"self":[{"href":"http:\/\/www.emater.ro.gov.br\/ematerro\/wp-json\/wp\/v2\/posts\/11889"}],"collection":[{"href":"http:\/\/www.emater.ro.gov.br\/ematerro\/wp-json\/wp\/v2\/posts"}],"about":[{"href":"http:\/\/www.emater.ro.gov.br\/ematerro\/wp-json\/wp\/v2\/types\/post"}],"author":[{"embeddable":true,"href":"http:\/\/www.emater.ro.gov.br\/ematerro\/wp-json\/wp\/v2\/users\/8"}],"replies":[{"embeddable":true,"href":"http:\/\/www.emater.ro.gov.br\/ematerro\/wp-json\/wp\/v2\/comments?post=11889"}],"version-history":[{"count":7,"href":"http:\/\/www.emater.ro.gov.br\/ematerro\/wp-json\/wp\/v2\/posts\/11889\/revisions"}],"predecessor-version":[{"id":11900,"href":"http:\/\/www.emater.ro.gov.br\/ematerro\/wp-json\/wp\/v2\/posts\/11889\/revisions\/11900"}],"wp:featuredmedia":[{"embeddable":true,"href":"http:\/\/www.emater.ro.gov.br\/ematerro\/wp-json\/wp\/v2\/media\/11893"}],"wp:attachment":[{"href":"http:\/\/www.emater.ro.gov.br\/ematerro\/wp-json\/wp\/v2\/media?parent=11889"}],"wp:term":[{"taxonomy":"category","embeddable":true,"href":"http:\/\/www.emater.ro.gov.br\/ematerro\/wp-json\/wp\/v2\/categories?post=11889"},{"taxonomy":"post_tag","embeddable":true,"href":"http:\/\/www.emater.ro.gov.br\/ematerro\/wp-json\/wp\/v2\/tags?post=11889"}],"curies":[{"name":"wp","href":"https:\/\/api.w.org\/{rel}","templated":true}]}}