{"id":1182,"date":"2016-09-14T13:11:24","date_gmt":"2016-09-14T17:11:24","guid":{"rendered":"http:\/\/www.emater.ro.gov.br\/ematerro\/?p=1182"},"modified":"2016-09-19T10:08:57","modified_gmt":"2016-09-19T14:08:57","slug":"cafeicultores-classificados-no-concurso-de-qualidade-do-cafe-sao-premiados-em-porto-velho","status":"publish","type":"post","link":"http:\/\/www.emater.ro.gov.br\/ematerro\/2016\/09\/14\/cafeicultores-classificados-no-concurso-de-qualidade-do-cafe-sao-premiados-em-porto-velho\/","title":{"rendered":"Cafeicultores classificados no concurso de qualidade do caf\u00e9 s\u00e3o premiados em Porto Velho"},"content":{"rendered":"<p>Os vencedores do 1\u00ba Concurso de Qualidade e Sustentabilidade do Caf\u00e9 Can\u00e9fora do Estado de Rond\u00f4nia receberam seus pr\u00eamios em solenidade realizada nesta quarta-feira (14), no p\u00e1tio do Pal\u00e1cio Rio Madeira, em Porto Velho. O evento contou com a participa\u00e7\u00e3o de autoridades e representantes das institui\u00e7\u00f5es parceiras. Ao todo, foram entregues mais de 30 mil reais em pr\u00eamios, al\u00e9m da garantia da venda das sacas de caf\u00e9 e uma passagem para participa\u00e7\u00e3o de evento a ser realizado em nos pr\u00f3ximos dias, em Minas Gerais.<\/p>\n<figure id=\"attachment_1181\" aria-describedby=\"caption-attachment-1181\" style=\"width: 1000px\" class=\"wp-caption aligncenter\"><img decoding=\"async\" loading=\"lazy\" class=\"wp-image-1181 size-full\" src=\"http:\/\/www.emater.ro.gov.br\/ematerro\/wp-content\/uploads\/2016\/09\/ANERLEI.jpg\" width=\"1000\" height=\"625\" srcset=\"http:\/\/www.emater.ro.gov.br\/ematerro\/wp-content\/uploads\/2016\/09\/ANERLEI.jpg 1000w, http:\/\/www.emater.ro.gov.br\/ematerro\/wp-content\/uploads\/2016\/09\/ANERLEI-300x188.jpg 300w, http:\/\/www.emater.ro.gov.br\/ematerro\/wp-content\/uploads\/2016\/09\/ANERLEI-768x480.jpg 768w\" sizes=\"(max-width: 1000px) 100vw, 1000px\" \/><figcaption id=\"caption-attachment-1181\" class=\"wp-caption-text\">Arnelei S\u00e9rgio Kalk, primeiro colocado no Concurso de Qualidade do Caf\u00e9<\/figcaption><\/figure>\n<p>O 1\u00ba Concurso de Qualidade e Sustentabilidade do Caf\u00e9 Can\u00e9fora do Estado de Rond\u00f4nia surpreendeu seus organizadores e parceiros pela participa\u00e7\u00e3o dos produtores e qualidade dos produtos apresentados. Apesar do curto espa\u00e7o de tempo, 184 cafeicultores apresentaram amostras de sua produ\u00e7\u00e3o para an\u00e1lise, no intuito de mostrar que Rond\u00f4nia sabe produzir caf\u00e9 de excelente qualidade.<\/p>\n<p>Realizado pelo governo estadual em uma a\u00e7\u00e3o conjunta entre Secretaria do Estado de Agricultura (Seagri), Empresa Estadual de Assist\u00eancia T\u00e9cnica e Extens\u00e3o Rural do Estado de Rond\u00f4nia (Emater-RO) e Ag\u00eancia de Defesa Sanit\u00e1ria Agrossilvopastoril do Estado de Rond\u00f4nia (Idaron), em parceria com Empresa Brasileira de Pesquisa Agropecu\u00e1ria (Embrapa-RO) e C\u00e2mara Setorial do Caf\u00e9 de Rond\u00f4nia, o concurso trouxe um novo \u00e2nimo aos cafeicultores do estado. A parceria da iniciativa privada somada ao interesse de empresas nacionais e internacionais compradoras e exportadoras de caf\u00e9 tamb\u00e9m foi de grande import\u00e2ncia na realiza\u00e7\u00e3o do evento que apresentou um caf\u00e9 diferenciado dos padr\u00f5es rondonienses reconhecidos.<\/p>\n<figure id=\"attachment_1186\" aria-describedby=\"caption-attachment-1186\" style=\"width: 390px\" class=\"wp-caption alignright\"><img decoding=\"async\" loading=\"lazy\" class=\"wp-image-1186\" src=\"http:\/\/www.emater.ro.gov.br\/ematerro\/wp-content\/uploads\/2016\/09\/Cafeicultores-classificados-no-concurso-de-qualidade-do-cafe-sao-premiados-em-Porto-Velho_003-foto-IRENE-MENDES-300x188.jpg\" alt=\"A qualidade do caf\u00e9 \u00e9 extremamente necess\u00e1rio para agregar valor ao produto.\" width=\"390\" height=\"244\" srcset=\"http:\/\/www.emater.ro.gov.br\/ematerro\/wp-content\/uploads\/2016\/09\/Cafeicultores-classificados-no-concurso-de-qualidade-do-cafe-sao-premiados-em-Porto-Velho_003-foto-IRENE-MENDES-300x188.jpg 300w, http:\/\/www.emater.ro.gov.br\/ematerro\/wp-content\/uploads\/2016\/09\/Cafeicultores-classificados-no-concurso-de-qualidade-do-cafe-sao-premiados-em-Porto-Velho_003-foto-IRENE-MENDES-768x480.jpg 768w, http:\/\/www.emater.ro.gov.br\/ematerro\/wp-content\/uploads\/2016\/09\/Cafeicultores-classificados-no-concurso-de-qualidade-do-cafe-sao-premiados-em-Porto-Velho_003-foto-IRENE-MENDES.jpg 1000w\" sizes=\"(max-width: 390px) 100vw, 390px\" \/><figcaption id=\"caption-attachment-1186\" class=\"wp-caption-text\">A qualidade do caf\u00e9 \u00e9 extremamente necess\u00e1rio para agregar valor ao produto.<\/figcaption><\/figure>\n<p>A solenidade de premia\u00e7\u00e3o aos tr\u00eas primeiros classificados como o melhor caf\u00e9 em gr\u00e3os e em bebida e o cafeicultor de produ\u00e7\u00e3o sustent\u00e1vel contou com a presen\u00e7a do vice-governador Daniel Pereira que falou da import\u00e2ncia em se produzir com qualidade e sustentabilidade. \u201cRond\u00f4nia desponta como um grande produtor e isso n\u00e3o seria poss\u00edvel se n\u00e3o fosse o desenvolvimento tecnol\u00f3gico\u201d, disse.<\/p>\n<p>O vice-governador disse ainda ter participado de diversos Dias de Campo e acompanhado o crescimento da cafeicultura no estado e que se orgulha em saber que esses produtores estar\u00e3o representando Rond\u00f4nia durante a Semana Internacional da caf\u00e9 a ser realizada nos dias 21 a 22, em Belo Horizonte-MG. \u201cIsso vai expor, de forma positiva, o estado em n\u00edvel internacional\u201d.<\/p>\n<p>O chefe da Embrapa, Alaerto Luiz Marcolan, disse que a institui\u00e7\u00e3o vem trabalhando com pesquisa e tecnologia na inten\u00e7\u00e3o de que essas tecnologias possam chegar at\u00e9 o produtor e fazer a diferen\u00e7a, e complementa, \u201ca Emater tem feito muito bem esse papel\u201d.<\/p>\n<figure id=\"attachment_1190\" aria-describedby=\"caption-attachment-1190\" style=\"width: 390px\" class=\"wp-caption alignleft\"><img decoding=\"async\" loading=\"lazy\" class=\"wp-image-1190\" src=\"http:\/\/www.emater.ro.gov.br\/ematerro\/wp-content\/uploads\/2016\/09\/NILSON-e-MARCELO-300x188.jpg\" alt=\"Nilton Marques de Lima produz com sustentabilidade.\" width=\"390\" height=\"244\" srcset=\"http:\/\/www.emater.ro.gov.br\/ematerro\/wp-content\/uploads\/2016\/09\/NILSON-e-MARCELO-300x188.jpg 300w, http:\/\/www.emater.ro.gov.br\/ematerro\/wp-content\/uploads\/2016\/09\/NILSON-e-MARCELO-768x480.jpg 768w, http:\/\/www.emater.ro.gov.br\/ematerro\/wp-content\/uploads\/2016\/09\/NILSON-e-MARCELO.jpg 1000w\" sizes=\"(max-width: 390px) 100vw, 390px\" \/><figcaption id=\"caption-attachment-1190\" class=\"wp-caption-text\">Nilton Marques de Lima produz com sustentabilidade.<\/figcaption><\/figure>\n<p>Para Francisco Mende de S\u00e1 Barreto Coutinho, diretor-presidente da Emater-RO, trabalhar a qualidade do caf\u00e9 \u00e9 extremamente necess\u00e1rio para agregar valor ao produto e aumentar a renda do cafeicultor. \u201cA assist\u00eancia t\u00e9cnica e extens\u00e3o rural, a Emater, est\u00e1 trabalhando para se obter, cada vez mais, caf\u00e9 com qualidade e fazer de Rond\u00f4nia o maior estado produtor de caf\u00e9 conilon do Brasil.&#8221;<\/p>\n<p>Os grandes vencedores do concurso receberam premia\u00e7\u00e3o das m\u00e3os de autoridades como: secretario da Seagri, Evandro Padovani, presidente da Idaron, Anselmo de Jesus, deputado estadual Mauro de Carvalho, presidente da C\u00e2mara Setorial do Caf\u00e9, Ezequias Br\u00e1s da Silva Neto (Tuta), entre outras autoridades presentes.<\/p>\n<p>O evento foi abrilhantado com a apresenta\u00e7\u00e3o da orquestra e do coral do projeto D\u00f3 R\u00e9 Militar, da Policia Militar de Rond\u00f4nia, que busca a intera\u00e7\u00e3o entre pol\u00edcia e comunidade promovendo a inicializa\u00e7\u00e3o musical e teatral para crian\u00e7as na faixa et\u00e1ria de 7 a 12 anos.<\/p>\n<p>Veja no quadro abaixo os cafeicultores vencedores e as caracter\u00edsticas dos produtos que lhes deram o t\u00edtulo de melhor caf\u00e9 de Rond\u00f4nia.<\/p>\n<figure id=\"attachment_1184\" aria-describedby=\"caption-attachment-1184\" style=\"width: 984px\" class=\"wp-caption aligncenter\"><img decoding=\"async\" loading=\"lazy\" class=\"wp-image-1184 size-full\" src=\"http:\/\/www.emater.ro.gov.br\/ematerro\/wp-content\/uploads\/2016\/09\/VENCEDORES-DO-CONCURSO-QUALDADE-CAFE.jpg\" alt=\"Fonte: EMATER-RO\" width=\"984\" height=\"405\" srcset=\"http:\/\/www.emater.ro.gov.br\/ematerro\/wp-content\/uploads\/2016\/09\/VENCEDORES-DO-CONCURSO-QUALDADE-CAFE.jpg 984w, http:\/\/www.emater.ro.gov.br\/ematerro\/wp-content\/uploads\/2016\/09\/VENCEDORES-DO-CONCURSO-QUALDADE-CAFE-300x123.jpg 300w, http:\/\/www.emater.ro.gov.br\/ematerro\/wp-content\/uploads\/2016\/09\/VENCEDORES-DO-CONCURSO-QUALDADE-CAFE-768x316.jpg 768w\" sizes=\"(max-width: 984px) 100vw, 984px\" \/><figcaption id=\"caption-attachment-1184\" class=\"wp-caption-text\">Fonte: EMATER-RO<\/figcaption><\/figure>\n<h6 style=\"text-align: right;\"><em>Wania Ressutti<\/em><br \/>\n<em> Jornalista \u2013 SRTE\/DRT\/RO-959<\/em><br \/>\n<em> Fotos: Irene Mendes<\/em><br \/>\n<em> Rep\u00f3rter fotogr\u00e1fica \u2013 SRTE\/DRT\/RO-368<\/em><br \/>\n<em> EMATER-RO<\/em><\/h6>\n","protected":false},"excerpt":{"rendered":"<p>Os vencedores do 1\u00ba Concurso de Qualidade e Sustentabilidade do Caf\u00e9 Can\u00e9fora do Estado de Rond\u00f4nia receberam seus pr\u00eamios em solenidade realizada nesta quarta-feira (14), no p\u00e1tio do Pal\u00e1cio Rio [&hellip;]<\/p>\n","protected":false},"author":9,"featured_media":1185,"comment_status":"closed","ping_status":"closed","sticky":false,"template":"","format":"standard","meta":[],"categories":[10,9,12],"tags":[65,30,52,66],"_links":{"self":[{"href":"http:\/\/www.emater.ro.gov.br\/ematerro\/wp-json\/wp\/v2\/posts\/1182"}],"collection":[{"href":"http:\/\/www.emater.ro.gov.br\/ematerro\/wp-json\/wp\/v2\/posts"}],"about":[{"href":"http:\/\/www.emater.ro.gov.br\/ematerro\/wp-json\/wp\/v2\/types\/post"}],"author":[{"embeddable":true,"href":"http:\/\/www.emater.ro.gov.br\/ematerro\/wp-json\/wp\/v2\/users\/9"}],"replies":[{"embeddable":true,"href":"http:\/\/www.emater.ro.gov.br\/ematerro\/wp-json\/wp\/v2\/comments?post=1182"}],"version-history":[{"count":4,"href":"http:\/\/www.emater.ro.gov.br\/ematerro\/wp-json\/wp\/v2\/posts\/1182\/revisions"}],"predecessor-version":[{"id":1253,"href":"http:\/\/www.emater.ro.gov.br\/ematerro\/wp-json\/wp\/v2\/posts\/1182\/revisions\/1253"}],"wp:featuredmedia":[{"embeddable":true,"href":"http:\/\/www.emater.ro.gov.br\/ematerro\/wp-json\/wp\/v2\/media\/1185"}],"wp:attachment":[{"href":"http:\/\/www.emater.ro.gov.br\/ematerro\/wp-json\/wp\/v2\/media?parent=1182"}],"wp:term":[{"taxonomy":"category","embeddable":true,"href":"http:\/\/www.emater.ro.gov.br\/ematerro\/wp-json\/wp\/v2\/categories?post=1182"},{"taxonomy":"post_tag","embeddable":true,"href":"http:\/\/www.emater.ro.gov.br\/ematerro\/wp-json\/wp\/v2\/tags?post=1182"}],"curies":[{"name":"wp","href":"https:\/\/api.w.org\/{rel}","templated":true}]}}