{"id":11814,"date":"2022-04-01T11:19:08","date_gmt":"2022-04-01T15:19:08","guid":{"rendered":"http:\/\/www.emater.ro.gov.br\/ematerro\/?p=11814"},"modified":"2022-04-04T09:26:16","modified_gmt":"2022-04-04T13:26:16","slug":"governo-inaugura-o-centro-de-abastecimento-de-rondonia-cearo","status":"publish","type":"post","link":"http:\/\/www.emater.ro.gov.br\/ematerro\/2022\/04\/01\/governo-inaugura-o-centro-de-abastecimento-de-rondonia-cearo\/","title":{"rendered":"Governo inaugura o Centro de Abastecimento de Rond\u00f4nia"},"content":{"rendered":"<figure id=\"attachment_11821\" aria-describedby=\"caption-attachment-11821\" style=\"width: 1000px\" class=\"wp-caption aligncenter\"><img decoding=\"async\" loading=\"lazy\" class=\"wp-image-11821 size-full\" src=\"http:\/\/www.emater.ro.gov.br\/ematerro\/wp-content\/uploads\/2022\/04\/20220401-foto-inaugurao-cearo-irene-mendes-31-03-2022.jpg\" alt=\"foto inaugura\u00e7\u00e3o Cearo- Irene Mendes- 31-03-2022\" width=\"1000\" height=\"664\" srcset=\"http:\/\/www.emater.ro.gov.br\/ematerro\/wp-content\/uploads\/2022\/04\/20220401-foto-inaugurao-cearo-irene-mendes-31-03-2022.jpg 1000w, http:\/\/www.emater.ro.gov.br\/ematerro\/wp-content\/uploads\/2022\/04\/20220401-foto-inaugurao-cearo-irene-mendes-31-03-2022-300x199.jpg 300w, http:\/\/www.emater.ro.gov.br\/ematerro\/wp-content\/uploads\/2022\/04\/20220401-foto-inaugurao-cearo-irene-mendes-31-03-2022-768x510.jpg 768w, http:\/\/www.emater.ro.gov.br\/ematerro\/wp-content\/uploads\/2022\/04\/20220401-foto-inaugurao-cearo-irene-mendes-31-03-2022-480x320.jpg 480w\" sizes=\"(max-width: 1000px) 100vw, 1000px\" \/><figcaption id=\"caption-attachment-11821\" class=\"wp-caption-text\">A Emater-RO tem a miss\u00e3o de mobilizar os produtores e orientar a produ\u00e7\u00e3o que ir\u00e1 abastecer o Cearo<\/figcaption><\/figure>\n<p>A estrutura f\u00edsica est\u00e1 pronta, faltando apenas as marca\u00e7\u00f5es dos pontos de venda e as estruturas complementares para o funcionamento das atividades comerciais, ainda ser\u00e3o instalados uma central higienizadora para as caixas de embalagens dos produtos, um banco de alimentos e uma composteira, mecanismos essenciais para o pleno funcionamento do centro de abastecimento.<\/p>\n<figure id=\"attachment_11819\" aria-describedby=\"caption-attachment-11819\" style=\"width: 400px\" class=\"wp-caption alignleft\"><img decoding=\"async\" loading=\"lazy\" class=\"wp-image-11819\" src=\"http:\/\/www.emater.ro.gov.br\/ematerro\/wp-content\/uploads\/2022\/04\/20220401-inauguraao-cearo-03-2022-irene-mendes.jpg\" alt=\"O vice governador, secret\u00e1rios de estado e produtores se empolgaram com a qualidade das instala\u00e7\u00f5es do Cearo.\" width=\"400\" height=\"294\" srcset=\"http:\/\/www.emater.ro.gov.br\/ematerro\/wp-content\/uploads\/2022\/04\/20220401-inauguraao-cearo-03-2022-irene-mendes.jpg 1000w, http:\/\/www.emater.ro.gov.br\/ematerro\/wp-content\/uploads\/2022\/04\/20220401-inauguraao-cearo-03-2022-irene-mendes-300x221.jpg 300w, http:\/\/www.emater.ro.gov.br\/ematerro\/wp-content\/uploads\/2022\/04\/20220401-inauguraao-cearo-03-2022-irene-mendes-768x564.jpg 768w\" sizes=\"(max-width: 400px) 100vw, 400px\" \/><figcaption id=\"caption-attachment-11819\" class=\"wp-caption-text\">O vice governador, secret\u00e1rios de estado e produtores se empolgaram com a qualidade das instala\u00e7\u00f5es do Cearo.<\/figcaption><\/figure>\n<p>Estas instala\u00e7\u00f5es ir\u00e3o evitar\u00a0 desperd\u00edcio, propaga\u00e7\u00e3o de doen\u00e7as de plantas e animais, al\u00e9m do aproveitamento integral dos produtos descartados,\u00a0 apenas pela apar\u00eancia desfavor\u00e1vel para o mercado. Estes produtos ser\u00e3o processados no banco de alimentos, embalados e direcionado para doa\u00e7\u00f5es a entidades filantr\u00f3picas.<\/p>\n<p>A composteira e a central higienizadora s\u00e3o mecanismos de controle ambiental que tornar\u00e3o o ambiente de venda mais salubre e com boa apar\u00eancia, evitando-se o ac\u00famulo de restos de produtos, e o aparecimento de roedores e outros animais nas instala\u00e7\u00f5es. No caso especifico da central de higieniza\u00e7\u00e3o de embalagens, cumpre-se uma exig\u00eancia da Ag\u00eancia de Vigil\u00e2ncia Sanit\u00e1ria Agrosilvopastoril (Idaron), para evitar a dissemina\u00e7\u00e3o de pragas e doen\u00e7as nos cultivos, para isto, &#8220;toda vez que o produtor trouxer seu produto embalado nas caixas padr\u00e3o, receber\u00e1 um vale caixa correspondente \u00e0s que trouxe, e receber\u00e1 outras j\u00e1 devidamente higienizadas, esclareceu o respons\u00e1vel pelo projeto comercial do Cearo&#8221;, Economista Alex, da Seagri.<\/p>\n<p style=\"text-align: right;\"><span style=\"color: #008000;\"><em>Texto: Enoque de Oliveira<\/em><\/span><br \/>\n<span style=\"color: #008000;\"><em>Fotos: Irene Mendes<\/em><\/span><br \/>\n<span style=\"color: #008000;\"><em>EMATER-RO<\/em><\/span><\/p>\n","protected":false},"excerpt":{"rendered":"<p>A estrutura f\u00edsica est\u00e1 pronta, faltando apenas as marca\u00e7\u00f5es dos pontos de venda e as estruturas complementares para o funcionamento das atividades comerciais, ainda ser\u00e3o instalados uma central higienizadora para [&hellip;]<\/p>\n","protected":false},"author":8,"featured_media":11820,"comment_status":"closed","ping_status":"closed","sticky":false,"template":"","format":"standard","meta":[],"categories":[10,9,12],"tags":[683],"_links":{"self":[{"href":"http:\/\/www.emater.ro.gov.br\/ematerro\/wp-json\/wp\/v2\/posts\/11814"}],"collection":[{"href":"http:\/\/www.emater.ro.gov.br\/ematerro\/wp-json\/wp\/v2\/posts"}],"about":[{"href":"http:\/\/www.emater.ro.gov.br\/ematerro\/wp-json\/wp\/v2\/types\/post"}],"author":[{"embeddable":true,"href":"http:\/\/www.emater.ro.gov.br\/ematerro\/wp-json\/wp\/v2\/users\/8"}],"replies":[{"embeddable":true,"href":"http:\/\/www.emater.ro.gov.br\/ematerro\/wp-json\/wp\/v2\/comments?post=11814"}],"version-history":[{"count":11,"href":"http:\/\/www.emater.ro.gov.br\/ematerro\/wp-json\/wp\/v2\/posts\/11814\/revisions"}],"predecessor-version":[{"id":11839,"href":"http:\/\/www.emater.ro.gov.br\/ematerro\/wp-json\/wp\/v2\/posts\/11814\/revisions\/11839"}],"wp:featuredmedia":[{"embeddable":true,"href":"http:\/\/www.emater.ro.gov.br\/ematerro\/wp-json\/wp\/v2\/media\/11820"}],"wp:attachment":[{"href":"http:\/\/www.emater.ro.gov.br\/ematerro\/wp-json\/wp\/v2\/media?parent=11814"}],"wp:term":[{"taxonomy":"category","embeddable":true,"href":"http:\/\/www.emater.ro.gov.br\/ematerro\/wp-json\/wp\/v2\/categories?post=11814"},{"taxonomy":"post_tag","embeddable":true,"href":"http:\/\/www.emater.ro.gov.br\/ematerro\/wp-json\/wp\/v2\/tags?post=11814"}],"curies":[{"name":"wp","href":"https:\/\/api.w.org\/{rel}","templated":true}]}}