{"id":11766,"date":"2022-03-22T12:25:18","date_gmt":"2022-03-22T16:25:18","guid":{"rendered":"http:\/\/www.emater.ro.gov.br\/ematerro\/?p=11766"},"modified":"2022-03-24T11:20:33","modified_gmt":"2022-03-24T15:20:33","slug":"governo-entrega-novos-equipamentos-para-fortalecer-acoes-da-pecuaria-leiteira","status":"publish","type":"post","link":"http:\/\/www.emater.ro.gov.br\/ematerro\/2022\/03\/22\/governo-entrega-novos-equipamentos-para-fortalecer-acoes-da-pecuaria-leiteira\/","title":{"rendered":"Governo entrega novos equipamentos para fortalecer a\u00e7\u00f5es da pecu\u00e1ria leiteira"},"content":{"rendered":"<figure id=\"attachment_11767\" aria-describedby=\"caption-attachment-11767\" style=\"width: 1000px\" class=\"wp-caption aligncenter\"><img decoding=\"async\" loading=\"lazy\" class=\"wp-image-11767\" src=\"http:\/\/www.emater.ro.gov.br\/ematerro\/wp-content\/uploads\/2022\/03\/20220322-20220209-distribuidores-de-calcario-e-implementos-para-ensilagem-768x461.jpg\" alt=\"Cerca de mil equipamentos j\u00e1 foram entregues nos \u00faltimos tr\u00eas anos.\" width=\"1000\" height=\"600\" srcset=\"http:\/\/www.emater.ro.gov.br\/ematerro\/wp-content\/uploads\/2022\/03\/20220322-20220209-distribuidores-de-calcario-e-implementos-para-ensilagem-768x461.jpg 768w, http:\/\/www.emater.ro.gov.br\/ematerro\/wp-content\/uploads\/2022\/03\/20220322-20220209-distribuidores-de-calcario-e-implementos-para-ensilagem-768x461-300x180.jpg 300w\" sizes=\"(max-width: 1000px) 100vw, 1000px\" \/><figcaption id=\"caption-attachment-11767\" class=\"wp-caption-text\"><em>Cerca de 1.200 equipamentos j\u00e1 foram entregues nos \u00faltimos tr\u00eas anos. para atender a agricultura familiar de Rond\u00f4nia.<\/em><\/figcaption><\/figure>\n<p>O governo de Rond\u00f4nia, por meio da Secretaria de Estado da Agricultura (Seagri) e Entidade Aut\u00e1rquica de Assist\u00eancia T\u00e9cnica e Extens\u00e3o Rural (Emater-RO) realiza nesta quarta-feira (23), em Ji-Paran\u00e1, a entrega de nova remessa de equipamento agr\u00edcola para atender a agricultura familiar no estado. Ser\u00e3o 160 novos equipamentos adquiridos com recursos oriundos da Fonte 100, do governo estadual, e de conv\u00eanios firmados com institui\u00e7\u00f5es do governo federal com a finalidade de fortalecer o sistema produtivo da pecu\u00e1ria leiteira com sustentabilidade econ\u00f4mica, social e ambiental.<\/p>\n<p>A entrega de equipamentos para fortalecimento do setor agropecu\u00e1rio de Rond\u00f4nia faz parte das a\u00e7\u00f5es desenvolvidas com o Fundo de Investimento e Apoio ao Programa de Desenvolvimento da Pecu\u00e1ria Leiteira do Estado de Rond\u00f4nia (Proleite), cujo objetivo \u00e9 incrementar a implanta\u00e7\u00e3o, amplia\u00e7\u00e3o e moderniza\u00e7\u00e3o do segmento, al\u00e9m de promover o aumento da competitividade dos produtos no mercado. S\u00f3 nos \u00faltimos tr\u00eas anos, os agricultores familiares j\u00e1 foram beneficiados com a entrega de mais de 1.200 equipamentos.<\/p>\n<p>Nesta semana, ser\u00e3o entregues em Ji-Paran\u00e1, 52 colhedoras de forragem de uma linha; 52 m\u00e1quinas empacotadeiras e compactadora de silagem; 44 plantadeiras de adubadeiras; seis carretas agr\u00edcolas hidr\u00e1ulicas e seis distribuidores de calc\u00e1rio.<\/p>\n<p>O investimento na aquisi\u00e7\u00e3o desses equipamentos foi na ordem de R$ 5.996.708, 85. A entrega est\u00e1 sendo feita pelo governo de Rond\u00f4nia nos 52 munic\u00edpios do estado e vai fortalecer a pecu\u00e1ria leiteira rondoniense.<\/p>\n<p style=\"text-align: right;\"><em><span style=\"color: #008000;\">Texto: Wania Ressutti<\/span><\/em><br \/>\n<em><span style=\"color: #008000;\">Jornalista \u2013 MTE-1744\/RO<\/span><\/em><br \/>\n<em><span style=\"color: #008000;\">Fotos: Irene Mendes e Rayne Andrade<\/span><\/em><br \/>\n<em><span style=\"color: #008000;\">Rep\u00f3rter fotogr\u00e1fica \u2013 MTE-368\/RO<\/span><\/em><br \/>\n<em><span style=\"color: #008000;\">EMATER-RO<\/span><\/em><\/p>\n","protected":false},"excerpt":{"rendered":"<p>O governo de Rond\u00f4nia, por meio da Secretaria de Estado da Agricultura (Seagri) e Entidade Aut\u00e1rquica de Assist\u00eancia T\u00e9cnica e Extens\u00e3o Rural (Emater-RO) realiza nesta quarta-feira (23), em Ji-Paran\u00e1, a [&hellip;]<\/p>\n","protected":false},"author":9,"featured_media":11785,"comment_status":"closed","ping_status":"closed","sticky":false,"template":"","format":"standard","meta":[],"categories":[10,9,12],"tags":[682,211,311],"_links":{"self":[{"href":"http:\/\/www.emater.ro.gov.br\/ematerro\/wp-json\/wp\/v2\/posts\/11766"}],"collection":[{"href":"http:\/\/www.emater.ro.gov.br\/ematerro\/wp-json\/wp\/v2\/posts"}],"about":[{"href":"http:\/\/www.emater.ro.gov.br\/ematerro\/wp-json\/wp\/v2\/types\/post"}],"author":[{"embeddable":true,"href":"http:\/\/www.emater.ro.gov.br\/ematerro\/wp-json\/wp\/v2\/users\/9"}],"replies":[{"embeddable":true,"href":"http:\/\/www.emater.ro.gov.br\/ematerro\/wp-json\/wp\/v2\/comments?post=11766"}],"version-history":[{"count":3,"href":"http:\/\/www.emater.ro.gov.br\/ematerro\/wp-json\/wp\/v2\/posts\/11766\/revisions"}],"predecessor-version":[{"id":11786,"href":"http:\/\/www.emater.ro.gov.br\/ematerro\/wp-json\/wp\/v2\/posts\/11766\/revisions\/11786"}],"wp:featuredmedia":[{"embeddable":true,"href":"http:\/\/www.emater.ro.gov.br\/ematerro\/wp-json\/wp\/v2\/media\/11785"}],"wp:attachment":[{"href":"http:\/\/www.emater.ro.gov.br\/ematerro\/wp-json\/wp\/v2\/media?parent=11766"}],"wp:term":[{"taxonomy":"category","embeddable":true,"href":"http:\/\/www.emater.ro.gov.br\/ematerro\/wp-json\/wp\/v2\/categories?post=11766"},{"taxonomy":"post_tag","embeddable":true,"href":"http:\/\/www.emater.ro.gov.br\/ematerro\/wp-json\/wp\/v2\/tags?post=11766"}],"curies":[{"name":"wp","href":"https:\/\/api.w.org\/{rel}","templated":true}]}}