{"id":1172,"date":"2016-09-13T12:42:13","date_gmt":"2016-09-13T16:42:13","guid":{"rendered":"http:\/\/www.emater.ro.gov.br\/ematerro\/?p=1172"},"modified":"2016-09-13T12:42:13","modified_gmt":"2016-09-13T16:42:13","slug":"termo-firmado-entre-emater-e-sicoob-agiliza-credito-ao-agricultor","status":"publish","type":"post","link":"http:\/\/www.emater.ro.gov.br\/ematerro\/2016\/09\/13\/termo-firmado-entre-emater-e-sicoob-agiliza-credito-ao-agricultor\/","title":{"rendered":"Termo firmado entre Emater e Sicoob agiliza cr\u00e9dito ao agricultor"},"content":{"rendered":"<p>O produtor rural rondoniense tem agora, mais uma op\u00e7\u00e3o para investir em sua propriedade. Com o termo de coopera\u00e7\u00e3o t\u00e9cnico-financeira firmado entre a Cooperativa Central de Cr\u00e9dito do Norte do Brasil (Sicoob Norte) e a Empresa Estadual de Assist\u00eancia T\u00e9cnica e Extens\u00e3o Rural do Estado de Rond\u00f4nia (Emater-RO), os cooperados ter\u00e3o acompanhamento t\u00e9cnico para a adequada aplica\u00e7\u00e3o dos recursos. Al\u00e9m de facilitar o acesso \u00e0s linhas de financiamento, o documento assinado dar\u00e1 maior agilidade ampliando as op\u00e7\u00f5es para as opera\u00e7\u00f5es de cr\u00e9dito.<\/p>\n<figure id=\"attachment_1173\" aria-describedby=\"caption-attachment-1173\" style=\"width: 1000px\" class=\"wp-caption aligncenter\"><img decoding=\"async\" loading=\"lazy\" class=\"wp-image-1173 size-full\" src=\"http:\/\/www.emater.ro.gov.br\/ematerro\/wp-content\/uploads\/2016\/09\/Termo-firmado-entre-Emater-e-Sicoob-agiliza-credito-ao-agricultor_003-Foto-IRENE-MENDES.jpg\" alt=\"A parceria vai garantir a aplica\u00e7\u00e3o adequada dos recursos obtidos com o cr\u00e9dito.\" width=\"1000\" height=\"625\" srcset=\"http:\/\/www.emater.ro.gov.br\/ematerro\/wp-content\/uploads\/2016\/09\/Termo-firmado-entre-Emater-e-Sicoob-agiliza-credito-ao-agricultor_003-Foto-IRENE-MENDES.jpg 1000w, http:\/\/www.emater.ro.gov.br\/ematerro\/wp-content\/uploads\/2016\/09\/Termo-firmado-entre-Emater-e-Sicoob-agiliza-credito-ao-agricultor_003-Foto-IRENE-MENDES-300x188.jpg 300w, http:\/\/www.emater.ro.gov.br\/ematerro\/wp-content\/uploads\/2016\/09\/Termo-firmado-entre-Emater-e-Sicoob-agiliza-credito-ao-agricultor_003-Foto-IRENE-MENDES-768x480.jpg 768w\" sizes=\"(max-width: 1000px) 100vw, 1000px\" \/><figcaption id=\"caption-attachment-1173\" class=\"wp-caption-text\">A parceria vai garantir a aplica\u00e7\u00e3o adequada dos recursos obtidos com o cr\u00e9dito.<\/figcaption><\/figure>\n<p>A Sicoob Norte \u00e9 hoje, uma importante entidade cooperativa que se dedica \u00e0 operacionaliza\u00e7\u00e3o dos processos e \u00e0 qualidade dos servi\u00e7os financeiros necess\u00e1rios \u00e0s atividades de seus cooperados. Sua atividade foi iniciada em 1996, quando um grupo de empres\u00e1rios e empreendedores rurais sentiu a necessidade de se unirem em busca de custos financeiros mais baixos.<\/p>\n<p>A primeira ag\u00eancia foi implantada em Pimenta Bueno, com um capital inicial de R$ 5.300,00. Hoje, 20 anos depois e com 96 unidades distribu\u00eddas em todo o estado, a Sicoob Norte conta com um ativo de R$ 1 bilh\u00e3o e 900 milh\u00f5es que giram dentro do estado. \u201cA cooperativa \u00e9 o banco do povo\u201d, diz o diretor presidente da Emater-RO, Francisco Mende de S\u00e1 Barreto Coutinho, complementando que a Emater esteve presente desde o in\u00edcio do processo e foi de extrema import\u00e2ncia para a implanta\u00e7\u00e3o da cooperativa em Rond\u00f4nia.<\/p>\n<figure id=\"attachment_1174\" aria-describedby=\"caption-attachment-1174\" style=\"width: 450px\" class=\"wp-caption alignright\"><img decoding=\"async\" loading=\"lazy\" class=\"wp-image-1174\" src=\"http:\/\/www.emater.ro.gov.br\/ematerro\/wp-content\/uploads\/2016\/09\/Termo-firmado-entre-Emater-e-Sicoob-agiliza-credito-ao-agricultor_001-Foto-IRENE-MENDES-300x188.jpg\" alt=\"Termo firmado entre Emater e Sicoob agiliza credito ao agricultor_001-Foto IRENE MENDES\" width=\"450\" height=\"281\" srcset=\"http:\/\/www.emater.ro.gov.br\/ematerro\/wp-content\/uploads\/2016\/09\/Termo-firmado-entre-Emater-e-Sicoob-agiliza-credito-ao-agricultor_001-Foto-IRENE-MENDES-300x188.jpg 300w, http:\/\/www.emater.ro.gov.br\/ematerro\/wp-content\/uploads\/2016\/09\/Termo-firmado-entre-Emater-e-Sicoob-agiliza-credito-ao-agricultor_001-Foto-IRENE-MENDES-768x480.jpg 768w, http:\/\/www.emater.ro.gov.br\/ematerro\/wp-content\/uploads\/2016\/09\/Termo-firmado-entre-Emater-e-Sicoob-agiliza-credito-ao-agricultor_001-Foto-IRENE-MENDES.jpg 1000w\" sizes=\"(max-width: 450px) 100vw, 450px\" \/><figcaption id=\"caption-attachment-1174\" class=\"wp-caption-text\">Maior agilidade e amplia\u00e7\u00e3o das op\u00e7\u00f5es para as opera\u00e7\u00f5es de cr\u00e9dito.<\/figcaption><\/figure>\n<p>O termo de coopera\u00e7\u00e3o t\u00e9cnico-financeira firmado entre as duas institui\u00e7\u00f5es abre mais uma porta para o agricultor que necessita de cr\u00e9dito para investimento e custeio de seu neg\u00f3cio rural. \u201cSomente durante a 5\u00aa Rond\u00f4nia Rural Show recebemos R$ 28 milh\u00f5es em propostas e efetivamos R$ 14 milh\u00f5es\u201d, diz a analista de neg\u00f3cios da Sicoob, Elaine Holanda.<\/p>\n<p>A parceria firmada com a Emater vai garantir a aplica\u00e7\u00e3o adequada dos recursos obtidos com o cr\u00e9dito. Al\u00e9m de elaborar o projeto junto ao cooperado, os extensionistas prestar\u00e3o assist\u00eancia t\u00e9cnica e apoio \u00e0s explora\u00e7\u00f5es rurais com incentivo \u00e0 ado\u00e7\u00e3o de tecnologias mais eficientes e capazes de otimizar o uso dos recursos.<\/p>\n<p>Segundo o diretor executivo da Sicoob Norte. Edson Quevedo Soares, a institui\u00e7\u00e3o conta com as mesmas condi\u00e7\u00f5es das demais institui\u00e7\u00f5es financeiras e atua com as mesmas linhas de cr\u00e9dito, podendo oferecer ao seu cooperado, facilidade e agilidade na capta\u00e7\u00e3o do recurso. \u201cEm 2016, o Sicoob operou uma carteira de 444 milh\u00f5es de cr\u00e9dito rural\u201d, diz o diretor, salientando que, com a parceria da Emater, com certeza haver\u00e1 as opera\u00e7\u00f5es voltadas para o segmento rural ser\u00e3o fortalecidas.<\/p>\n<h6 style=\"text-align: right;\"><em>Wania Ressutti<\/em><br \/>\n<em>Jornalista \u2013 SRTE\/DRT\/RO-959<\/em><br \/>\n<em>Fotos: Irene Mendes<\/em><br \/>\n<em>Rep\u00f3rter fotogr\u00e1fica \u2013 SRTE\/DRT\/RO-368<\/em><br \/>\n<em>EMATER-RO<\/em><\/h6>\n","protected":false},"excerpt":{"rendered":"<p>O produtor rural rondoniense tem agora, mais uma op\u00e7\u00e3o para investir em sua propriedade. Com o termo de coopera\u00e7\u00e3o t\u00e9cnico-financeira firmado entre a Cooperativa Central de Cr\u00e9dito do Norte do [&hellip;]<\/p>\n","protected":false},"author":9,"featured_media":1175,"comment_status":"closed","ping_status":"closed","sticky":false,"template":"","format":"standard","meta":[],"categories":[10,9,12],"tags":[64,31,30],"_links":{"self":[{"href":"http:\/\/www.emater.ro.gov.br\/ematerro\/wp-json\/wp\/v2\/posts\/1172"}],"collection":[{"href":"http:\/\/www.emater.ro.gov.br\/ematerro\/wp-json\/wp\/v2\/posts"}],"about":[{"href":"http:\/\/www.emater.ro.gov.br\/ematerro\/wp-json\/wp\/v2\/types\/post"}],"author":[{"embeddable":true,"href":"http:\/\/www.emater.ro.gov.br\/ematerro\/wp-json\/wp\/v2\/users\/9"}],"replies":[{"embeddable":true,"href":"http:\/\/www.emater.ro.gov.br\/ematerro\/wp-json\/wp\/v2\/comments?post=1172"}],"version-history":[{"count":1,"href":"http:\/\/www.emater.ro.gov.br\/ematerro\/wp-json\/wp\/v2\/posts\/1172\/revisions"}],"predecessor-version":[{"id":1176,"href":"http:\/\/www.emater.ro.gov.br\/ematerro\/wp-json\/wp\/v2\/posts\/1172\/revisions\/1176"}],"wp:featuredmedia":[{"embeddable":true,"href":"http:\/\/www.emater.ro.gov.br\/ematerro\/wp-json\/wp\/v2\/media\/1175"}],"wp:attachment":[{"href":"http:\/\/www.emater.ro.gov.br\/ematerro\/wp-json\/wp\/v2\/media?parent=1172"}],"wp:term":[{"taxonomy":"category","embeddable":true,"href":"http:\/\/www.emater.ro.gov.br\/ematerro\/wp-json\/wp\/v2\/categories?post=1172"},{"taxonomy":"post_tag","embeddable":true,"href":"http:\/\/www.emater.ro.gov.br\/ematerro\/wp-json\/wp\/v2\/tags?post=1172"}],"curies":[{"name":"wp","href":"https:\/\/api.w.org\/{rel}","templated":true}]}}