{"id":1156,"date":"2016-09-13T09:23:49","date_gmt":"2016-09-13T13:23:49","guid":{"rendered":"http:\/\/www.emater.ro.gov.br\/ematerro\/?p=1156"},"modified":"2016-09-13T11:44:28","modified_gmt":"2016-09-13T15:44:28","slug":"estudantes-e-pesquisadores-austriacos-visitam-rondonia","status":"publish","type":"post","link":"http:\/\/www.emater.ro.gov.br\/ematerro\/2016\/09\/13\/estudantes-e-pesquisadores-austriacos-visitam-rondonia\/","title":{"rendered":"Estudantes e pesquisadores austr\u00edacos visitam Rond\u00f4nia"},"content":{"rendered":"<p style=\"text-align: justify;\"><img decoding=\"async\" loading=\"lazy\" class=\"alignleft wp-image-1159\" src=\"http:\/\/www.emater.ro.gov.br\/ematerro\/wp-content\/uploads\/2016\/09\/DSC_0035-300x190.jpg\" alt=\"DSC_0035\" width=\"600\" height=\"379\" srcset=\"http:\/\/www.emater.ro.gov.br\/ematerro\/wp-content\/uploads\/2016\/09\/DSC_0035-300x190.jpg 300w, http:\/\/www.emater.ro.gov.br\/ematerro\/wp-content\/uploads\/2016\/09\/DSC_0035-768x486.jpg 768w, http:\/\/www.emater.ro.gov.br\/ematerro\/wp-content\/uploads\/2016\/09\/DSC_0035-1024x648.jpg 1024w\" sizes=\"(max-width: 600px) 100vw, 600px\" \/>Est\u00e1 em visita a Rond\u00f4nia um grupo de vinte estudantes do curso de mestrado em geografia humana, acompanhados dos professores Martin Coy e Gerard, todos da Universidade dos Alpis, localizada na cidade de Innsbruck na \u00c1ustria.<\/p>\n<p style=\"text-align: justify;\">O grupo de estudiosos foi recebido no Pal\u00e1cio Rio Madeira pelo vice-governador Daniel Pereira, que deu as boas vindas aos visitantes, acompanhado da Superintend\u00eancia de Desenvolvimento do Estado (Suder), e em seguida os encaminhou \u00e0 Emater-RO, onde conversaram com o presidente Francisco Mende S\u00e1 e sua diretoria.<\/p>\n<p style=\"text-align: justify;\">Nesta viagem de estudos a Rond\u00f4nia, os acad\u00eamicos estrangeiros avaliam aspectos do desenvolvimento de projetos de coloniza\u00e7\u00e3o na Amaz\u00f4nia, numa parceria com a Universidade Nacional de Bras\u00edlia (UNB). Antes de chegar a Porto Velho eles estiveram em Ji-Paran\u00e1, distrito de Nova Colina e nos munic\u00edpios de \u00a0Ouro Preto, Nova Uni\u00e3o, Urup\u00e1 e Teixeir\u00f3polis.<\/p>\n<p style=\"text-align: justify;\">Eles tiveram a oportunidade de conhecer &#8211; entre outras atividades &#8211; projetos de piscicultura, que foram comentados pelo vice-governador, como oportunidade de desenvolvimento sustentado, desde que os mercados se abram para este produto amaz\u00f4nico, potencialmente rent\u00e1vel, e com a vantagem de n\u00e3o agredir a natureza.<\/p>\n<p style=\"text-align: justify;\">As localidades visitadas tiveram origem em projetos de coloniza\u00e7\u00e3o e tamb\u00e9m no Programa de Desenvolvimento Integrado, conhecido como Polonoroeste, e que foi objeto de estudo do professor Martin Coy, ainda na primeira metade dos anos 80.<img decoding=\"async\" loading=\"lazy\" class=\"wp-image-1157 size-medium alignright\" src=\"http:\/\/www.emater.ro.gov.br\/ematerro\/wp-content\/uploads\/2016\/09\/DSC_0005-300x202.jpg\" width=\"300\" height=\"202\" srcset=\"http:\/\/www.emater.ro.gov.br\/ematerro\/wp-content\/uploads\/2016\/09\/DSC_0005-300x202.jpg 300w, http:\/\/www.emater.ro.gov.br\/ematerro\/wp-content\/uploads\/2016\/09\/DSC_0005-768x516.jpg 768w, http:\/\/www.emater.ro.gov.br\/ematerro\/wp-content\/uploads\/2016\/09\/DSC_0005-1024x688.jpg 1024w\" sizes=\"(max-width: 300px) 100vw, 300px\" \/><\/p>\n<p style=\"text-align: justify;\">Agora eles t\u00eam como objeto principal de estudo o Projeto &#8220;Reca&#8221;, no distrito de Nova Calif\u00f3rnia em Porto Velho. O Reca trabalha com um modelo de desenvolvimento rural considerado inovador, que prioriza o cultivo em sistemas agroflorestais, aliado a um forte esquema associativo, que entre outras coisas agrega os produtores em torno da agroind\u00fastria de processamento da produ\u00e7\u00e3o, completando a cadeia produtiva.<\/p>\n<p style=\"text-align: justify;\">Os pesquisadores ir\u00e3o permanecer por uma semana no distrito de Nova Calif\u00f3rnia com os produtores do Reca, fazendo levantamentos e estudos comparativos. No dia 22 deste m\u00eas retornam a Bras\u00edlia, onde apresentar\u00e3o os resultados de seus estudos em um semin\u00e1rio com pesquisadores da UNB.<\/p>\n<h6 style=\"text-align: right;\"><em>\u00a0<strong>Enoque de Oliveira DRT 913<\/strong><strong><br \/>\nFotos: Irene Mendes<br \/>\nRep\u00f3rter fotogr\u00e1fica \u2013 DRT-368\/RO<br \/>\nEMATER-RO<\/strong><\/em><\/h6>\n","protected":false},"excerpt":{"rendered":"<p>Est\u00e1 em visita a Rond\u00f4nia um grupo de vinte estudantes do curso de mestrado em geografia humana, acompanhados dos professores Martin Coy e Gerard, todos da Universidade dos Alpis, localizada [&hellip;]<\/p>\n","protected":false},"author":8,"featured_media":1158,"comment_status":"closed","ping_status":"closed","sticky":false,"template":"","format":"standard","meta":[],"categories":[10,9,12],"tags":[],"_links":{"self":[{"href":"http:\/\/www.emater.ro.gov.br\/ematerro\/wp-json\/wp\/v2\/posts\/1156"}],"collection":[{"href":"http:\/\/www.emater.ro.gov.br\/ematerro\/wp-json\/wp\/v2\/posts"}],"about":[{"href":"http:\/\/www.emater.ro.gov.br\/ematerro\/wp-json\/wp\/v2\/types\/post"}],"author":[{"embeddable":true,"href":"http:\/\/www.emater.ro.gov.br\/ematerro\/wp-json\/wp\/v2\/users\/8"}],"replies":[{"embeddable":true,"href":"http:\/\/www.emater.ro.gov.br\/ematerro\/wp-json\/wp\/v2\/comments?post=1156"}],"version-history":[{"count":9,"href":"http:\/\/www.emater.ro.gov.br\/ematerro\/wp-json\/wp\/v2\/posts\/1156\/revisions"}],"predecessor-version":[{"id":1171,"href":"http:\/\/www.emater.ro.gov.br\/ematerro\/wp-json\/wp\/v2\/posts\/1156\/revisions\/1171"}],"wp:featuredmedia":[{"embeddable":true,"href":"http:\/\/www.emater.ro.gov.br\/ematerro\/wp-json\/wp\/v2\/media\/1158"}],"wp:attachment":[{"href":"http:\/\/www.emater.ro.gov.br\/ematerro\/wp-json\/wp\/v2\/media?parent=1156"}],"wp:term":[{"taxonomy":"category","embeddable":true,"href":"http:\/\/www.emater.ro.gov.br\/ematerro\/wp-json\/wp\/v2\/categories?post=1156"},{"taxonomy":"post_tag","embeddable":true,"href":"http:\/\/www.emater.ro.gov.br\/ematerro\/wp-json\/wp\/v2\/tags?post=1156"}],"curies":[{"name":"wp","href":"https:\/\/api.w.org\/{rel}","templated":true}]}}