{"id":1145,"date":"2016-09-12T10:41:36","date_gmt":"2016-09-12T14:41:36","guid":{"rendered":"http:\/\/www.emater.ro.gov.br\/ematerro\/?p=1145"},"modified":"2016-09-12T12:15:03","modified_gmt":"2016-09-12T16:15:03","slug":"quilombolas-do-vale-do-guapore-receberao-atencao-da-emater-ro","status":"publish","type":"post","link":"http:\/\/www.emater.ro.gov.br\/ematerro\/2016\/09\/12\/quilombolas-do-vale-do-guapore-receberao-atencao-da-emater-ro\/","title":{"rendered":"Quilombolas do Vale do Guapor\u00e9 receber\u00e3o aten\u00e7\u00e3o da Emater-RO"},"content":{"rendered":"<p>Uma equipe de t\u00e9cnicos e extensionistas sociais da Emater-RO visitaram, nesta \u00faltima semana, comunidades quilombolas ribeirinhas instaladas na regi\u00e3o do Vale do Guapor\u00e9. Com a proposta de conhecer a realidade local, a equipe passou por cinco comunidades distribu\u00eddas ao longo do Rio Guapor\u00e9, nos munic\u00edpios de S\u00e3o Francisco do Guapor\u00e9, S\u00e3o Miguel do Guapor\u00e9 e Costa Marques. Atrav\u00e9s de um diagn\u00f3stico a ser levantado junto \u00e0 comunidade, a Emater-RO buscar\u00e1 caminhos que permitam \u00e0quelas fam\u00edlias qualidade de vida e um desenvolvimento s\u00f3cio-econ\u00f4mico sustent\u00e1vel.<\/p>\n<figure id=\"attachment_1147\" aria-describedby=\"caption-attachment-1147\" style=\"width: 699px\" class=\"wp-caption aligncenter\"><img decoding=\"async\" loading=\"lazy\" class=\"wp-image-1147 \" src=\"http:\/\/www.emater.ro.gov.br\/ematerro\/wp-content\/uploads\/2016\/09\/Quilombolas-do-Vale-do-Guapore-receberao-atencao_001-Foto_Emater-RO.jpg\" alt=\"Compromisso de trabalhar na elabora\u00e7\u00e3o de um diagn\u00f3stico local.\" width=\"699\" height=\"437\" srcset=\"http:\/\/www.emater.ro.gov.br\/ematerro\/wp-content\/uploads\/2016\/09\/Quilombolas-do-Vale-do-Guapore-receberao-atencao_001-Foto_Emater-RO.jpg 582w, http:\/\/www.emater.ro.gov.br\/ematerro\/wp-content\/uploads\/2016\/09\/Quilombolas-do-Vale-do-Guapore-receberao-atencao_001-Foto_Emater-RO-300x188.jpg 300w\" sizes=\"(max-width: 699px) 100vw, 699px\" \/><figcaption id=\"caption-attachment-1147\" class=\"wp-caption-text\">Compromisso de trabalhar na elabora\u00e7\u00e3o de um diagn\u00f3stico local.<\/figcaption><\/figure>\n<p>Atendendo a uma indica\u00e7\u00e3o do Minist\u00e9rio da Justi\u00e7a e Cidadania, por interm\u00e9dio da Secretaria Especial de Direitos Humanos, a Emater-RO foi convidada para verificar in loco, a situa\u00e7\u00e3o das fam\u00edlias da Comunidade Quilombola de Jesus, localizada em S\u00e3o Miguel do Guapor\u00e9. O hist\u00f3rico apresentava um poss\u00edvel caso de desnutri\u00e7\u00e3o e abandono na regi\u00e3o. \u201cN\u00e3o encontramos caso de desnutri\u00e7\u00e3o, mas o abandono daquelas fam\u00edlias, com refer\u00eancia \u00e0s pol\u00edticas p\u00fablicas de desenvolvimento social \u00e9 grande\u201d, diz Irisvone Magalh\u00e3es, assessora estrat\u00e9gica da Emater-RO.<\/p>\n<p>Segundo documento da Secretaria Especial de Direitos Humanos, a Comunidade Quilombola de Jesus \u201cfoi titulada pelo Incra, em novembro de 2010, sem que qualquer projeto de desenvolvimento local tenha sido planejado ou executado\u201d. A comunidade vive em uma \u00e1rea de 5.627 hectares de terra nativa. S\u00e3o 21 fam\u00edlias (53 pessoas) das quais 11 s\u00e3o crian\u00e7as com idade abaixo de 12 anos, quatro adolescentes entre 12 e 16 anos, 15 jovens entre 17 e 29 anos, cinco idosos (dois homens e tr\u00eas mulheres) e 18 adultos (dez homens e oito mulheres).<\/p>\n<p>A \u00e1rea conta ainda com um posto de sa\u00fade que recebe a visita de um m\u00e9dico, uma vez por semana, e uma \u00fanica escola localizada no lado oposto do rio. \u201cA comunidade n\u00e3o disp\u00f5e de embarca\u00e7\u00e3o para transporte das crian\u00e7as e as poucas fam\u00edlias que possuem barco se revezam para lev\u00e1-las e busc\u00e1-las, mas de forma prec\u00e1ria\u201d, conta a assessora da Emater-RO. A pr\u00e1tica da agricultura ainda \u00e9 t\u00edmida, alguns poucos mant\u00eam planta\u00e7\u00e3o de mandioca ou criam gado para subsist\u00eancia, mas eles n\u00e3o t\u00eam assist\u00eancia t\u00e9cnica nem tecnologia adequada para produ\u00e7\u00e3o.<\/p>\n<p><strong>COMUNIDADES QUILOMBOLAS<\/strong><br \/>\nRegistros contam que entre os anos de 1751 e 1772, cerca de seis mil escravos foram importados e levados ao Vale do Guapor\u00e9 para atuar, em sua maioria, na minera\u00e7\u00e3o local. A exaust\u00e3o dos trabalhos bra\u00e7ais e os maus tratos sofridos levaram esses escravos \u00e0 fuga e \u00e0 procura de um abrigo escondido na mata, originando dessa forma as comunidades quilombolas.<\/p>\n<figure id=\"attachment_1149\" aria-describedby=\"caption-attachment-1149\" style=\"width: 400px\" class=\"wp-caption alignright\"><img decoding=\"async\" loading=\"lazy\" class=\"wp-image-1149\" src=\"http:\/\/www.emater.ro.gov.br\/ematerro\/wp-content\/uploads\/2016\/09\/Quilombolas-do-Vale-do-Guapore-receberao-atencao_004-Foto_Emater-RO-300x188.jpg\" alt=\"A Comunidade Quilombolas de Jesus: \u00e1rea de 5.627 hectares de terra nativa.\" width=\"400\" height=\"250\" srcset=\"http:\/\/www.emater.ro.gov.br\/ematerro\/wp-content\/uploads\/2016\/09\/Quilombolas-do-Vale-do-Guapore-receberao-atencao_004-Foto_Emater-RO-300x188.jpg 300w, http:\/\/www.emater.ro.gov.br\/ematerro\/wp-content\/uploads\/2016\/09\/Quilombolas-do-Vale-do-Guapore-receberao-atencao_004-Foto_Emater-RO-768x480.jpg 768w, http:\/\/www.emater.ro.gov.br\/ematerro\/wp-content\/uploads\/2016\/09\/Quilombolas-do-Vale-do-Guapore-receberao-atencao_004-Foto_Emater-RO.jpg 800w\" sizes=\"(max-width: 400px) 100vw, 400px\" \/><figcaption id=\"caption-attachment-1149\" class=\"wp-caption-text\">A Comunidade Quilombolas de Jesus: \u00e1rea de 5.627 hectares de terra nativa.<\/figcaption><\/figure>\n<p>Apesar da Lei \u00c1urea, que aboliu a escravid\u00e3o no Brasil, ter sido assinada em 1888, foram anos de luta para que as comunidades quilombolas come\u00e7assem a ter sua hist\u00f3ria, seus direitos e suas cidadanias resgatadas e a garantia da posse da terra. A Comunidade Quilombola de Jesus foi a primeira a receber o t\u00edtulo definitivo em Rond\u00f4nia, entretanto a titularidade foi dada \u00e0 Associa\u00e7\u00e3o, o que dificulta as fam\u00edlias atuarem isoladamente em seus lotes.<\/p>\n<p>Com o convite do Minist\u00e9rio da Justi\u00e7a e Cidadania, a Emater-RO alertou para a necessidade de visitar outras comunidades quilombolas e conhecer a real situa\u00e7\u00e3o de cada uma. Assim, al\u00e9m da Comunidade Quilombola de Jesus, a equipe passou tamb\u00e9m pelas comunidades Forte Pr\u00edncipe da Beira, Santa F\u00e9, Santo Ant\u00f4nio e Pedras Negras.<\/p>\n<p>O pr\u00e9-diagn\u00f3stico levantado durante a visita nas demais comunidades apresentou situa\u00e7\u00f5es parecidas com a Comunidade Quilombola de Jesus. S\u00e3o fam\u00edlias, cujos antecessores ali se instalaram h\u00e1 cerca de 200 anos, em sua maioria escravos refugiados ou descendentes de escravos negros fugitivos de engenhos, fazendas ou pequenas propriedades.<\/p>\n<p><strong>PLANO DE A\u00c7\u00c3O<\/strong><br \/>\nDurante a visita, a equipe da Emater-RO conversou com os moradores da comunidade e firmou compromisso de trabalhar na elabora\u00e7\u00e3o de um diagn\u00f3stico para, junto com eles, elaborarem um plano de a\u00e7\u00e3o a fim de revitalizar a comunidade e a cultura local. Para isso, buscar\u00e1 parceria com \u00f3rg\u00e3os como: Seagri, Sedam, Seas, Seduc, Sesau, prefeituras municipais, Incra e todos que tiveram afinidade com a causa.<\/p>\n<figure id=\"attachment_1150\" aria-describedby=\"caption-attachment-1150\" style=\"width: 400px\" class=\"wp-caption alignleft\"><img decoding=\"async\" loading=\"lazy\" class=\"wp-image-1150\" src=\"http:\/\/www.emater.ro.gov.br\/ematerro\/wp-content\/uploads\/2016\/09\/Quilombolas-do-Vale-do-Guapore-receberao-atencao_006-Foto_Emater-RO-300x188.jpg\" alt=\"Necessidade de conhecer a real situa\u00e7\u00e3o de cada comunidade.\" width=\"400\" height=\"250\" srcset=\"http:\/\/www.emater.ro.gov.br\/ematerro\/wp-content\/uploads\/2016\/09\/Quilombolas-do-Vale-do-Guapore-receberao-atencao_006-Foto_Emater-RO-300x188.jpg 300w, http:\/\/www.emater.ro.gov.br\/ematerro\/wp-content\/uploads\/2016\/09\/Quilombolas-do-Vale-do-Guapore-receberao-atencao_006-Foto_Emater-RO-768x480.jpg 768w, http:\/\/www.emater.ro.gov.br\/ematerro\/wp-content\/uploads\/2016\/09\/Quilombolas-do-Vale-do-Guapore-receberao-atencao_006-Foto_Emater-RO.jpg 800w\" sizes=\"(max-width: 400px) 100vw, 400px\" \/><figcaption id=\"caption-attachment-1150\" class=\"wp-caption-text\">Necessidade de conhecer a real situa\u00e7\u00e3o de cada comunidade.<\/figcaption><\/figure>\n<p>Vale salientar que as atividades das comunidades quilombolas s\u00e3o acompanhadas diretamente pela Secretaria de Pol\u00edticas de Promo\u00e7\u00e3o da Igualdade Racial (Seppir), do Minist\u00e9rio da Justi\u00e7a e Cidadania e pela Funda\u00e7\u00e3o Cultural Palmares, institui\u00e7\u00e3o vinculada ao Minist\u00e9rio da Cultura, voltada para a promo\u00e7\u00e3o e preserva\u00e7\u00e3o da arte e da cultura afro-brasileira. \u201cVamos nos articular tamb\u00e9m com essas institui\u00e7\u00f5es, para que a situa\u00e7\u00e3o possa ser revertida\u201d, enfatiza Vanessa Porto de Lima, respons\u00e1vel pela \u00e1rea social da Emater-RO que tamb\u00e9m acompanhou a equipe nas atividades programadas atrav\u00e9s do escrit\u00f3rio regional do Vale do Guapor\u00e9.<\/p>\n<p>Al\u00e9m da reuni\u00e3o realizada com as comunidades quilombolas para levantamento da situa\u00e7\u00e3o, a equipe levou a\u00e7\u00f5es de desenvolvimento rural como o programa de eletrifica\u00e7\u00e3o da Eletrobr\u00e1s, na Comunidade Santo Ant\u00f4nio, e implanta\u00e7\u00e3o de agroind\u00fastria de farinha, na Comunidade Pedras Negras.<\/p>\n<h6 style=\"text-align: right;\"><em>Wania Ressutti<\/em><br \/>\n<em>Jornalista \u2013 SRTE\/DRT\/RO-959<\/em><br \/>\n<em>EMATER-RO<\/em><\/h6>\n","protected":false},"excerpt":{"rendered":"<p>Uma equipe de t\u00e9cnicos e extensionistas sociais da Emater-RO visitaram, nesta \u00faltima semana, comunidades quilombolas ribeirinhas instaladas na regi\u00e3o do Vale do Guapor\u00e9. Com a proposta de conhecer a realidade [&hellip;]<\/p>\n","protected":false},"author":9,"featured_media":1148,"comment_status":"closed","ping_status":"closed","sticky":false,"template":"","format":"standard","meta":[],"categories":[10,9,12],"tags":[],"_links":{"self":[{"href":"http:\/\/www.emater.ro.gov.br\/ematerro\/wp-json\/wp\/v2\/posts\/1145"}],"collection":[{"href":"http:\/\/www.emater.ro.gov.br\/ematerro\/wp-json\/wp\/v2\/posts"}],"about":[{"href":"http:\/\/www.emater.ro.gov.br\/ematerro\/wp-json\/wp\/v2\/types\/post"}],"author":[{"embeddable":true,"href":"http:\/\/www.emater.ro.gov.br\/ematerro\/wp-json\/wp\/v2\/users\/9"}],"replies":[{"embeddable":true,"href":"http:\/\/www.emater.ro.gov.br\/ematerro\/wp-json\/wp\/v2\/comments?post=1145"}],"version-history":[{"count":4,"href":"http:\/\/www.emater.ro.gov.br\/ematerro\/wp-json\/wp\/v2\/posts\/1145\/revisions"}],"predecessor-version":[{"id":1153,"href":"http:\/\/www.emater.ro.gov.br\/ematerro\/wp-json\/wp\/v2\/posts\/1145\/revisions\/1153"}],"wp:featuredmedia":[{"embeddable":true,"href":"http:\/\/www.emater.ro.gov.br\/ematerro\/wp-json\/wp\/v2\/media\/1148"}],"wp:attachment":[{"href":"http:\/\/www.emater.ro.gov.br\/ematerro\/wp-json\/wp\/v2\/media?parent=1145"}],"wp:term":[{"taxonomy":"category","embeddable":true,"href":"http:\/\/www.emater.ro.gov.br\/ematerro\/wp-json\/wp\/v2\/categories?post=1145"},{"taxonomy":"post_tag","embeddable":true,"href":"http:\/\/www.emater.ro.gov.br\/ematerro\/wp-json\/wp\/v2\/tags?post=1145"}],"curies":[{"name":"wp","href":"https:\/\/api.w.org\/{rel}","templated":true}]}}