{"id":11410,"date":"2021-12-23T10:07:34","date_gmt":"2021-12-23T14:07:34","guid":{"rendered":"http:\/\/www.emater.ro.gov.br\/ematerro\/?p=11410"},"modified":"2021-12-23T10:07:34","modified_gmt":"2021-12-23T14:07:34","slug":"emater-ro-encerra-atividades-de-2021-mais-moderna-e-reestruturada","status":"publish","type":"post","link":"http:\/\/www.emater.ro.gov.br\/ematerro\/2021\/12\/23\/emater-ro-encerra-atividades-de-2021-mais-moderna-e-reestruturada\/","title":{"rendered":"Emater-RO encerra atividades de 2021, mais moderna e reestruturada"},"content":{"rendered":"<figure id=\"attachment_11411\" aria-describedby=\"caption-attachment-11411\" style=\"width: 1128px\" class=\"wp-caption aligncenter\"><img decoding=\"async\" loading=\"lazy\" class=\"wp-image-11411 size-full\" src=\"http:\/\/www.emater.ro.gov.br\/ematerro\/wp-content\/uploads\/2021\/12\/20211223-esloc-de-ariquemes-2021-mateus-folador_nov2021.jpg\" alt=\"O escrit\u00f3rio local de Ariquemes foi um dos que passaram pela reforma.\" width=\"1128\" height=\"709\" srcset=\"http:\/\/www.emater.ro.gov.br\/ematerro\/wp-content\/uploads\/2021\/12\/20211223-esloc-de-ariquemes-2021-mateus-folador_nov2021.jpg 1128w, http:\/\/www.emater.ro.gov.br\/ematerro\/wp-content\/uploads\/2021\/12\/20211223-esloc-de-ariquemes-2021-mateus-folador_nov2021-300x189.jpg 300w, http:\/\/www.emater.ro.gov.br\/ematerro\/wp-content\/uploads\/2021\/12\/20211223-esloc-de-ariquemes-2021-mateus-folador_nov2021-768x483.jpg 768w, http:\/\/www.emater.ro.gov.br\/ematerro\/wp-content\/uploads\/2021\/12\/20211223-esloc-de-ariquemes-2021-mateus-folador_nov2021-1024x644.jpg 1024w\" sizes=\"(max-width: 1128px) 100vw, 1128px\" \/><figcaption id=\"caption-attachment-11411\" class=\"wp-caption-text\"><em>O escrit\u00f3rio local de Ariquemes foi um dos que passaram pela reforma.<\/em><\/figcaption><\/figure>\n<p>Cumprindo a meta de transformar a Entidade Aut\u00e1rquica de Assist\u00eancia T\u00e9cnica e Extens\u00e3o Rural (Emater-RO) em uma institui\u00e7\u00e3o de presta\u00e7\u00e3o de servi\u00e7os de qualidade e de refer\u00eancia no pa\u00eds, o governo estadual investiu em diversas frentes para reestruturar e implementar a\u00e7\u00f5es estrat\u00e9gicas de desenvolvimento visando melhorar a presta\u00e7\u00e3o de servi\u00e7os de Ater no campo. E mesmo atravessando a grande barreira formada pela pandemia do coronav\u00edrus (covid-19), as expectativas foram superadas e as metas estabelecidas no plano estrat\u00e9gico do governo para a assist\u00eancia t\u00e9cnica e extens\u00e3o rural (Ater) no estado foram atingidas. O resultado \u00e9 uma entidade fortalecida, mais moderna e reestruturada, para melhor atender aos anseios da agricultura familiar.<\/p>\n<p>Investimentos na \u00e1rea f\u00edsica da autarquia, forma\u00e7\u00e3o de pessoal e inser\u00e7\u00e3o de tecnologia contribu\u00edram para promover as mudan\u00e7as que a atual conjuntura exigia. A confian\u00e7a do governo e o apoio da Secretaria de Estado da Agricultura (Seagri) foram de extrema import\u00e2ncia para que essa mudan\u00e7a acontecesse.<\/p>\n<p>A moderniza\u00e7\u00e3o e a efici\u00eancia nos servi\u00e7os de Ater prestados \u00e0 comunidade rural foram discutidas j\u00e1 em 2019, quando foi lan\u00e7ada a proposta do governo para uma nova Emater no estado. De l\u00e1 para c\u00e1 muito se trabalhou na busca de mais condi\u00e7\u00f5es para que os extensionistas rurais pudessem levar aos agricultores familiares as tecnologias e orienta\u00e7\u00f5es necess\u00e1rias para o desenvolvimento de suas propriedades e, para isso, era preciso ter uma Emater mais forte e eficiente.<\/p>\n<p>A primeira iniciativa, ainda em 2019, foi investir na capacita\u00e7\u00e3o dos colaboradores. T\u00e9cnicos e administrativos das 85 unidades operacionais do estado passaram por treinamento com palestras motivacionais e valoriza\u00e7\u00e3o humana. A ideia era \u201crecarregar\u201d as energias da equipe para uma nova proposta de trabalho que viria a seguir.<\/p>\n<p>A reestrutura\u00e7\u00e3o passou tamb\u00e9m pelo remanejamento de colaboradores, desafogando escrit\u00f3rios que contavam com excedente de empregados e estruturando os recursos humanos de locais onde havia demanda de profissionais. Com essa nova gest\u00e3o, a Emater-RO come\u00e7ou a dar celeridade ao processo de moderniza\u00e7\u00e3o e efici\u00eancia no atendimento ao produtor rural.<\/p>\n<figure id=\"attachment_11412\" aria-describedby=\"caption-attachment-11412\" style=\"width: 400px\" class=\"wp-caption alignright\"><img decoding=\"async\" loading=\"lazy\" class=\"wp-image-11412\" src=\"http:\/\/www.emater.ro.gov.br\/ematerro\/wp-content\/uploads\/2021\/12\/20211223-entrega-veiculos-centre-02fev2019-irene-mendes-9.jpg\" alt=\"A aquisi\u00e7\u00e3o de novos ve\u00edculos fortaleceram as a\u00e7\u00f5es no campo.\" width=\"400\" height=\"250\" srcset=\"http:\/\/www.emater.ro.gov.br\/ematerro\/wp-content\/uploads\/2021\/12\/20211223-entrega-veiculos-centre-02fev2019-irene-mendes-9.jpg 1000w, http:\/\/www.emater.ro.gov.br\/ematerro\/wp-content\/uploads\/2021\/12\/20211223-entrega-veiculos-centre-02fev2019-irene-mendes-9-300x188.jpg 300w, http:\/\/www.emater.ro.gov.br\/ematerro\/wp-content\/uploads\/2021\/12\/20211223-entrega-veiculos-centre-02fev2019-irene-mendes-9-768x480.jpg 768w\" sizes=\"(max-width: 400px) 100vw, 400px\" \/><figcaption id=\"caption-attachment-11412\" class=\"wp-caption-text\"><em>A aquisi\u00e7\u00e3o de novos ve\u00edculos fortaleceram as a\u00e7\u00f5es no campo<\/em>.<\/figcaption><\/figure>\n<p>Uma dessas melhorias foi o investimento em equipamentos de inform\u00e1tica e na renova\u00e7\u00e3o da frota de ve\u00edculos utilizados pelos extensionistas no trabalho de campo, que se encontravam obsoletos e em desacordo com a demanda exigida. Com apoio do governo, emendas parlamentares e recursos pr\u00f3prios foram adquiridos novos ve\u00edculos, computadores, impressoras e tablets, dando mais agilidade \u00e0 execu\u00e7\u00e3o do trabalho e ao cumprimento das metas de Ater, al\u00e9m da implanta\u00e7\u00e3o de laborat\u00f3rios m\u00f3veis, com aquisi\u00e7\u00e3o de tr\u00eas furg\u00f5es para atender o programa de piscicultura no estado, caminh\u00e3o bau para transporte de materiais da Emater-RO e caminh\u00e3o criog\u00eanico para o desenvolvimento e melhoramento gen\u00e9tico da pecu\u00e1ria leiteira no estado.<\/p>\n<p>A inser\u00e7\u00e3o tecnol\u00f3gica foi outro fator importante para moderniza\u00e7\u00e3o dos sistemas de atendimento ao p\u00fablico benefici\u00e1rio. A implementa\u00e7\u00e3o do sistema de gerenciamento de Ater atual, o Sigater, trouxe mais efici\u00eancia na atualiza\u00e7\u00e3o das informa\u00e7\u00f5es prestadas, com o extensionista podendo inserir as informa\u00e7\u00f5es alocadas na propriedade em tempo real e, de posse de um tablet ou smartphone e uma impressora port\u00e1til, imprimir e j\u00e1 deixar as recomenda\u00e7\u00f5es para o produtor.<\/p>\n<p>As inova\u00e7\u00f5es n\u00e3o pararam por a\u00ed. Embora sofresse as consequ\u00eancias da pandemia do coronav\u00edrus que assolou o pa\u00eds, a Emater-RO encontrou um novo caminho e acelerou o processo de capacita\u00e7\u00e3o em massa, por meio de um canal virtual, garantindo a continuidade do processo de moderniza\u00e7\u00e3o e reestrutura\u00e7\u00e3o que vinha trabalhando at\u00e9 ent\u00e3o. A plataforma de Capacita\u00e7\u00e3o e Servi\u00e7os de Ater (Capes) acelerou a forma\u00e7\u00e3o t\u00e9cnica de extensionistas e agricultores que puderam participar, ativamente, de forma on-line, dos cursos oferecidos pela autarquia.<\/p>\n<figure id=\"attachment_11416\" aria-describedby=\"caption-attachment-11416\" style=\"width: 400px\" class=\"wp-caption alignleft\"><img decoding=\"async\" loading=\"lazy\" class=\"wp-image-11416\" src=\"http:\/\/www.emater.ro.gov.br\/ematerro\/wp-content\/uploads\/2021\/12\/20211223-reestruturao-da-emater-tablets-dez_2021-rayne-andrade.jpg\" alt=\"Moderniza\u00e7\u00e3o e tecnifica\u00e7\u00e3o dos servi\u00e7os de Ater.\" width=\"400\" height=\"251\" srcset=\"http:\/\/www.emater.ro.gov.br\/ematerro\/wp-content\/uploads\/2021\/12\/20211223-reestruturao-da-emater-tablets-dez_2021-rayne-andrade.jpg 1128w, http:\/\/www.emater.ro.gov.br\/ematerro\/wp-content\/uploads\/2021\/12\/20211223-reestruturao-da-emater-tablets-dez_2021-rayne-andrade-300x189.jpg 300w, http:\/\/www.emater.ro.gov.br\/ematerro\/wp-content\/uploads\/2021\/12\/20211223-reestruturao-da-emater-tablets-dez_2021-rayne-andrade-768x483.jpg 768w, http:\/\/www.emater.ro.gov.br\/ematerro\/wp-content\/uploads\/2021\/12\/20211223-reestruturao-da-emater-tablets-dez_2021-rayne-andrade-1024x644.jpg 1024w\" sizes=\"(max-width: 400px) 100vw, 400px\" \/><figcaption id=\"caption-attachment-11416\" class=\"wp-caption-text\">Moderniza\u00e7\u00e3o e tecnifica\u00e7\u00e3o dos servi\u00e7os de Ater.<\/figcaption><\/figure>\n<p>O aplicativo \u201cMinha Emater-RO\u201d trouxe mais proximidade entre extensionistas e seu p\u00fablico assistido no meio rural. A facilidade de acesso na identifica\u00e7\u00e3o das propriedade, nas informa\u00e7\u00f5es e nos programas de pol\u00edticas p\u00fablicas voltados para o desenvolvimento do estado, al\u00e9m de o agricultor poder conversar diretamente com seu t\u00e9cnico ou agendar uma visita, entre tantas outras funcionalidades, agilizou muito o atendimento \u00e0s fam\u00edlias, dando uma nova cara de modernidade para a autarquia.<\/p>\n<p>Mas de nada adiantava toda essa tecnologia, se n\u00e3o houvesse um local adequado para que os extensionistas pudessem trabalhar com conforte e receber os agricultores com a aten\u00e7\u00e3o merecida. Para isso, com apoio do governo estadual, a Emater-RO investiu na reforma e reestrutura\u00e7\u00e3o de suas unidades operacionais.<\/p>\n<p>Escrit\u00f3rios foram reformados e renovados em suas estruturas el\u00e9tricas e receberam equipamentos e utens\u00edlios, como bebedouros, aparelhos de ar-condicionado, kit campo e kit copa escrit\u00f3rio para melhor atender \u00e0s metodologias aplicadas no campo. Somente na aquisi\u00e7\u00e3o desses equipamentos foram investidos 17 milh\u00f5es de reais, sendo R$ 585.386,52 na aquisi\u00e7\u00e3o de 211 aparelhos de ar-condicionado, R$ 2.271.961,46 em 721 equipamentos de inform\u00e1tica, entre tablets, computadores e impressoras e R$ 14.209.909,36 em 483 equipamentos para implemento agr\u00edcola, al\u00e9m de ve\u00edculos e outras a\u00e7\u00f5es que resultaram em uma Emater-RO mais presente, moderna e reestruturada que, junto com a fam\u00edlia rural, est\u00e1 fazendo a diferen\u00e7a no campo.<\/p>\n<h6 style=\"text-align: right;\"><span style=\"color: #008000;\"><em>Texto: Wania Ressutti<\/em><\/span><br \/>\n<span style=\"color: #008000;\"><em>Jornalista \u2013 MTE-1744\/RO<\/em><\/span><br \/>\n<span style=\"color: #008000;\"><em>Fotos: Irene Mendes, Robson Paiva, Matheus Folador<\/em><\/span><br \/>\n<span style=\"color: #008000;\"><em>EMATER-RO<\/em><\/span><\/h6>\n","protected":false},"excerpt":{"rendered":"<p>Cumprindo a meta de transformar a Entidade Aut\u00e1rquica de Assist\u00eancia T\u00e9cnica e Extens\u00e3o Rural (Emater-RO) em uma institui\u00e7\u00e3o de presta\u00e7\u00e3o de servi\u00e7os de qualidade e de refer\u00eancia no pa\u00eds, o [&hellip;]<\/p>\n","protected":false},"author":9,"featured_media":11415,"comment_status":"closed","ping_status":"closed","sticky":false,"template":"","format":"standard","meta":[],"categories":[10,9,12],"tags":[],"_links":{"self":[{"href":"http:\/\/www.emater.ro.gov.br\/ematerro\/wp-json\/wp\/v2\/posts\/11410"}],"collection":[{"href":"http:\/\/www.emater.ro.gov.br\/ematerro\/wp-json\/wp\/v2\/posts"}],"about":[{"href":"http:\/\/www.emater.ro.gov.br\/ematerro\/wp-json\/wp\/v2\/types\/post"}],"author":[{"embeddable":true,"href":"http:\/\/www.emater.ro.gov.br\/ematerro\/wp-json\/wp\/v2\/users\/9"}],"replies":[{"embeddable":true,"href":"http:\/\/www.emater.ro.gov.br\/ematerro\/wp-json\/wp\/v2\/comments?post=11410"}],"version-history":[{"count":2,"href":"http:\/\/www.emater.ro.gov.br\/ematerro\/wp-json\/wp\/v2\/posts\/11410\/revisions"}],"predecessor-version":[{"id":11417,"href":"http:\/\/www.emater.ro.gov.br\/ematerro\/wp-json\/wp\/v2\/posts\/11410\/revisions\/11417"}],"wp:featuredmedia":[{"embeddable":true,"href":"http:\/\/www.emater.ro.gov.br\/ematerro\/wp-json\/wp\/v2\/media\/11415"}],"wp:attachment":[{"href":"http:\/\/www.emater.ro.gov.br\/ematerro\/wp-json\/wp\/v2\/media?parent=11410"}],"wp:term":[{"taxonomy":"category","embeddable":true,"href":"http:\/\/www.emater.ro.gov.br\/ematerro\/wp-json\/wp\/v2\/categories?post=11410"},{"taxonomy":"post_tag","embeddable":true,"href":"http:\/\/www.emater.ro.gov.br\/ematerro\/wp-json\/wp\/v2\/tags?post=11410"}],"curies":[{"name":"wp","href":"https:\/\/api.w.org\/{rel}","templated":true}]}}