{"id":11300,"date":"2021-12-01T09:43:28","date_gmt":"2021-12-01T13:43:28","guid":{"rendered":"http:\/\/www.emater.ro.gov.br\/ematerro\/?p=11300"},"modified":"2021-12-01T09:43:28","modified_gmt":"2021-12-01T13:43:28","slug":"emater-ro-promove-dia-especial-em-cafeicultura-para-produtores-rurais-em-cabixi","status":"publish","type":"post","link":"http:\/\/www.emater.ro.gov.br\/ematerro\/2021\/12\/01\/emater-ro-promove-dia-especial-em-cafeicultura-para-produtores-rurais-em-cabixi\/","title":{"rendered":"Emater-RO promove dia especial em cafeicultura para produtores rurais em Cabixi"},"content":{"rendered":"<figure id=\"attachment_11301\" aria-describedby=\"caption-attachment-11301\" style=\"width: 1000px\" class=\"wp-caption aligncenter\"><img decoding=\"async\" loading=\"lazy\" class=\"size-full wp-image-11301\" src=\"http:\/\/www.emater.ro.gov.br\/ematerro\/wp-content\/uploads\/2021\/12\/20211201-emater-promove-dia-especial-de-cafeicultura-em-cabixi-26-11-21_001-gregorio-junior.jpg\" alt=\"Produtores rurais receberam  palestras sobre o uso correto de defensivos, legisla\u00e7\u00e3o e apresenta\u00e7\u00e3o de novas ferramentas.\" width=\"1000\" height=\"625\" srcset=\"http:\/\/www.emater.ro.gov.br\/ematerro\/wp-content\/uploads\/2021\/12\/20211201-emater-promove-dia-especial-de-cafeicultura-em-cabixi-26-11-21_001-gregorio-junior.jpg 1000w, http:\/\/www.emater.ro.gov.br\/ematerro\/wp-content\/uploads\/2021\/12\/20211201-emater-promove-dia-especial-de-cafeicultura-em-cabixi-26-11-21_001-gregorio-junior-300x188.jpg 300w, http:\/\/www.emater.ro.gov.br\/ematerro\/wp-content\/uploads\/2021\/12\/20211201-emater-promove-dia-especial-de-cafeicultura-em-cabixi-26-11-21_001-gregorio-junior-768x480.jpg 768w\" sizes=\"(max-width: 1000px) 100vw, 1000px\" \/><figcaption id=\"caption-attachment-11301\" class=\"wp-caption-text\"><em>Produtores rurais receberam palestras sobre o uso correto de defensivos, legisla\u00e7\u00e3o e apresenta\u00e7\u00e3o de novas ferramentas.<\/em><\/figcaption><\/figure>\n<p>Com objetivo de capacitar produtores rurais no cultivo do caf\u00e9 Canephora, a Entidade Aut\u00e1rquica de Assist\u00eancia T\u00e9cnica e Extens\u00e3o Rural (Emater-RO) promoveu, na \u00faltima semana, um dia especial sobre cafeicultura em Cabixi, com evento realizado em uma propriedade rural.<\/p>\n<p>Durante o evento, cafeicultores e produtores rurais receberam\u00a0 palestras sobre o uso correto de defensivos, legisla\u00e7\u00e3o e apresenta\u00e7\u00e3o de novas ferramentas. Tamb\u00e9m foram abordados temas como dados de produ\u00e7\u00e3o e o custo da \u00faltima safra; manejo de pragas; e o os v\u00e1rios tipo de poda, como no p\u00f3s-colheita, poda de forma\u00e7\u00e3o e a desbrota do caf\u00e9.<\/p>\n<figure id=\"attachment_11303\" aria-describedby=\"caption-attachment-11303\" style=\"width: 400px\" class=\"wp-caption alignleft\"><img decoding=\"async\" loading=\"lazy\" class=\"wp-image-11303\" src=\"http:\/\/www.emater.ro.gov.br\/ematerro\/wp-content\/uploads\/2021\/12\/20211201-emater-promove-dia-especial-de-cafeicultura-em-cabixi-26-11-21_003-gregorio-junior.jpg\" alt=\"A capacita\u00e7\u00e3o de produtores rurais visa o aumento da produ\u00e7\u00e3o e tecnifica\u00e7\u00e3o da cafeicultura na regi\u00e3o.\" width=\"400\" height=\"250\" srcset=\"http:\/\/www.emater.ro.gov.br\/ematerro\/wp-content\/uploads\/2021\/12\/20211201-emater-promove-dia-especial-de-cafeicultura-em-cabixi-26-11-21_003-gregorio-junior.jpg 1000w, http:\/\/www.emater.ro.gov.br\/ematerro\/wp-content\/uploads\/2021\/12\/20211201-emater-promove-dia-especial-de-cafeicultura-em-cabixi-26-11-21_003-gregorio-junior-300x188.jpg 300w, http:\/\/www.emater.ro.gov.br\/ematerro\/wp-content\/uploads\/2021\/12\/20211201-emater-promove-dia-especial-de-cafeicultura-em-cabixi-26-11-21_003-gregorio-junior-768x480.jpg 768w\" sizes=\"(max-width: 400px) 100vw, 400px\" \/><figcaption id=\"caption-attachment-11303\" class=\"wp-caption-text\"><em>A capacita\u00e7\u00e3o de produtores rurais visa o aumento da produ\u00e7\u00e3o e tecnifica\u00e7\u00e3o da cafeicultura na regi\u00e3o.<\/em><\/figcaption><\/figure>\n<p>Para o extensionista rural da Emater de Cabixi, Greg\u00f3rio J\u00fanior, o evento teve como finalidade a capacita\u00e7\u00e3o de produtores, visando o aumento da produ\u00e7\u00e3o e tecnifica\u00e7\u00e3o. \u201c\u00c9 importante difundir a cafeicultura como uma boa fonte de renda na propriedade rural, principalmente na agricultura familiar, onde a maioria das fam\u00edlias vive apenas com uma fonte de renda, que geralmente \u00e9 o gado leiteiro. Com isso, a cafeicultura entra com uma segunda fonte de renda na propriedade, consequentemente tornando-a mais sustent\u00e1vel, pois sabemos que a diversifica\u00e7\u00e3o na produ\u00e7\u00e3o, gera mais renda e uma maior seguran\u00e7a financeira\u201d, explica Greg\u00f3rio.<\/p>\n<p>O dia especial contou com o apoio da Secretaria de Estado da Agricultura (Seagri), Prefeitura de Cabixi, atrav\u00e9s da Secretaria Municipal de Agricultura, da Ag\u00eancia de Defesa Sanit\u00e1ria Agrosilvopastoril (Idaron) e do Servi\u00e7o Brasileiro de Apoio \u00e0s Micro e Pequenas Empresas (Sebrae).<\/p>\n<h6 style=\"text-align: right;\">\n<span style=\"color: #008000;\"><em>Texto: Thayn\u00e1 Machado<\/em><\/span><br \/>\n<span style=\"color: #008000;\"><em>Fotos: Greg\u00f3rio Junior<\/em><\/span><br \/>\n<span style=\"color: #008000;\"><em>Secom &#8211; Governo de Rond\u00f4nia<\/em><\/span><\/h6>\n","protected":false},"excerpt":{"rendered":"<p>Com objetivo de capacitar produtores rurais no cultivo do caf\u00e9 Canephora, a Entidade Aut\u00e1rquica de Assist\u00eancia T\u00e9cnica e Extens\u00e3o Rural (Emater-RO) promoveu, na \u00faltima semana, um dia especial sobre cafeicultura [&hellip;]<\/p>\n","protected":false},"author":9,"featured_media":11302,"comment_status":"closed","ping_status":"closed","sticky":false,"template":"","format":"standard","meta":[],"categories":[10,9,12],"tags":[],"_links":{"self":[{"href":"http:\/\/www.emater.ro.gov.br\/ematerro\/wp-json\/wp\/v2\/posts\/11300"}],"collection":[{"href":"http:\/\/www.emater.ro.gov.br\/ematerro\/wp-json\/wp\/v2\/posts"}],"about":[{"href":"http:\/\/www.emater.ro.gov.br\/ematerro\/wp-json\/wp\/v2\/types\/post"}],"author":[{"embeddable":true,"href":"http:\/\/www.emater.ro.gov.br\/ematerro\/wp-json\/wp\/v2\/users\/9"}],"replies":[{"embeddable":true,"href":"http:\/\/www.emater.ro.gov.br\/ematerro\/wp-json\/wp\/v2\/comments?post=11300"}],"version-history":[{"count":1,"href":"http:\/\/www.emater.ro.gov.br\/ematerro\/wp-json\/wp\/v2\/posts\/11300\/revisions"}],"predecessor-version":[{"id":11304,"href":"http:\/\/www.emater.ro.gov.br\/ematerro\/wp-json\/wp\/v2\/posts\/11300\/revisions\/11304"}],"wp:featuredmedia":[{"embeddable":true,"href":"http:\/\/www.emater.ro.gov.br\/ematerro\/wp-json\/wp\/v2\/media\/11302"}],"wp:attachment":[{"href":"http:\/\/www.emater.ro.gov.br\/ematerro\/wp-json\/wp\/v2\/media?parent=11300"}],"wp:term":[{"taxonomy":"category","embeddable":true,"href":"http:\/\/www.emater.ro.gov.br\/ematerro\/wp-json\/wp\/v2\/categories?post=11300"},{"taxonomy":"post_tag","embeddable":true,"href":"http:\/\/www.emater.ro.gov.br\/ematerro\/wp-json\/wp\/v2\/tags?post=11300"}],"curies":[{"name":"wp","href":"https:\/\/api.w.org\/{rel}","templated":true}]}}