{"id":11240,"date":"2021-11-19T11:55:30","date_gmt":"2021-11-19T15:55:30","guid":{"rendered":"http:\/\/www.emater.ro.gov.br\/ematerro\/?p=11240"},"modified":"2021-11-25T11:44:02","modified_gmt":"2021-11-25T15:44:02","slug":"emater-ro-inicia-processo-de-adequacao-a-lei-geral-de-protecao-de-dados","status":"publish","type":"post","link":"http:\/\/www.emater.ro.gov.br\/ematerro\/2021\/11\/19\/emater-ro-inicia-processo-de-adequacao-a-lei-geral-de-protecao-de-dados\/","title":{"rendered":"Emater-RO inicia processo de adequa\u00e7\u00e3o \u00e0 Lei Geral de Prote\u00e7\u00e3o de Dados"},"content":{"rendered":"<figure id=\"attachment_11241\" aria-describedby=\"caption-attachment-11241\" style=\"width: 1000px\" class=\"wp-caption aligncenter\"><img decoding=\"async\" loading=\"lazy\" class=\"size-full wp-image-11241\" src=\"http:\/\/www.emater.ro.gov.br\/ematerro\/wp-content\/uploads\/2021\/11\/20211119-reuniao-lgpd-19nov2021_001-foto-irene-mendes.jpg\" alt=\"A LGPD foi institu\u00edda para regular as atividades de tratamento de informa\u00e7\u00e3o.\" width=\"1000\" height=\"625\" srcset=\"http:\/\/www.emater.ro.gov.br\/ematerro\/wp-content\/uploads\/2021\/11\/20211119-reuniao-lgpd-19nov2021_001-foto-irene-mendes.jpg 1000w, http:\/\/www.emater.ro.gov.br\/ematerro\/wp-content\/uploads\/2021\/11\/20211119-reuniao-lgpd-19nov2021_001-foto-irene-mendes-300x188.jpg 300w, http:\/\/www.emater.ro.gov.br\/ematerro\/wp-content\/uploads\/2021\/11\/20211119-reuniao-lgpd-19nov2021_001-foto-irene-mendes-768x480.jpg 768w\" sizes=\"(max-width: 1000px) 100vw, 1000px\" \/><figcaption id=\"caption-attachment-11241\" class=\"wp-caption-text\"><em>A LGPD foi institu\u00edda para regular as atividades de tratamento de informa\u00e7\u00e3o.<\/em><\/figcaption><\/figure>\n<p>A comiss\u00e3o multidisciplinar de adequa\u00e7\u00e3o e implementa\u00e7\u00e3o da Lei Geral de Prote\u00e7\u00e3o de Dados (LGPD) da Entidade Aut\u00e1rquica de Assist\u00eancia T\u00e9cnica e Extens\u00e3o Rural (Emater-RO) reuniu-se, nesta sexta-feira (19), para dar in\u00edcio ao processo que vai proteger os dados pessoais de seus benefici\u00e1rios. A a\u00e7\u00e3o cumpre <span style=\"color: #0000ff;\"><a style=\"color: #0000ff;\" href=\"https:\/\/rondonia.ro.gov.br\/wp-content\/uploads\/2021\/10\/Decreto-no-25.451-de-4-de-ourubro-de-2021.pdf\" target=\"_blank\">Decreto 26.451<\/a><\/span>, de 4 de outubro de 2021, que visa \u00e0 ado\u00e7\u00e3o de medidas para aplica\u00e7\u00e3o da <span style=\"color: #0000ff;\"><a style=\"color: #0000ff;\" href=\"http:\/\/www.planalto.gov.br\/ccivil_03\/_ato2015-2018\/2018\/lei\/l13709.htm\" target=\"_blank\">Lei Federal n\u00ba 13.709\/2018<\/a><\/span> no \u00e2mbito das institui\u00e7\u00f5es p\u00fablicas de Rond\u00f4nia.<\/p>\n<p>A Lei Geral de Prote\u00e7\u00e3o aos Dados, como \u00e9 conhecida a lei n\u00ba 13.709, foi institu\u00edda no ano de 2018 com o intuito de regular as atividades de tratamento de qualquer informa\u00e7\u00e3o relacionada \u00e0 pessoa natural, assegurando a sua privacidade em meios f\u00edsicos ou digitais. Assim, nome, endere\u00e7o, dados de localiza\u00e7\u00e3o e n\u00fameros de documentos pessoais como R.G, CPF ou mesmo a carteira nacional de habilita\u00e7\u00e3o ficam protegidos tanto dentro quanto fora do Brasil.<\/p>\n<figure id=\"attachment_11242\" aria-describedby=\"caption-attachment-11242\" style=\"width: 450px\" class=\"wp-caption alignleft\"><img decoding=\"async\" loading=\"lazy\" class=\"wp-image-11242\" src=\"http:\/\/www.emater.ro.gov.br\/ematerro\/wp-content\/uploads\/2021\/11\/20211119-reuniao-lgpd-19nov2021_002-foto-irene-mendes.jpg\" alt=\"Jos\u00e9 Tarc\u00edsio Batista Mendes foi designado encarregado para tratamento de dados pessoais na Emater-RO.\" width=\"450\" height=\"281\" srcset=\"http:\/\/www.emater.ro.gov.br\/ematerro\/wp-content\/uploads\/2021\/11\/20211119-reuniao-lgpd-19nov2021_002-foto-irene-mendes.jpg 1000w, http:\/\/www.emater.ro.gov.br\/ematerro\/wp-content\/uploads\/2021\/11\/20211119-reuniao-lgpd-19nov2021_002-foto-irene-mendes-300x188.jpg 300w, http:\/\/www.emater.ro.gov.br\/ematerro\/wp-content\/uploads\/2021\/11\/20211119-reuniao-lgpd-19nov2021_002-foto-irene-mendes-768x480.jpg 768w\" sizes=\"(max-width: 450px) 100vw, 450px\" \/><figcaption id=\"caption-attachment-11242\" class=\"wp-caption-text\"><em>Jos\u00e9 Tarc\u00edsio Batista Mendes foi designado encarregado para tratamento de dados pessoais na Emater-RO.<\/em><\/figcaption><\/figure>\n<p>Em Rond\u00f4nia, o governo estadual emitiu o Decreto n\u00ba 26.451\/2021, instituindo compet\u00eancias para que todos os \u00f3rg\u00e3os da administra\u00e7\u00e3o direta e indireta cumpram as determina\u00e7\u00f5es legais, designando um empregado para cada entidade, para exercer a fun\u00e7\u00e3o de encarregado de tratamento de dados pessoais. Na Emater-RO, essa fun\u00e7\u00e3o ficou com o extensionista rural Jos\u00e9 Tarcisio Batista Mendes, que j\u00e1 convocou os membros da comiss\u00e3o para dar in\u00edcio ao processo de adequa\u00e7\u00e3o da LGPD, no \u00e2mbito da autarquia.<\/p>\n<p>N\u00e3o \u00e9 de hoje que a Emater-RO vem se preparando para adequar-se \u00e0 LGPD. Em julho deste ano, seus servidores participaram de <span style=\"color: #0000ff;\"><a style=\"color: #0000ff;\" href=\"https:\/\/lgpd.tcero.tc.br\/servidores-da-emater-recebem-orientacoes-sobre-lgpd-e-seguranca-da-informacao-em-palestra-ministrada-pelo-tce-ro\/\" target=\"_blank\">palestra promovida pelo Tribunal de Contas do Estado (TCE-RO)<\/a><\/span> sobre a lei e sobre seguran\u00e7a de informa\u00e7\u00e3o, ministrada pelo encarregado do \u00f3rg\u00e3o, Charles Vasconcelos em parceria com a Escola Superior de Contas (Escon).<\/p>\n<p>O encarregado da Emater-RO tamb\u00e9m j\u00e1 vem promovendo palestras e reuni\u00f5es com gerentes regionais a respeito do tema, para dar maior amplitude \u00e0 necessidade de se garantir a prote\u00e7\u00e3o de dados de seus benefici\u00e1rios. \u201cA Emater \u00e9 uma entidade que atende um grande n\u00famero de benefici\u00e1rios, beira os cem mil, e proteger os dados desse p\u00fablico \u00e9 muito importante\u201d, diz Jos\u00e9 Tarc\u00edsio.<\/p>\n<p>\u00c0 comiss\u00e3o multidisciplinar de adequa\u00e7\u00e3o e implementa\u00e7\u00e3o da LGPD caber\u00e1 a\u00e7\u00f5es que visam analisar as propostas de pol\u00edticas e diretrizes de prote\u00e7\u00e3o \u00e0 privacidade de dados pessoais; planejar medidas para adequa\u00e7\u00e3o \u00e0 Lei Geral de Prote\u00e7\u00e3o de Dados, executar, levantar, gerir riscos e analisar o invent\u00e1rio de dados, entre outras que lhe foram conferidas.<\/p>\n<h6 style=\"text-align: right;\"><span style=\"color: #008000;\"><em>Texto: Wania Ressutti<\/em><\/span><br \/>\n<span style=\"color: #008000;\"><em>Jornalista \u2013 MTE-1744\/RO<\/em><\/span><br \/>\n<span style=\"color: #008000;\"><em>Fotos: Irene Mendes<\/em><\/span><br \/>\n<span style=\"color: #008000;\"><em>Rep\u00f3rter fotogr\u00e1fica \u2013 MTE-368\/RO<\/em><\/span><br \/>\n<span style=\"color: #008000;\"><em>EMATER-RO<\/em><\/span><\/h6>\n","protected":false},"excerpt":{"rendered":"<p>A comiss\u00e3o multidisciplinar de adequa\u00e7\u00e3o e implementa\u00e7\u00e3o da Lei Geral de Prote\u00e7\u00e3o de Dados (LGPD) da Entidade Aut\u00e1rquica de Assist\u00eancia T\u00e9cnica e Extens\u00e3o Rural (Emater-RO) reuniu-se, nesta sexta-feira (19), para [&hellip;]<\/p>\n","protected":false},"author":9,"featured_media":11243,"comment_status":"closed","ping_status":"closed","sticky":false,"template":"","format":"standard","meta":[],"categories":[10,9,12],"tags":[45,665,663,664],"_links":{"self":[{"href":"http:\/\/www.emater.ro.gov.br\/ematerro\/wp-json\/wp\/v2\/posts\/11240"}],"collection":[{"href":"http:\/\/www.emater.ro.gov.br\/ematerro\/wp-json\/wp\/v2\/posts"}],"about":[{"href":"http:\/\/www.emater.ro.gov.br\/ematerro\/wp-json\/wp\/v2\/types\/post"}],"author":[{"embeddable":true,"href":"http:\/\/www.emater.ro.gov.br\/ematerro\/wp-json\/wp\/v2\/users\/9"}],"replies":[{"embeddable":true,"href":"http:\/\/www.emater.ro.gov.br\/ematerro\/wp-json\/wp\/v2\/comments?post=11240"}],"version-history":[{"count":4,"href":"http:\/\/www.emater.ro.gov.br\/ematerro\/wp-json\/wp\/v2\/posts\/11240\/revisions"}],"predecessor-version":[{"id":11282,"href":"http:\/\/www.emater.ro.gov.br\/ematerro\/wp-json\/wp\/v2\/posts\/11240\/revisions\/11282"}],"wp:featuredmedia":[{"embeddable":true,"href":"http:\/\/www.emater.ro.gov.br\/ematerro\/wp-json\/wp\/v2\/media\/11243"}],"wp:attachment":[{"href":"http:\/\/www.emater.ro.gov.br\/ematerro\/wp-json\/wp\/v2\/media?parent=11240"}],"wp:term":[{"taxonomy":"category","embeddable":true,"href":"http:\/\/www.emater.ro.gov.br\/ematerro\/wp-json\/wp\/v2\/categories?post=11240"},{"taxonomy":"post_tag","embeddable":true,"href":"http:\/\/www.emater.ro.gov.br\/ematerro\/wp-json\/wp\/v2\/tags?post=11240"}],"curies":[{"name":"wp","href":"https:\/\/api.w.org\/{rel}","templated":true}]}}