{"id":11201,"date":"2021-10-27T10:44:34","date_gmt":"2021-10-27T14:44:34","guid":{"rendered":"http:\/\/www.emater.ro.gov.br\/ematerro\/?p=11201"},"modified":"2021-10-27T10:44:34","modified_gmt":"2021-10-27T14:44:34","slug":"emater-ro-promove-dia-especial-sobre-pecuaria-leiteira-em-cerejeiras","status":"publish","type":"post","link":"http:\/\/www.emater.ro.gov.br\/ematerro\/2021\/10\/27\/emater-ro-promove-dia-especial-sobre-pecuaria-leiteira-em-cerejeiras\/","title":{"rendered":"Emater-RO promove \u201cDia Especial sobre Pecu\u00e1ria Leiteira\u201d em Cerejeiras"},"content":{"rendered":"<figure id=\"attachment_5449\" aria-describedby=\"caption-attachment-5449\" style=\"width: 1000px\" class=\"wp-caption aligncenter\"><img decoding=\"async\" loading=\"lazy\" class=\"wp-image-5449 size-full\" src=\"http:\/\/www.emater.ro.gov.br\/ematerro\/wp-content\/uploads\/2018\/06\/FIV-vai-impulsionar-producao-leiteira-no-Cone-Sul-do-estado_005-foto-EMATER-RO.jpg\" width=\"1000\" height=\"625\" srcset=\"http:\/\/www.emater.ro.gov.br\/ematerro\/wp-content\/uploads\/2018\/06\/FIV-vai-impulsionar-producao-leiteira-no-Cone-Sul-do-estado_005-foto-EMATER-RO.jpg 1000w, http:\/\/www.emater.ro.gov.br\/ematerro\/wp-content\/uploads\/2018\/06\/FIV-vai-impulsionar-producao-leiteira-no-Cone-Sul-do-estado_005-foto-EMATER-RO-300x188.jpg 300w, http:\/\/www.emater.ro.gov.br\/ematerro\/wp-content\/uploads\/2018\/06\/FIV-vai-impulsionar-producao-leiteira-no-Cone-Sul-do-estado_005-foto-EMATER-RO-768x480.jpg 768w\" sizes=\"(max-width: 1000px) 100vw, 1000px\" \/><figcaption id=\"caption-attachment-5449\" class=\"wp-caption-text\">A utiliza\u00e7\u00e3o da Biotecnologia da Fecunda\u00e7\u00e3o in Vitro (FIV) promove o melhoramento dos animais.<\/figcaption><\/figure>\n<p>Na pr\u00f3xima sexta-feira, dia 5 de novembro, a equipe da Emater-RO em Cerejeiras ir\u00e1 realizar o \u201cDia Especial sobre Pecu\u00e1ria Leiteira\u201d. O evento tem o objetivo de despertar o interesse do produtor em novas tecnologias e no aumento da produ\u00e7\u00e3o, o evento contar\u00e1 com palestras sobre plantio de milho para silagem,\u00a0 melhoramento gen\u00e9tico e nutri\u00e7\u00e3o animal.<\/p>\n<p>Segundo o gerente local da Emater-RO, Sandro Malta, durante o encontro com os produtores ser\u00e3o explicadas as t\u00e9cnicas utilizadas na propriedade de um produtor, como a Fertiliza\u00e7\u00e3o <em>in vitro<\/em> (FIV), Insemina\u00e7\u00e3o Artificial em Tempo Fixo (IATF) e a produ\u00e7\u00e3o de silagem, que fazem com que a produ\u00e7\u00e3o di\u00e1ria de leite chegue a 350 litros.<\/p>\n<p>O dia especial ser\u00e1 na propriedade localizada na linha 3, Km 6, no s\u00edtio Bom Futuro, com in\u00edcio \u00e0s 8h. Para mais informa\u00e7\u00f5es, o contato \u00e9 o da Emater-RO no n\u00famero (69) 3342-2558 ou pelo e-mail <a href=\"mailto:cerejeiras@emater-ro.com.br\">cerejeiras@emater-ro.com.br<\/a>.<\/p>\n<p style=\"text-align: right;\">\n<span style=\"color: #008000;\"><em>Texto: Thayn\u00e1 Martins<\/em><\/span><br \/>\n<span style=\"color: #008000;\"><em>Fotos: Frank N\u00e9ry<\/em><\/span><br \/>\n<span style=\"color: #008000;\"><em>Secom &#8211; Governo de Rond\u00f4nia<\/em><\/span><\/p>\n","protected":false},"excerpt":{"rendered":"<p>Na pr\u00f3xima sexta-feira, dia 5 de novembro, a equipe da Emater-RO em Cerejeiras ir\u00e1 realizar o \u201cDia Especial sobre Pecu\u00e1ria Leiteira\u201d. O evento tem o objetivo de despertar o interesse [&hellip;]<\/p>\n","protected":false},"author":9,"featured_media":11203,"comment_status":"closed","ping_status":"closed","sticky":false,"template":"","format":"standard","meta":[],"categories":[10,9,12],"tags":[],"_links":{"self":[{"href":"http:\/\/www.emater.ro.gov.br\/ematerro\/wp-json\/wp\/v2\/posts\/11201"}],"collection":[{"href":"http:\/\/www.emater.ro.gov.br\/ematerro\/wp-json\/wp\/v2\/posts"}],"about":[{"href":"http:\/\/www.emater.ro.gov.br\/ematerro\/wp-json\/wp\/v2\/types\/post"}],"author":[{"embeddable":true,"href":"http:\/\/www.emater.ro.gov.br\/ematerro\/wp-json\/wp\/v2\/users\/9"}],"replies":[{"embeddable":true,"href":"http:\/\/www.emater.ro.gov.br\/ematerro\/wp-json\/wp\/v2\/comments?post=11201"}],"version-history":[{"count":1,"href":"http:\/\/www.emater.ro.gov.br\/ematerro\/wp-json\/wp\/v2\/posts\/11201\/revisions"}],"predecessor-version":[{"id":11204,"href":"http:\/\/www.emater.ro.gov.br\/ematerro\/wp-json\/wp\/v2\/posts\/11201\/revisions\/11204"}],"wp:featuredmedia":[{"embeddable":true,"href":"http:\/\/www.emater.ro.gov.br\/ematerro\/wp-json\/wp\/v2\/media\/11203"}],"wp:attachment":[{"href":"http:\/\/www.emater.ro.gov.br\/ematerro\/wp-json\/wp\/v2\/media?parent=11201"}],"wp:term":[{"taxonomy":"category","embeddable":true,"href":"http:\/\/www.emater.ro.gov.br\/ematerro\/wp-json\/wp\/v2\/categories?post=11201"},{"taxonomy":"post_tag","embeddable":true,"href":"http:\/\/www.emater.ro.gov.br\/ematerro\/wp-json\/wp\/v2\/tags?post=11201"}],"curies":[{"name":"wp","href":"https:\/\/api.w.org\/{rel}","templated":true}]}}